{"id":25164,"date":"2025-03-17T18:50:40","date_gmt":"2025-03-17T17:50:40","guid":{"rendered":"https:\/\/serveiseducatius.xtec.cat\/altemporda\/?p=25164"},"modified":"2025-03-27T12:19:49","modified_gmt":"2025-03-27T11:19:49","slug":"conferencia-investigant-els-secrets-de-les-plantes-del-cap-de-creus","status":"publish","type":"post","link":"https:\/\/serveiseducatius.xtec.cat\/altemporda\/general\/conferencia-investigant-els-secrets-de-les-plantes-del-cap-de-creus\/","title":{"rendered":"Confer\u00e8ncia: Investigant els secrets de les plantes del Cap de Creus"},"content":{"rendered":"<p>&nbsp;<\/p>\n<p>Dins el marc de la <em>Xarxa d&#8217;Instituts del Parc Natural del Cap de Creus<\/em>, avui 17 de mar\u00e7 de 2025 s&#8217;ha dut a terme una confer\u00e8ncia per l&#8217;alumnat de 4t d&#8217;ESO i 1r de BTX cient\u00edfic dels instituts de Roses, al teatre de Roses i al mateix institut de Llan\u00e7\u00e0 pels alumnes de Llan\u00e7\u00e0.<\/p>\n<p><img loading=\"lazy\" decoding=\"async\" class=\"wp-image-25166 aligncenter\" src=\"https:\/\/serveiseducatius.xtec.cat\/altemporda\/wp-content\/uploads\/usu1156\/2025\/03\/Conferencia-SEC-Sandra-Saura-1024x576.jpg\" alt=\"\" width=\"288\" height=\"162\" srcset=\"https:\/\/serveiseducatius.xtec.cat\/altemporda\/wp-content\/uploads\/usu1156\/2025\/03\/Conferencia-SEC-Sandra-Saura-1024x576.jpg 1024w, https:\/\/serveiseducatius.xtec.cat\/altemporda\/wp-content\/uploads\/usu1156\/2025\/03\/Conferencia-SEC-Sandra-Saura-300x169.jpg 300w, https:\/\/serveiseducatius.xtec.cat\/altemporda\/wp-content\/uploads\/usu1156\/2025\/03\/Conferencia-SEC-Sandra-Saura-768x432.jpg 768w, https:\/\/serveiseducatius.xtec.cat\/altemporda\/wp-content\/uploads\/usu1156\/2025\/03\/Conferencia-SEC-Sandra-Saura-1536x864.jpg 1536w, https:\/\/serveiseducatius.xtec.cat\/altemporda\/wp-content\/uploads\/usu1156\/2025\/03\/Conferencia-SEC-Sandra-Saura.jpg 1920w\" sizes=\"auto, (max-width: 288px) 100vw, 288px\" \/><\/p>\n<p>La confer\u00e8ncia titulada: <strong><em>Investigant les plantes secretes del Cap del Cap de Creus<\/em><\/strong> a c\u00e0rrec de Sandra Saura, investigadora del CREAF i professora titular de la UAB ha estat molt enriquidora i interessant.<\/p>\n<table style=\"border-collapse: collapse; width: 100%;\">\n<tbody>\n<tr>\n<td style=\"width: 49.7301%;\"><img loading=\"lazy\" decoding=\"async\" class=\"wp-image-25171 aligncenter\" src=\"https:\/\/serveiseducatius.xtec.cat\/altemporda\/wp-content\/uploads\/usu1156\/2025\/03\/IMG-20250317-WA0012-1024x769.jpg\" alt=\"\" width=\"281\" height=\"211\" srcset=\"https:\/\/serveiseducatius.xtec.cat\/altemporda\/wp-content\/uploads\/usu1156\/2025\/03\/IMG-20250317-WA0012-1024x769.jpg 1024w, https:\/\/serveiseducatius.xtec.cat\/altemporda\/wp-content\/uploads\/usu1156\/2025\/03\/IMG-20250317-WA0012-300x225.jpg 300w, https:\/\/serveiseducatius.xtec.cat\/altemporda\/wp-content\/uploads\/usu1156\/2025\/03\/IMG-20250317-WA0012-768x576.jpg 768w, https:\/\/serveiseducatius.xtec.cat\/altemporda\/wp-content\/uploads\/usu1156\/2025\/03\/IMG-20250317-WA0012-1536x1153.jpg 1536w, https:\/\/serveiseducatius.xtec.cat\/altemporda\/wp-content\/uploads\/usu1156\/2025\/03\/IMG-20250317-WA0012-200x150.jpg 200w, https:\/\/serveiseducatius.xtec.cat\/altemporda\/wp-content\/uploads\/usu1156\/2025\/03\/IMG-20250317-WA0012.jpg 1600w\" sizes=\"auto, (max-width: 281px) 100vw, 281px\" \/><\/td>\n<td style=\"width: 50.2699%;\"><img loading=\"lazy\" decoding=\"async\" class=\"wp-image-25167 aligncenter\" src=\"https:\/\/serveiseducatius.xtec.cat\/altemporda\/wp-content\/uploads\/usu1156\/2025\/03\/IMG-20250317-WA0005-1024x768.jpg\" alt=\"\" width=\"271\" height=\"203\" srcset=\"https:\/\/serveiseducatius.xtec.cat\/altemporda\/wp-content\/uploads\/usu1156\/2025\/03\/IMG-20250317-WA0005-1024x768.jpg 1024w, https:\/\/serveiseducatius.xtec.cat\/altemporda\/wp-content\/uploads\/usu1156\/2025\/03\/IMG-20250317-WA0005-300x225.jpg 300w, https:\/\/serveiseducatius.xtec.cat\/altemporda\/wp-content\/uploads\/usu1156\/2025\/03\/IMG-20250317-WA0005-768x576.jpg 768w, https:\/\/serveiseducatius.xtec.cat\/altemporda\/wp-content\/uploads\/usu1156\/2025\/03\/IMG-20250317-WA0005-1536x1152.jpg 1536w, https:\/\/serveiseducatius.xtec.cat\/altemporda\/wp-content\/uploads\/usu1156\/2025\/03\/IMG-20250317-WA0005-200x150.jpg 200w, https:\/\/serveiseducatius.xtec.cat\/altemporda\/wp-content\/uploads\/usu1156\/2025\/03\/IMG-20250317-WA0005.jpg 1600w\" sizes=\"auto, (max-width: 271px) 100vw, 271px\" \/><\/td>\n<\/tr>\n<\/tbody>\n<\/table>\n<p>Hi han partici<span style=\"font-family: inherit; font-size: 1em;\">pat 140 alumnes dels Instituts Illa de Rodes, Cap Norfeu i<\/span><span style=\"font-family: inherit; font-size: 1em;\">\u00a0Cent<\/span><span style=\"font-family: inherit; font-size: 1em;\">re Escolar Empord\u00e0 a Roses i 40 alumnes a l&#8217;Institut de Llan\u00e7\u00e0. Moltes gr\u00e0cies a tots per participar-hi.<\/span><\/p>\n<p>&nbsp;<\/p>\n<p>&nbsp;<\/p>\n<p>&nbsp;<\/p>\n","protected":false},"excerpt":{"rendered":"<p>Dins el marc de la Xarxa d&#8217;Instituts del Parc Natural del Cap de Creus, avui 17 de mar\u00e7 de 2025 s&#8217;ha dut a terme una confer\u00e8ncia per l&#8217;alumnat de 4t d&#8217;ESO i 1r de BTX cient\u00edfic dels instituts de Roses i Llan\u00e7\u00e0.<\/p>\n","protected":false},"author":3,"featured_media":25166,"comment_status":"closed","ping_status":"closed","sticky":false,"template":"","format":"standard","meta":{"_bbp_topic_count":0,"_bbp_reply_count":0,"_bbp_total_topic_count":0,"_bbp_total_reply_count":0,"_bbp_voice_count":0,"_bbp_anonymous_reply_count":0,"_bbp_topic_count_hidden":0,"_bbp_reply_count_hidden":0,"_bbp_forum_subforum_count":0,"site-sidebar-layout":"default","site-content-layout":"","ast-site-content-layout":"","site-content-style":"default","site-sidebar-style":"default","ast-global-header-display":"","ast-banner-title-visibility":"","ast-main-header-display":"","ast-hfb-above-header-display":"","ast-hfb-below-header-display":"","ast-hfb-mobile-header-display":"","site-post-title":"","ast-breadcrumbs-content":"","ast-featured-img":"","footer-sml-layout":"","theme-transparent-header-meta":"","adv-header-id-meta":"","stick-header-meta":"","header-above-stick-meta":"","header-main-stick-meta":"","header-below-stick-meta":"","astra-migrate-meta-layouts":"default","ast-page-background-enabled":"default","ast-page-background-meta":{"desktop":{"background-color":"var(--ast-global-color-4)","background-image":"","background-repeat":"repeat","background-position":"center center","background-size":"auto","background-attachment":"scroll","background-type":"","background-media":"","overlay-type":"","overlay-color":"","overlay-opacity":"","overlay-gradient":""},"tablet":{"background-color":"","background-image":"","background-repeat":"repeat","background-position":"center center","background-size":"auto","background-attachment":"scroll","background-type":"","background-media":"","overlay-type":"","overlay-color":"","overlay-opacity":"","overlay-gradient":""},"mobile":{"background-color":"","background-image":"","background-repeat":"repeat","background-position":"center center","background-size":"auto","background-attachment":"scroll","background-type":"","background-media":"","overlay-type":"","overlay-color":"","overlay-opacity":"","overlay-gradient":""}},"ast-content-background-meta":{"desktop":{"background-color":"var(--ast-global-color-5)","background-image":"","background-repeat":"repeat","background-position":"center center","background-size":"auto","background-attachment":"scroll","background-type":"","background-media":"","overlay-type":"","overlay-color":"","overlay-opacity":"","overlay-gradient":""},"tablet":{"background-color":"var(--ast-global-color-5)","background-image":"","background-repeat":"repeat","background-position":"center center","background-size":"auto","background-attachment":"scroll","background-type":"","background-media":"","overlay-type":"","overlay-color":"","overlay-opacity":"","overlay-gradient":""},"mobile":{"background-color":"var(--ast-global-color-5)","background-image":"","background-repeat":"repeat","background-position":"center center","background-size":"auto","background-attachment":"scroll","background-type":"","background-media":"","overlay-type":"","overlay-color":"","overlay-opacity":"","overlay-gradient":""}},"footnotes":""},"categories":[1,361,29],"tags":[250,86,179,420,363],"class_list":["post-25164","post","type-post","status-publish","format-standard","has-post-thumbnail","hentry","category-general","category-xarxa-escoles-cap-de-creus","category-portada","tag-ciencia","tag-ciencies","tag-educacio-secundaria","tag-sostenibilitat","tag-xepncc"],"post_mailing_queue_ids":[],"_links":{"self":[{"href":"https:\/\/serveiseducatius.xtec.cat\/altemporda\/wp-json\/wp\/v2\/posts\/25164","targetHints":{"allow":["GET"]}}],"collection":[{"href":"https:\/\/serveiseducatius.xtec.cat\/altemporda\/wp-json\/wp\/v2\/posts"}],"about":[{"href":"https:\/\/serveiseducatius.xtec.cat\/altemporda\/wp-json\/wp\/v2\/types\/post"}],"author":[{"embeddable":true,"href":"https:\/\/serveiseducatius.xtec.cat\/altemporda\/wp-json\/wp\/v2\/users\/3"}],"replies":[{"embeddable":true,"href":"https:\/\/serveiseducatius.xtec.cat\/altemporda\/wp-json\/wp\/v2\/comments?post=25164"}],"version-history":[{"count":4,"href":"https:\/\/serveiseducatius.xtec.cat\/altemporda\/wp-json\/wp\/v2\/posts\/25164\/revisions"}],"predecessor-version":[{"id":25173,"href":"https:\/\/serveiseducatius.xtec.cat\/altemporda\/wp-json\/wp\/v2\/posts\/25164\/revisions\/25173"}],"wp:featuredmedia":[{"embeddable":true,"href":"https:\/\/serveiseducatius.xtec.cat\/altemporda\/wp-json\/wp\/v2\/media\/25166"}],"wp:attachment":[{"href":"https:\/\/serveiseducatius.xtec.cat\/altemporda\/wp-json\/wp\/v2\/media?parent=25164"}],"wp:term":[{"taxonomy":"category","embeddable":true,"href":"https:\/\/serveiseducatius.xtec.cat\/altemporda\/wp-json\/wp\/v2\/categories?post=25164"},{"taxonomy":"post_tag","embeddable":true,"href":"https:\/\/serveiseducatius.xtec.cat\/altemporda\/wp-json\/wp\/v2\/tags?post=25164"}],"curies":[{"name":"wp","href":"https:\/\/api.w.org\/{rel}","templated":true}]}}