{"id":25115,"date":"2025-03-05T17:22:48","date_gmt":"2025-03-05T16:22:48","guid":{"rendered":"https:\/\/serveiseducatius.xtec.cat\/altemporda\/?p=25115"},"modified":"2025-03-05T17:25:15","modified_gmt":"2025-03-05T16:25:15","slug":"naturcap-eduquem-i-protegim-el-cap-de-creus-amb-els-nostres-alumnes","status":"publish","type":"post","link":"https:\/\/serveiseducatius.xtec.cat\/altemporda\/xarxa-escoles-cap-de-creus\/naturcap-eduquem-i-protegim-el-cap-de-creus-amb-els-nostres-alumnes\/","title":{"rendered":"NaturCap: Eduquem i Protegim el Cap de Creus amb els nostres alumnes!"},"content":{"rendered":"<p><a id=\"m_-3480239952916992881OWAb26867ef-5f79-0ad5-ec29-47c65a2cfd15\" title=\"https:\/\/secure-web.cisco.com\/1jtqHienK6G5uGYl9MKy14icPWJkgAZ1mX_jDxTMLZpItqyrXke10VwwpSKc0-4xUkuqlBK65Zm_JionSSZRXgTDnGO1Tfg58m5NyVmUmEuxgexW6INXXfp9PGnGUJXHWVN5BK25RQ9tG_XDT9sJmxphWaETwa5BGqlQvs4X39irEfZLmlA0uaaos8hIldTOldPKjr3F5T83dWjSIecA32cxknvlTdx8PlDIZHchTchf3u-BdOgpy9q5hDWkuEUClq4axdavsSpp8ISwCxFXjgrTA21LUyZuvtdD-UyxgSybyOQvrumA8yqPWPHYeGwP2pFUUeS3HrsAOe9T8WMMkDhYhmJ-HvkDV9djxXt466RJs0DkLgAc5_agY2p8ertMGAbQURaJa5Swu8RT4pttPT5e3e901bBGg3GN_lW2M80A6s7AM95yLNWoe8Fuz9zlDFohzti_zjv1Re35z4rcUL_P7RGfUe36oJ02WwzJp77ymb4HACJnXKPSDlHEBOvIr\/https%3A%2F%2Fwww.naturcap-empowerus.eu%2Fconeix-nos-jugant\" href=\"https:\/\/secure-web.cisco.com\/1jtqHienK6G5uGYl9MKy14icPWJkgAZ1mX_jDxTMLZpItqyrXke10VwwpSKc0-4xUkuqlBK65Zm_JionSSZRXgTDnGO1Tfg58m5NyVmUmEuxgexW6INXXfp9PGnGUJXHWVN5BK25RQ9tG_XDT9sJmxphWaETwa5BGqlQvs4X39irEfZLmlA0uaaos8hIldTOldPKjr3F5T83dWjSIecA32cxknvlTdx8PlDIZHchTchf3u-BdOgpy9q5hDWkuEUClq4axdavsSpp8ISwCxFXjgrTA21LUyZuvtdD-UyxgSybyOQvrumA8yqPWPHYeGwP2pFUUeS3HrsAOe9T8WMMkDhYhmJ-HvkDV9djxXt466RJs0DkLgAc5_agY2p8ertMGAbQURaJa5Swu8RT4pttPT5e3e901bBGg3GN_lW2M80A6s7AM95yLNWoe8Fuz9zlDFohzti_zjv1Re35z4rcUL_P7RGfUe36oJ02WwzJp77ymb4HACJnXKPSDlHEBOvIr\/https%3A%2F%2Fwww.naturcap-empowerus.eu%2Fconeix-nos-jugant\" target=\"_blank\" rel=\"noopener noreferrer\" data-saferedirecturl=\"https:\/\/www.google.com\/url?q=https:\/\/secure-web.cisco.com\/1jtqHienK6G5uGYl9MKy14icPWJkgAZ1mX_jDxTMLZpItqyrXke10VwwpSKc0-4xUkuqlBK65Zm_JionSSZRXgTDnGO1Tfg58m5NyVmUmEuxgexW6INXXfp9PGnGUJXHWVN5BK25RQ9tG_XDT9sJmxphWaETwa5BGqlQvs4X39irEfZLmlA0uaaos8hIldTOldPKjr3F5T83dWjSIecA32cxknvlTdx8PlDIZHchTchf3u-BdOgpy9q5hDWkuEUClq4axdavsSpp8ISwCxFXjgrTA21LUyZuvtdD-UyxgSybyOQvrumA8yqPWPHYeGwP2pFUUeS3HrsAOe9T8WMMkDhYhmJ-HvkDV9djxXt466RJs0DkLgAc5_agY2p8ertMGAbQURaJa5Swu8RT4pttPT5e3e901bBGg3GN_lW2M80A6s7AM95yLNWoe8Fuz9zlDFohzti_zjv1Re35z4rcUL_P7RGfUe36oJ02WwzJp77ymb4HACJnXKPSDlHEBOvIr\/https%253A%252F%252Fwww.naturcap-empowerus.eu%252Fconeix-nos-jugant&amp;source=gmail&amp;ust=1741277801314000&amp;usg=AOvVaw1UMmbtk7_BsA6BwcwdWzmG\"><img loading=\"lazy\" decoding=\"async\" class=\"alignleft\" src=\"https:\/\/mail.google.com\/mail\/u\/0?ui=2&amp;ik=0884388219&amp;attid=0.1&amp;permmsgid=msg-f:1825201730894236751&amp;th=19546b4dcd610c4f&amp;view=fimg&amp;fur=ip&amp;permmsgid=msg-f:1825201730894236751&amp;sz=s0-l75-ft&amp;attbid=ANGjdJ8rQWqFI1T7slU276I5EEeQytlgeBcAg9n-Q5CmuKHURuvVhpTLQHX2b2ewmskXy17qG6i69z-7OUtyzjtT0i_8JtzX7E9k3TfUnMuj5mnoz1YGVNZ2Ais1pzk&amp;disp=emb&amp;zw\" width=\"471\" height=\"461\" \/>Coneix-nos jugant<\/a>\u00a0de\u00a0<a id=\"m_-3480239952916992881OWAbddda715-858a-d802-23aa-ef629276bd5f\" title=\"https:\/\/www.naturcap-empowerus.eu\/\" href=\"https:\/\/www.naturcap-empowerus.eu\/\" target=\"_blank\" rel=\"noopener noreferrer\" data-saferedirecturl=\"https:\/\/www.google.com\/url?q=https:\/\/www.naturcap-empowerus.eu\/&amp;source=gmail&amp;ust=1741277801314000&amp;usg=AOvVaw2as4JoeYo8aA9h2qtIZHhk\"><span class=\"il\">NaturCap<\/span><\/a>, un JOC INTERACTIU que us permet treballar l\u2019educaci\u00f3 ambiental amb els vostres alumnes per fomentar la consci\u00e8ncia i el respecte cap a la riquesa natural i cultural del Cap de Creus. Enlla\u00e7 al <a href=\"https:\/\/www.naturcap-empowerus.eu\/coneix-nos-jugant\">joc<\/a>.<\/p>\n","protected":false},"excerpt":{"rendered":"<p>JOC INTERACTIU per treballar l\u2019educaci\u00f3 ambiental i fomentar la consci\u00e8ncia i el respecte cap a la riquesa natural i cultural del Cap de Creus. <\/p>\n","protected":false},"author":71,"featured_media":25116,"comment_status":"closed","ping_status":"closed","sticky":false,"template":"","format":"standard","meta":{"_bbp_topic_count":0,"_bbp_reply_count":0,"_bbp_total_topic_count":0,"_bbp_total_reply_count":0,"_bbp_voice_count":0,"_bbp_anonymous_reply_count":0,"_bbp_topic_count_hidden":0,"_bbp_reply_count_hidden":0,"_bbp_forum_subforum_count":0,"site-sidebar-layout":"default","site-content-layout":"","ast-site-content-layout":"","site-content-style":"default","site-sidebar-style":"default","ast-global-header-display":"","ast-banner-title-visibility":"","ast-main-header-display":"","ast-hfb-above-header-display":"","ast-hfb-below-header-display":"","ast-hfb-mobile-header-display":"","site-post-title":"","ast-breadcrumbs-content":"","ast-featured-img":"","footer-sml-layout":"","theme-transparent-header-meta":"","adv-header-id-meta":"","stick-header-meta":"","header-above-stick-meta":"","header-main-stick-meta":"","header-below-stick-meta":"","astra-migrate-meta-layouts":"default","ast-page-background-enabled":"default","ast-page-background-meta":{"desktop":{"background-color":"var(--ast-global-color-4)","background-image":"","background-repeat":"repeat","background-position":"center center","background-size":"auto","background-attachment":"scroll","background-type":"","background-media":"","overlay-type":"","overlay-color":"","overlay-opacity":"","overlay-gradient":""},"tablet":{"background-color":"","background-image":"","background-repeat":"repeat","background-position":"center center","background-size":"auto","background-attachment":"scroll","background-type":"","background-media":"","overlay-type":"","overlay-color":"","overlay-opacity":"","overlay-gradient":""},"mobile":{"background-color":"","background-image":"","background-repeat":"repeat","background-position":"center center","background-size":"auto","background-attachment":"scroll","background-type":"","background-media":"","overlay-type":"","overlay-color":"","overlay-opacity":"","overlay-gradient":""}},"ast-content-background-meta":{"desktop":{"background-color":"var(--ast-global-color-5)","background-image":"","background-repeat":"repeat","background-position":"center center","background-size":"auto","background-attachment":"scroll","background-type":"","background-media":"","overlay-type":"","overlay-color":"","overlay-opacity":"","overlay-gradient":""},"tablet":{"background-color":"var(--ast-global-color-5)","background-image":"","background-repeat":"repeat","background-position":"center center","background-size":"auto","background-attachment":"scroll","background-type":"","background-media":"","overlay-type":"","overlay-color":"","overlay-opacity":"","overlay-gradient":""},"mobile":{"background-color":"var(--ast-global-color-5)","background-image":"","background-repeat":"repeat","background-position":"center center","background-size":"auto","background-attachment":"scroll","background-type":"","background-media":"","overlay-type":"","overlay-color":"","overlay-opacity":"","overlay-gradient":""}},"footnotes":""},"categories":[361],"tags":[],"class_list":["post-25115","post","type-post","status-publish","format-standard","has-post-thumbnail","hentry","category-xarxa-escoles-cap-de-creus"],"post_mailing_queue_ids":[],"_links":{"self":[{"href":"https:\/\/serveiseducatius.xtec.cat\/altemporda\/wp-json\/wp\/v2\/posts\/25115","targetHints":{"allow":["GET"]}}],"collection":[{"href":"https:\/\/serveiseducatius.xtec.cat\/altemporda\/wp-json\/wp\/v2\/posts"}],"about":[{"href":"https:\/\/serveiseducatius.xtec.cat\/altemporda\/wp-json\/wp\/v2\/types\/post"}],"author":[{"embeddable":true,"href":"https:\/\/serveiseducatius.xtec.cat\/altemporda\/wp-json\/wp\/v2\/users\/71"}],"replies":[{"embeddable":true,"href":"https:\/\/serveiseducatius.xtec.cat\/altemporda\/wp-json\/wp\/v2\/comments?post=25115"}],"version-history":[{"count":2,"href":"https:\/\/serveiseducatius.xtec.cat\/altemporda\/wp-json\/wp\/v2\/posts\/25115\/revisions"}],"predecessor-version":[{"id":25118,"href":"https:\/\/serveiseducatius.xtec.cat\/altemporda\/wp-json\/wp\/v2\/posts\/25115\/revisions\/25118"}],"wp:featuredmedia":[{"embeddable":true,"href":"https:\/\/serveiseducatius.xtec.cat\/altemporda\/wp-json\/wp\/v2\/media\/25116"}],"wp:attachment":[{"href":"https:\/\/serveiseducatius.xtec.cat\/altemporda\/wp-json\/wp\/v2\/media?parent=25115"}],"wp:term":[{"taxonomy":"category","embeddable":true,"href":"https:\/\/serveiseducatius.xtec.cat\/altemporda\/wp-json\/wp\/v2\/categories?post=25115"},{"taxonomy":"post_tag","embeddable":true,"href":"https:\/\/serveiseducatius.xtec.cat\/altemporda\/wp-json\/wp\/v2\/tags?post=25115"}],"curies":[{"name":"wp","href":"https:\/\/api.w.org\/{rel}","templated":true}]}}