{"id":24829,"date":"2025-02-05T17:19:01","date_gmt":"2025-02-05T16:19:01","guid":{"rendered":"https:\/\/serveiseducatius.xtec.cat\/altemporda\/?p=24829"},"modified":"2025-02-05T17:19:01","modified_gmt":"2025-02-05T16:19:01","slug":"l11-de-febrer-celebrem-el-dia-mundial-de-la-dona-i-la-nena-en-la-ciencia","status":"publish","type":"post","link":"https:\/\/serveiseducatius.xtec.cat\/altemporda\/portada\/l11-de-febrer-celebrem-el-dia-mundial-de-la-dona-i-la-nena-en-la-ciencia\/","title":{"rendered":"L&#8217;11 de febrer celebrem el Dia Mundial de la Dona i la Nena en la Ci\u00e8ncia"},"content":{"rendered":"<p style=\"font-weight: 400;\">El pr\u00f2xim dia 11<strong>\u00a0de febrer<\/strong>\u00a0es commemora el\u00a0<strong>Dia Internacional de la Dona i la Nena en la Ci\u00e8ncia<\/strong>.\u00a0 Amb la voluntat d\u2019animar-vos a dur a terme alguna activitat especial en el vostre centre per promoure vocacions cient\u00edfiques i tecnol\u00f2giques entre el\u00a0vostre alumnat, us hem preparat un recull de propostes que esperem que siguin del vostre inter\u00e8s.<\/p>\n<ul>\n<li><a style=\"font-family: inherit; font-size: 1em;\" href=\"http:\/\/institucional.us.es\/cientificas\/comic\" target=\"_blank\" rel=\"noreferrer noopener\">C\u00f2mic Cient\u00edfiques: passat, present i futur:\u00a0<\/a><span style=\"font-family: inherit; font-size: 1em;\">\u00e9s l\u2019Adaptaci\u00f3 de l\u2019obra de teatre Cient\u00edfiques: passat, present i futur. Amb la col\u00b7laboraci\u00f3 de la Unitat d\u2019Igualtat de la Universitat de Sevilla. Com a complement a la lectura del c\u00f2mic tamb\u00e9 una hi ha una Guia did\u00e0ctica amb activitats per fer a l\u2019aula.<\/span><\/li>\n<li><a href=\"https:\/\/11defebrero.files.wordpress.com\/2018\/11\/la-tabla-periocc81dica-de-las-cienticc81ficas-enlaces.pdf\" target=\"_blank\" rel=\"noreferrer noopener\">La taula peri\u00f2dica de les cient\u00edfiques<\/a>. L\u2019enginyera qu\u00edmica Teresa Vald\u00e9s-Sol\u00eds ha publicat a la plataforma Naukas l\u2019article una taula peri\u00f2dica interactiva composta nom\u00e9s per cient\u00edfiques. Cada s\u00edmbol va enlla\u00e7ant a una biografia de la cient\u00edfica esmentada.<\/li>\n<li><a href=\"https:\/\/100tifiques.cat\/\" target=\"_blank\" rel=\"noreferrer noopener\">100tifiques.cat.<\/a>Es tracta del projecte 100tifiques.cat de la Fundaci\u00f3 Catalana per a la Recerca i la Innovaci\u00f3 <strong>(FCRI)<\/strong><\/li>\n<li><a href=\"https:\/\/www.unesco.org\/es\/days\/women-girls-science\">UNESCO. D\u00eda Internacional de la Mujer y la Ni\u00f1a en la Ciencia<\/a>. En aquesta p\u00e0gina web hi trobareu dades i xifres, publicacions,\u2026<\/li>\n<li><a href=\"https:\/\/outreach.icfo.eu\/ca\/events\/5minutes-11f25\/\" data-saferedirecturl=\"https:\/\/www.google.com\/url?q=https:\/\/outreach.icfo.eu\/ca\/events\/5minutes-11f25\/&amp;source=gmail&amp;ust=1738148649336000&amp;usg=AOvVaw1H_0XHC65bHDls-msqtH2Z\"><strong>Fot\u00f2nica en 5 minuts!<\/strong><\/a> <span style=\"font-family: inherit; font-size: 1em;\">Descobreix el m\u00f3n de la fot\u00f2nica a trav\u00e9s de 4 especialistes de l\u2019ICFO, que explicaran per qu\u00e8 la fot\u00f2nica \u00e9s important per a la seva investigaci\u00f3 i la societat.<\/span><img loading=\"lazy\" decoding=\"async\" class=\"alignleft\" src=\"https:\/\/serveiseducatius.xtec.cat\/selva1\/wp-content\/uploads\/usu773\/2025\/01\/fotonica-300x230.png\" width=\"143\" height=\"109\" \/><span style=\"font-family: inherit; font-size: 1em;\"> Cada ponent tindr\u00e0 5 minuts per donar la seva xerrada de forma entretinguda i entenedora. Podr\u00e0s tamb\u00e9 enviar-li les teves preguntes sobre ci\u00e8ncia i les seves carreres en directe.<\/span>\n<p>Aquest esdeveniment \u00e9s dirigit a l\u2019<strong>alumnat del segon cicle de l\u2019ESO, de batxillerat i cicles formatius<\/strong>. Fot\u00f2nica en 5 minuts!, tindr\u00e0 lloc el dia <strong>11 de febrer de 2025<\/strong>\u00a0al mat\u00ed de\u00a0<strong>10:30 a 11:30 CET de forma virtual<\/strong>. Apunta\u2019t al seg\u00fcent <a href=\"https:\/\/forms.office.com\/e\/yUjQXPiyBz\" data-saferedirecturl=\"https:\/\/www.google.com\/url?q=https:\/\/forms.office.com\/e\/yUjQXPiyBz&amp;source=gmail&amp;ust=1738148649336000&amp;usg=AOvVaw0fitqL6uHB5Mz3hpS-zjiU\">formulari<\/a>. Pots trobar m\u00e9s informacions a la\u00a0<a href=\"https:\/\/outreach.icfo.eu\/ca\/events\/5minutes-11f25\/\" data-saferedirecturl=\"https:\/\/www.google.com\/url?q=https:\/\/outreach.icfo.eu\/ca\/events\/5minutes-11f25\/&amp;source=gmail&amp;ust=1738148649336000&amp;usg=AOvVaw1H_0XHC65bHDls-msqtH2Z\">p\u00e1gina web<\/a>.<\/li>\n<li><strong><a href=\"https:\/\/mujeresconciencia.com\/\">Mujeres con ciencia<\/a>.<\/strong> Aquesta <strong>p\u00e0gina web consta de diverses seccions<\/strong> amb continguts com \u2018Ciencia y m\u00e1s\u2019 \u2013 hist\u00f2ries relacionades amb la ci\u00e8ncia com aportacions de dones sense formaci\u00f3 o col\u00b7laboracions en aven\u00e7os cient\u00edfics-, \u2018Ef\u00e9merides\u2019 amb dates de naiexement de cient\u00edques de qualsevol \u00e8poca, o <strong>seccions de certs dies amb cites<\/strong> i <strong>reflexions<\/strong>, <strong>recomanacions de llibres<\/strong>, <strong>entrevistes<\/strong> o <strong>jocs<\/strong>.<\/li>\n<li><strong><a href=\"http:\/\/punttic.gencat.cat\/blog\/repositori-de-recursos-de-dones-i-tic\/exposicio-dones-de-ciencia-de-linstitut-catala-de\" target=\"_blank\" rel=\"noopener\">Exposici\u00f3 \u2018Dones de ci\u00e8ncia\u2019<\/a><\/strong>\u2013 Institut Catal\u00e0 de les Dones. L\u2019Institut Catal\u00e0 de les Dones ret homenatge a les dones que van haver de lluitar no nom\u00e9s per elles, sin\u00f3 tamb\u00e9 per obrir el cam\u00ed de la integraci\u00f3 al m\u00f3n cient\u00edfic a altres dones. Ho fa amb l\u2019exposici\u00f3 \u2018Dones de ci\u00e8ncia\u2019.<\/li>\n<li>Article web \u201c<strong><a href=\"https:\/\/metode.cat\/revistes-metode\/monografics\/dones-ciencia.html\">Dones i ci\u00e8ncia. Genealogia d\u2019una exclusi\u00f3<\/a>\u201d<\/strong> L\u2019article\u00a0vol aportar una reflexi\u00f3 personal des del punt de vista de la hist\u00f2ria cultural sobre els contextos i els condicionants que han provocat l\u2019exclusi\u00f3 de les dones de l\u2019\u00e0mbit de la ci\u00e8ncia.<\/li>\n<li>Article web \u201c<a href=\"https:\/\/revistaidees.cat\/genere-i-tic-avancem-en-la-ciberfeministitzacio\/\">G\u00e8nere i TIC: avancem en la CiberFeministitzaci\u00f3?<\/a>\u201d<\/li>\n<li>Des de la UdG s&#8217;organitza una <strong>Jornada d&#8217;Orientaci\u00f3 Laboral<\/strong>: <a href=\"https:\/\/www.girona.cat\/agenda\/cat\/agenda_fitxa.php?id=44890&amp;ta=age&amp;jsback=1\">Impulsem Vocacions Cient\u00edfiques<\/a> adre\u00e7ada a l&#8217;alumant de Secund\u00e0ria i Batxillerat <strong>entre altres<\/strong>. Trobareu m\u00e9s informaci\u00f3 en aquest <a href=\"https:\/\/www.udg.edu\/es\/udg\/detall-activitats\/eventid\/50531\">l&#8217;enlla\u00e7.<\/a><\/li>\n<li>Des de la UB es commemora aquest dia organitzant <strong>activitats pedag\u00f2giques<\/strong> tant per les <a href=\"https:\/\/web.ub.edu\/web\/laubdivulga\/petites-mirades\">escoles de prim\u00e0ria<\/a> com pels <a href=\"https:\/\/cientifiques.cat\/cientifiques_2025\/\">instituts de secund\u00e0ria.<\/a> Trobareu m\u00e9s informaci\u00f3 en aquest <a href=\"https:\/\/www.ub.edu\/activitats\/dia-dona-nena-ciencia\">enlla\u00e7.<\/a><\/li>\n<li><a href=\"https:\/\/natibergada.cat\/recursos-dones-nenes-ciencia\/\">Nati Bergad\u00e0<\/a>: 45 recursos per treballar el paper de les dones i les nenes en la ci\u00e8ncia.<img loading=\"lazy\" decoding=\"async\" class=\"\" src=\"https:\/\/natibergada.cat\/wp-content\/uploads\/2023\/02\/45-recursos-per-treballar-el-paper-de-les-dones-i-les-nenes-en-la-ciencia2.jpg\" width=\"135\" height=\"96\" \/><\/li>\n<li>Des del CSIC<strong style=\"font-family: inherit; font-size: 1em;\">\u00a0<a href=\"https:\/\/eventociencia.es\/calendario-cientifico-escolar\/\" target=\"_blank\" rel=\"noopener\">calendari cient\u00edfic escolar<\/a>. La sisena edici\u00f3 d\u00b4aquesta iniciativa s\u00b4acompanya d&#8217;una <strong>guia amb activitats<\/strong>, com el<strong>\u00a0joc de l\u00b4oca<\/strong>, que s\u00b4adapten als nivells de prim\u00e0ria i secund\u00e0ria. <span style=\"font-family: inherit; font-size: 1em; font-weight: normal;\">Podeu descarregar tot el material en aquest\u00a0<\/span><a style=\"font-family: inherit; font-size: 1em; font-weight: normal;\" href=\"https:\/\/eventociencia.es\/calendario-cientifico-escolar\/\" target=\"_blank\" rel=\"noopener\"><strong>enlla\u00e7<\/strong>.<\/a><br \/>\n<\/strong><img loading=\"lazy\" decoding=\"async\" class=\"\" src=\"https:\/\/serveiseducatius.xtec.cat\/altcamp\/wp-content\/uploads\/usu1130\/2025\/01\/Calendari-2025.jpg\" width=\"125\" height=\"116\" \/><\/li>\n<li><strong>Kahoot:\u00a0<\/strong><a href=\"https:\/\/create.kahoot.it\/share\/cientifiques\/8270b48d-7270-4fb4-8fd2-c7433a172dee\">Dones Cient\u00edfiques i <\/a><strong>Kahoot<\/strong>:\u00a0<a href=\"https:\/\/create.kahoot.it\/share\/la-cosa-va-d-invents\/540572b2-c2ee-4cbb-94b9-e0f0b7632a2b\">Inventores<\/a><\/li>\n<li><a href=\"https:\/\/www.babelbox.es\/babelbox-cientificas-e-inventoras\/\" target=\"_blank\" rel=\"noopener\">Joc- puzle BabelBox \u2018Cient\u00edficas e inventoras\u2019<\/a><\/li>\n<li><a href=\"http:\/\/punttic.gencat.cat\/blog\/repositori-de-recursos-de-dones-i-tic\/possibles-activitats-amb-el-recurs-de-lexposicio\" target=\"_blank\" rel=\"noopener\">Possibles activitats amb el recurs de l\u2019exposici\u00f3 \u2018Dones i ci\u00e8ncia\u2019<\/a>:<strong> activitats<\/strong><strong>\u00a0i din\u00e0miques<\/strong> que ens permeten treballar aquesta tem\u00e0tica adaptant-la a l\u2019edat i les necessitats de cada el grup classe.<\/li>\n<li><strong><a href=\"https:\/\/11defebrero.org\/2019\/09\/06\/cientificas-para-colorear\/\">Dibuixos<\/a>\u00a0<\/strong>per descarregar i per <strong>pintar diferents dones cient\u00edfiques<\/strong>.<\/li>\n<li><a href=\"https:\/\/luanagames.itch.io\/women-in-science-cards\">Women in Science \u2013 Print &amp; Play Card Game Cartes<\/a>\u00a0Joc de cartes en angl\u00e8s sobre cient\u00edfiques. Cont\u00e9 instruccions i les cartes s\u2019han de descarregar i imprimir.<\/li>\n<li style=\"font-weight: 400;\"><strong style=\"font-weight: 400;\">Des del Consell Comarcal de l&#8217;Alt Empord\u00e0:<a href=\"https:\/\/ci3.googleusercontent.com\/mail-img-att\/AGAZnRpHUKWF9rWJ8toiZLCU7j6sT7AEdbVcrbQ62B7zz4SOjsPOa8ApkKyBJtd53j-l7w4py_Di5745BFfPuXLtzn9XQLZEqwXQGU7y0-LgoXF62sq9lAlAIrkp5B6Amq0W6oXAylIMYTBwVXB48O4oQOr-6mW618Q_udWg7Y-CWPK14WwU7c1f2JYRP6vu7XUxRH6dvcPd6fwoP6SAh0x_tHUu9a357KLouphgsJ1IRLmxFnZLQ-j8nSDyPx3yX3LqYHZ_PVm2SldG3vvq1cF-EYn8RAC80cHd5BRaHpt6vZWae4jV5PbN5J06fUJfZjJM3BAH3TLmXYqZ11nQEGeJo7KPnvjeHi_AUMvsa5AIxTgTWvLa4XATcnrLxOK_vJid2h_5bxPBXiAKCq1u6MzdYu-5Aplmyhjus_dWPg7lzgILewbLcimqSDNVd8NjzN20ZofWZwfmgAOibragqYMGD5AEDnXQkrdG_6821eCw4_wyWasxEQVLw8SL9Ts4tTlF1K2UHVQkn57Jkpe83POb0TuUsxIQYyCSjaHtfYLJq9GvXvdxZVZX87kmgS8L8AsGTIKyZfiZCVAqTLoLFQOOpcASV-XLhg5IlprNBkKnwipVPyAuJayLk4gabs03k8vg_j8KmAFScXeOZ4HkhJ_-yz0IjjIZIsWZS9cpMEJAF4Djmj1R4u83zEy-dzCF1CJ-OlsU-1vSDJDGETqr4cY0K3-AJcE0am_LiI1fMvou2EgI8cVhoLq0mfMWLaQtvGtIBAAfTPXXw_7yRWXg0Z-ToWpHWZoKpgxp0ejDSUTZN5jgWgKbfLi1CmRZifb88ZbuqdLR0RpavzjBTAktOR2yb6D2Gz1jVpv9fR-souCKjb0VbAsZNIWkflOeaGL-NxeB9wJTdoBwrqYC_L8APTDfUAMSwdgo9-6YecN6J0bOl-V3tGtSbaNwmPeV2W30wXyg2D7JUloqQ7z7_TRbmoDpUM1VIFxRC_enxKOHRWCBrhQTb1vTdIDn4v4y_LrGKLlhzmb1oF8wmKDBULE3kl3UIgrHIqM7qvI=s0-l75-ft\"> Infografia<\/a><\/strong> amb recursos per commemorar aquesta data. La infografia inclou enlla\u00e7os a recursos concrets o a webs on trobareu m\u00e9s propostes.<img loading=\"lazy\" decoding=\"async\" class=\"alignleft\" src=\"https:\/\/mail.google.com\/mail\/u\/0?ui=2&amp;ik=299f467a24&amp;attid=0.0.2&amp;permmsgid=msg-f:1821315773366502092&amp;th=19469d0bcf5382cc&amp;view=fimg&amp;fur=ip&amp;permmsgid=msg-f:1821315773366502092&amp;sz=s0-l75-ft&amp;attbid=ANGjdJ8Kgnnlf19M7s92JGu1CLtS_epkVxSXTtMMycXiPW0_sM2JIk2oh3rzOqXqLzqPWAqV3ucca10Rrc1phOTiElfMBgoM2qacVkVwUrrZ5JhlVIZCzzH3I1SLHa4&amp;disp=emb&amp;zw\" width=\"221\" height=\"156\" \/><\/li>\n<\/ul>\n","protected":false},"excerpt":{"rendered":"<p>L&#8217;11 de febrer\u00a0es commemora el\u00a0Dia Internacional de la Dona i la Nena en la Ci\u00e8ncia.\u00a0Us proposem recursos i activitats per treballar a l&#8217;aula.<\/p>\n","protected":false},"author":96,"featured_media":24831,"comment_status":"closed","ping_status":"closed","sticky":false,"template":"","format":"standard","meta":{"_bbp_topic_count":0,"_bbp_reply_count":0,"_bbp_total_topic_count":0,"_bbp_total_reply_count":0,"_bbp_voice_count":0,"_bbp_anonymous_reply_count":0,"_bbp_topic_count_hidden":0,"_bbp_reply_count_hidden":0,"_bbp_forum_subforum_count":0,"site-sidebar-layout":"default","site-content-layout":"","ast-site-content-layout":"","site-content-style":"default","site-sidebar-style":"default","ast-global-header-display":"","ast-banner-title-visibility":"","ast-main-header-display":"","ast-hfb-above-header-display":"","ast-hfb-below-header-display":"","ast-hfb-mobile-header-display":"","site-post-title":"","ast-breadcrumbs-content":"","ast-featured-img":"","footer-sml-layout":"","theme-transparent-header-meta":"","adv-header-id-meta":"","stick-header-meta":"","header-above-stick-meta":"","header-main-stick-meta":"","header-below-stick-meta":"","astra-migrate-meta-layouts":"default","ast-page-background-enabled":"default","ast-page-background-meta":{"desktop":{"background-color":"var(--ast-global-color-4)","background-image":"","background-repeat":"repeat","background-position":"center center","background-size":"auto","background-attachment":"scroll","background-type":"","background-media":"","overlay-type":"","overlay-color":"","overlay-opacity":"","overlay-gradient":""},"tablet":{"background-color":"","background-image":"","background-repeat":"repeat","background-position":"center center","background-size":"auto","background-attachment":"scroll","background-type":"","background-media":"","overlay-type":"","overlay-color":"","overlay-opacity":"","overlay-gradient":""},"mobile":{"background-color":"","background-image":"","background-repeat":"repeat","background-position":"center center","background-size":"auto","background-attachment":"scroll","background-type":"","background-media":"","overlay-type":"","overlay-color":"","overlay-opacity":"","overlay-gradient":""}},"ast-content-background-meta":{"desktop":{"background-color":"var(--ast-global-color-5)","background-image":"","background-repeat":"repeat","background-position":"center center","background-size":"auto","background-attachment":"scroll","background-type":"","background-media":"","overlay-type":"","overlay-color":"","overlay-opacity":"","overlay-gradient":""},"tablet":{"background-color":"var(--ast-global-color-5)","background-image":"","background-repeat":"repeat","background-position":"center center","background-size":"auto","background-attachment":"scroll","background-type":"","background-media":"","overlay-type":"","overlay-color":"","overlay-opacity":"","overlay-gradient":""},"mobile":{"background-color":"var(--ast-global-color-5)","background-image":"","background-repeat":"repeat","background-position":"center center","background-size":"auto","background-attachment":"scroll","background-type":"","background-media":"","overlay-type":"","overlay-color":"","overlay-opacity":"","overlay-gradient":""}},"footnotes":""},"categories":[418,29],"tags":[250,86,172,179],"class_list":["post-24829","post","type-post","status-publish","format-standard","has-post-thumbnail","hentry","category-ciencia-compromesa","category-portada","tag-ciencia","tag-ciencies","tag-educacio-primaria","tag-educacio-secundaria"],"post_mailing_queue_ids":[],"_links":{"self":[{"href":"https:\/\/serveiseducatius.xtec.cat\/altemporda\/wp-json\/wp\/v2\/posts\/24829","targetHints":{"allow":["GET"]}}],"collection":[{"href":"https:\/\/serveiseducatius.xtec.cat\/altemporda\/wp-json\/wp\/v2\/posts"}],"about":[{"href":"https:\/\/serveiseducatius.xtec.cat\/altemporda\/wp-json\/wp\/v2\/types\/post"}],"author":[{"embeddable":true,"href":"https:\/\/serveiseducatius.xtec.cat\/altemporda\/wp-json\/wp\/v2\/users\/96"}],"replies":[{"embeddable":true,"href":"https:\/\/serveiseducatius.xtec.cat\/altemporda\/wp-json\/wp\/v2\/comments?post=24829"}],"version-history":[{"count":3,"href":"https:\/\/serveiseducatius.xtec.cat\/altemporda\/wp-json\/wp\/v2\/posts\/24829\/revisions"}],"predecessor-version":[{"id":24834,"href":"https:\/\/serveiseducatius.xtec.cat\/altemporda\/wp-json\/wp\/v2\/posts\/24829\/revisions\/24834"}],"wp:featuredmedia":[{"embeddable":true,"href":"https:\/\/serveiseducatius.xtec.cat\/altemporda\/wp-json\/wp\/v2\/media\/24831"}],"wp:attachment":[{"href":"https:\/\/serveiseducatius.xtec.cat\/altemporda\/wp-json\/wp\/v2\/media?parent=24829"}],"wp:term":[{"taxonomy":"category","embeddable":true,"href":"https:\/\/serveiseducatius.xtec.cat\/altemporda\/wp-json\/wp\/v2\/categories?post=24829"},{"taxonomy":"post_tag","embeddable":true,"href":"https:\/\/serveiseducatius.xtec.cat\/altemporda\/wp-json\/wp\/v2\/tags?post=24829"}],"curies":[{"name":"wp","href":"https:\/\/api.w.org\/{rel}","templated":true}]}}