{"id":24279,"date":"2024-12-02T10:13:38","date_gmt":"2024-12-02T09:13:38","guid":{"rendered":"https:\/\/serveiseducatius.xtec.cat\/altemporda\/?p=24279"},"modified":"2024-12-02T10:17:34","modified_gmt":"2024-12-02T09:17:34","slug":"linstitut-illa-de-rodes-celebra-lacte-de-lliurament-de-les-acreditacions-als-seus-ambaixadors-com-a-escola-ambaixadora-del-parlament-europeu","status":"publish","type":"post","link":"https:\/\/serveiseducatius.xtec.cat\/altemporda\/des-dels-centres\/linstitut-illa-de-rodes-celebra-lacte-de-lliurament-de-les-acreditacions-als-seus-ambaixadors-com-a-escola-ambaixadora-del-parlament-europeu\/","title":{"rendered":"L\u2019Institut Illa de Rodes celebra l\u2019acte de reconeixement com a Escola Ambaixadora del Parlament Europeu"},"content":{"rendered":"<p style=\"text-align: justify;\"><a href=\"https:\/\/serveiseducatius.xtec.cat\/altemporda\/wp-content\/uploads\/usu1156\/2024\/12\/IMG_1001.jpg\"><img loading=\"lazy\" decoding=\"async\" class=\" wp-image-24280 alignleft\" src=\"https:\/\/serveiseducatius.xtec.cat\/altemporda\/wp-content\/uploads\/usu1156\/2024\/12\/IMG_1001-1024x683.jpg\" alt=\"\" width=\"565\" height=\"377\" srcset=\"https:\/\/serveiseducatius.xtec.cat\/altemporda\/wp-content\/uploads\/usu1156\/2024\/12\/IMG_1001-1024x683.jpg 1024w, https:\/\/serveiseducatius.xtec.cat\/altemporda\/wp-content\/uploads\/usu1156\/2024\/12\/IMG_1001-300x200.jpg 300w, https:\/\/serveiseducatius.xtec.cat\/altemporda\/wp-content\/uploads\/usu1156\/2024\/12\/IMG_1001-768x512.jpg 768w, https:\/\/serveiseducatius.xtec.cat\/altemporda\/wp-content\/uploads\/usu1156\/2024\/12\/IMG_1001-1536x1024.jpg 1536w, https:\/\/serveiseducatius.xtec.cat\/altemporda\/wp-content\/uploads\/usu1156\/2024\/12\/IMG_1001-2048x1365.jpg 2048w\" sizes=\"auto, (max-width: 565px) 100vw, 565px\" \/><\/a>L\u2019Institut Illa de Rodes ha celebrat, el 29 de novembre, un acte solemne a l\u2019Ajuntament de Roses per commemorar el seu reconeixement com a Escola Ambaixadora del Parlament Europeu (EPAS). Aquesta acreditaci\u00f3, que els converteix en el primer centre de l\u2019Alt Empord\u00e0 a formar part d\u2019aquest prestigi\u00f3s programa europeu, \u00e9s un pas m\u00e9s en el seu comprom\u00eds amb l\u2019educaci\u00f3 en valors democr\u00e0tics i la construcci\u00f3 d\u2019una ciutadania activa.<br \/>\nDurant la cerim\u00f2nia, 31 estudiants i 6 docents han rebut les acreditacions oficials que els reconeixen com a Ambaixadores i Ambaixadors del Parlament Europeu. L\u2019acte ha comptat amb la participaci\u00f3 de destacades personalitats, com la Sra. Maria \u00c0ngels Arjona, regidora d\u2019Ensenyament; la Dra. Mariona Illamola Daus\u00e0, directora d\u2019Europe Direct Girona; l\u2019Il\u00b7lm. Sr. Josep Maria Mart\u00ednez, alcalde de Roses; i l\u2019ambaixadora estudiantil N\u00faria Subir\u00f3s Ortiz, representant tots els ambaixadors j\u00faniors. Els discursos han ressaltat la import\u00e0ncia de defensar els valors europeus de solidaritat, pau i democr\u00e0cia, especialment en un m\u00f3n globalitzat.<br \/>\nA m\u00e9s del lliurament d\u2019acreditacions, han inaugurat el seu InfoPoint, un espai dins l\u2019institut dedicat a la informaci\u00f3 i reflexi\u00f3 sobre la Uni\u00f3 Europea.<br \/>\nAquest recurs estar\u00e0 obert a tota la comunitat educativa i ciutadana, per fomentar el coneixement i la implicaci\u00f3 amb les institucions europees.<br \/>\nL\u2019acte s\u2019ha tancat amb un piscolabis ofert per l\u2019Ajuntament de Roses, a qui tant el coordinador EPAS, Ernest Parellada, com la directora del centre, Esther Renart, agraeixen el seu suport constant en aquest projecte que ens situa a la primera l\u00ednia d\u2019educaci\u00f3 per la ciutadania europea.<br \/>\nAmb aquest reconeixement, l\u2019Institut Illa de Rodes es reafirma en el seu comprom\u00eds de treballar per una Europa m\u00e9s forta, solid\u00e0ria i democr\u00e0tica, formant les futures generacions amb valors i comprom\u00eds social.<\/p>\n","protected":false},"excerpt":{"rendered":"<p>L\u2019Institut Illa de Rodes ha celebrat, el 29 de novembre, un acte solemne a l\u2019Ajuntament de Roses per commemorar el seu reconeixement com a Escola Ambaixadora del Parlament Europeu (EPAS).<\/p>\n","protected":false},"author":71,"featured_media":24280,"comment_status":"closed","ping_status":"closed","sticky":false,"template":"","format":"standard","meta":{"_bbp_topic_count":0,"_bbp_reply_count":0,"_bbp_total_topic_count":0,"_bbp_total_reply_count":0,"_bbp_voice_count":0,"_bbp_anonymous_reply_count":0,"_bbp_topic_count_hidden":0,"_bbp_reply_count_hidden":0,"_bbp_forum_subforum_count":0,"site-sidebar-layout":"default","site-content-layout":"","ast-site-content-layout":"","site-content-style":"default","site-sidebar-style":"default","ast-global-header-display":"","ast-banner-title-visibility":"","ast-main-header-display":"","ast-hfb-above-header-display":"","ast-hfb-below-header-display":"","ast-hfb-mobile-header-display":"","site-post-title":"","ast-breadcrumbs-content":"","ast-featured-img":"","footer-sml-layout":"","theme-transparent-header-meta":"","adv-header-id-meta":"","stick-header-meta":"","header-above-stick-meta":"","header-main-stick-meta":"","header-below-stick-meta":"","astra-migrate-meta-layouts":"default","ast-page-background-enabled":"default","ast-page-background-meta":{"desktop":{"background-color":"var(--ast-global-color-4)","background-image":"","background-repeat":"repeat","background-position":"center center","background-size":"auto","background-attachment":"scroll","background-type":"","background-media":"","overlay-type":"","overlay-color":"","overlay-opacity":"","overlay-gradient":""},"tablet":{"background-color":"","background-image":"","background-repeat":"repeat","background-position":"center center","background-size":"auto","background-attachment":"scroll","background-type":"","background-media":"","overlay-type":"","overlay-color":"","overlay-opacity":"","overlay-gradient":""},"mobile":{"background-color":"","background-image":"","background-repeat":"repeat","background-position":"center center","background-size":"auto","background-attachment":"scroll","background-type":"","background-media":"","overlay-type":"","overlay-color":"","overlay-opacity":"","overlay-gradient":""}},"ast-content-background-meta":{"desktop":{"background-color":"var(--ast-global-color-5)","background-image":"","background-repeat":"repeat","background-position":"center center","background-size":"auto","background-attachment":"scroll","background-type":"","background-media":"","overlay-type":"","overlay-color":"","overlay-opacity":"","overlay-gradient":""},"tablet":{"background-color":"var(--ast-global-color-5)","background-image":"","background-repeat":"repeat","background-position":"center center","background-size":"auto","background-attachment":"scroll","background-type":"","background-media":"","overlay-type":"","overlay-color":"","overlay-opacity":"","overlay-gradient":""},"mobile":{"background-color":"var(--ast-global-color-5)","background-image":"","background-repeat":"repeat","background-position":"center center","background-size":"auto","background-attachment":"scroll","background-type":"","background-media":"","overlay-type":"","overlay-color":"","overlay-opacity":"","overlay-gradient":""}},"footnotes":""},"categories":[298],"tags":[],"class_list":["post-24279","post","type-post","status-publish","format-standard","has-post-thumbnail","hentry","category-des-dels-centres"],"post_mailing_queue_ids":[],"_links":{"self":[{"href":"https:\/\/serveiseducatius.xtec.cat\/altemporda\/wp-json\/wp\/v2\/posts\/24279","targetHints":{"allow":["GET"]}}],"collection":[{"href":"https:\/\/serveiseducatius.xtec.cat\/altemporda\/wp-json\/wp\/v2\/posts"}],"about":[{"href":"https:\/\/serveiseducatius.xtec.cat\/altemporda\/wp-json\/wp\/v2\/types\/post"}],"author":[{"embeddable":true,"href":"https:\/\/serveiseducatius.xtec.cat\/altemporda\/wp-json\/wp\/v2\/users\/71"}],"replies":[{"embeddable":true,"href":"https:\/\/serveiseducatius.xtec.cat\/altemporda\/wp-json\/wp\/v2\/comments?post=24279"}],"version-history":[{"count":5,"href":"https:\/\/serveiseducatius.xtec.cat\/altemporda\/wp-json\/wp\/v2\/posts\/24279\/revisions"}],"predecessor-version":[{"id":24286,"href":"https:\/\/serveiseducatius.xtec.cat\/altemporda\/wp-json\/wp\/v2\/posts\/24279\/revisions\/24286"}],"wp:featuredmedia":[{"embeddable":true,"href":"https:\/\/serveiseducatius.xtec.cat\/altemporda\/wp-json\/wp\/v2\/media\/24280"}],"wp:attachment":[{"href":"https:\/\/serveiseducatius.xtec.cat\/altemporda\/wp-json\/wp\/v2\/media?parent=24279"}],"wp:term":[{"taxonomy":"category","embeddable":true,"href":"https:\/\/serveiseducatius.xtec.cat\/altemporda\/wp-json\/wp\/v2\/categories?post=24279"},{"taxonomy":"post_tag","embeddable":true,"href":"https:\/\/serveiseducatius.xtec.cat\/altemporda\/wp-json\/wp\/v2\/tags?post=24279"}],"curies":[{"name":"wp","href":"https:\/\/api.w.org\/{rel}","templated":true}]}}