{"id":24109,"date":"2024-11-07T13:59:34","date_gmt":"2024-11-07T12:59:34","guid":{"rendered":"https:\/\/serveiseducatius.xtec.cat\/altemporda\/?p=24109"},"modified":"2024-11-12T10:00:35","modified_gmt":"2024-11-12T09:00:35","slug":"recursos-per-treballar-la-dana-depressio-aillada-en-nivells-alts-als-centres-escolars","status":"publish","type":"post","link":"https:\/\/serveiseducatius.xtec.cat\/altemporda\/general\/recursos-per-treballar-la-dana-depressio-aillada-en-nivells-alts-als-centres-escolars\/","title":{"rendered":"Recursos per treballar la DANA (Depressi\u00f3 A\u00efllada en Nivells Alts) als centres escolars"},"content":{"rendered":"<p><a href=\"https:\/\/serveiseducatius.xtec.cat\/altemporda\/wp-content\/uploads\/usu1156\/2024\/11\/DANA.jpg\"><img loading=\"lazy\" decoding=\"async\" class=\"wp-image-24111 alignleft\" src=\"https:\/\/serveiseducatius.xtec.cat\/altemporda\/wp-content\/uploads\/usu1156\/2024\/11\/DANA-1024x576.jpg\" alt=\"\" width=\"222\" height=\"125\" srcset=\"https:\/\/serveiseducatius.xtec.cat\/altemporda\/wp-content\/uploads\/usu1156\/2024\/11\/DANA-1024x576.jpg 1024w, https:\/\/serveiseducatius.xtec.cat\/altemporda\/wp-content\/uploads\/usu1156\/2024\/11\/DANA-300x169.jpg 300w, https:\/\/serveiseducatius.xtec.cat\/altemporda\/wp-content\/uploads\/usu1156\/2024\/11\/DANA-768x432.jpg 768w, https:\/\/serveiseducatius.xtec.cat\/altemporda\/wp-content\/uploads\/usu1156\/2024\/11\/DANA-1536x864.jpg 1536w, https:\/\/serveiseducatius.xtec.cat\/altemporda\/wp-content\/uploads\/usu1156\/2024\/11\/DANA.jpg 1600w\" sizes=\"auto, (max-width: 222px) 100vw, 222px\" \/><\/a>Compartim amb vosaltres una s\u00e8rie de recursos i propostes did\u00e0ctiques preparades pel <strong>CESIRE<\/strong>, la <strong>IDP de la Universitat de Barcelona<\/strong> i la <strong>fundaci\u00f3 FUHEM<\/strong> per treballar amb l\u2019alumnat la complexitat d\u2019aquest fet i donar resposta als neguits i preguntes que ha generat aquesta situaci\u00f3.<\/p>\n<p><strong><a href=\"https:\/\/serveiseducatius.xtec.cat\/cesire\/la-dana-del-pais-valencia\/\" target=\"_blank\" rel=\"noopener\">CESIRE: <\/a><\/strong><a href=\"https:\/\/serveiseducatius.xtec.cat\/cesire\/la-dana-del-pais-valencia\/\" target=\"_blank\" rel=\"noopener\">LA DANA DEL PA\u00cdS VALENCI\u00c0<\/a><\/p>\n<p>Recull de recursos per educaci\u00f3 prim\u00e0ria i secund\u00e0ria, audiovisuals i dades en temps real.<\/p>\n<p><a href=\"https:\/\/www.ub.edu\/idp-educacio\/2024\/11\/05\/recursos-per-treballar-la-dana-als-centres-educatius\/\" target=\"_blank\" rel=\"noopener\"><strong>IDP-UB<\/strong>: Recursos per treballar la Dana als centres educatius<\/a><\/p>\n<p>Recull de materials, guies i altres eines \u00fatils que esperem que siguin del vostre inter\u00e8s per treballar a l\u2019aula.<\/p>\n<p><a href=\"https:\/\/tiempodeactuar.es\/blog\/recursos-para-trabajar-la-dana-valenciana-en-clase\/?amp=1\" target=\"_blank\" rel=\"noopener\"><strong>FUHEM<\/strong>: Recursos para trabajar la DANA valenciana en clase<\/a><\/p>\n<p>Recull de recursos, per infantil, prim\u00e0ria i secund\u00e0ria.<\/p>\n<p>&nbsp;<\/p>\n","protected":false},"excerpt":{"rendered":"<p>Recursos per treballar a les escoles i instituts la situaci\u00f3 d&#8217;emerg\u00e8ncia natural i social que ha causat la DANA.<\/p>\n","protected":false},"author":96,"featured_media":24111,"comment_status":"closed","ping_status":"closed","sticky":false,"template":"","format":"standard","meta":{"_bbp_topic_count":0,"_bbp_reply_count":0,"_bbp_total_topic_count":0,"_bbp_total_reply_count":0,"_bbp_voice_count":0,"_bbp_anonymous_reply_count":0,"_bbp_topic_count_hidden":0,"_bbp_reply_count_hidden":0,"_bbp_forum_subforum_count":0,"site-sidebar-layout":"default","site-content-layout":"","ast-site-content-layout":"","site-content-style":"default","site-sidebar-style":"default","ast-global-header-display":"","ast-banner-title-visibility":"","ast-main-header-display":"","ast-hfb-above-header-display":"","ast-hfb-below-header-display":"","ast-hfb-mobile-header-display":"","site-post-title":"","ast-breadcrumbs-content":"","ast-featured-img":"","footer-sml-layout":"","theme-transparent-header-meta":"","adv-header-id-meta":"","stick-header-meta":"","header-above-stick-meta":"","header-main-stick-meta":"","header-below-stick-meta":"","astra-migrate-meta-layouts":"default","ast-page-background-enabled":"default","ast-page-background-meta":{"desktop":{"background-color":"var(--ast-global-color-4)","background-image":"","background-repeat":"repeat","background-position":"center center","background-size":"auto","background-attachment":"scroll","background-type":"","background-media":"","overlay-type":"","overlay-color":"","overlay-opacity":"","overlay-gradient":""},"tablet":{"background-color":"","background-image":"","background-repeat":"repeat","background-position":"center center","background-size":"auto","background-attachment":"scroll","background-type":"","background-media":"","overlay-type":"","overlay-color":"","overlay-opacity":"","overlay-gradient":""},"mobile":{"background-color":"","background-image":"","background-repeat":"repeat","background-position":"center center","background-size":"auto","background-attachment":"scroll","background-type":"","background-media":"","overlay-type":"","overlay-color":"","overlay-opacity":"","overlay-gradient":""}},"ast-content-background-meta":{"desktop":{"background-color":"var(--ast-global-color-5)","background-image":"","background-repeat":"repeat","background-position":"center center","background-size":"auto","background-attachment":"scroll","background-type":"","background-media":"","overlay-type":"","overlay-color":"","overlay-opacity":"","overlay-gradient":""},"tablet":{"background-color":"var(--ast-global-color-5)","background-image":"","background-repeat":"repeat","background-position":"center center","background-size":"auto","background-attachment":"scroll","background-type":"","background-media":"","overlay-type":"","overlay-color":"","overlay-opacity":"","overlay-gradient":""},"mobile":{"background-color":"var(--ast-global-color-5)","background-image":"","background-repeat":"repeat","background-position":"center center","background-size":"auto","background-attachment":"scroll","background-type":"","background-media":"","overlay-type":"","overlay-color":"","overlay-opacity":"","overlay-gradient":""}},"footnotes":""},"categories":[1,29],"tags":[],"class_list":["post-24109","post","type-post","status-publish","format-standard","has-post-thumbnail","hentry","category-general","category-portada"],"post_mailing_queue_ids":[],"_links":{"self":[{"href":"https:\/\/serveiseducatius.xtec.cat\/altemporda\/wp-json\/wp\/v2\/posts\/24109","targetHints":{"allow":["GET"]}}],"collection":[{"href":"https:\/\/serveiseducatius.xtec.cat\/altemporda\/wp-json\/wp\/v2\/posts"}],"about":[{"href":"https:\/\/serveiseducatius.xtec.cat\/altemporda\/wp-json\/wp\/v2\/types\/post"}],"author":[{"embeddable":true,"href":"https:\/\/serveiseducatius.xtec.cat\/altemporda\/wp-json\/wp\/v2\/users\/96"}],"replies":[{"embeddable":true,"href":"https:\/\/serveiseducatius.xtec.cat\/altemporda\/wp-json\/wp\/v2\/comments?post=24109"}],"version-history":[{"count":4,"href":"https:\/\/serveiseducatius.xtec.cat\/altemporda\/wp-json\/wp\/v2\/posts\/24109\/revisions"}],"predecessor-version":[{"id":24114,"href":"https:\/\/serveiseducatius.xtec.cat\/altemporda\/wp-json\/wp\/v2\/posts\/24109\/revisions\/24114"}],"wp:featuredmedia":[{"embeddable":true,"href":"https:\/\/serveiseducatius.xtec.cat\/altemporda\/wp-json\/wp\/v2\/media\/24111"}],"wp:attachment":[{"href":"https:\/\/serveiseducatius.xtec.cat\/altemporda\/wp-json\/wp\/v2\/media?parent=24109"}],"wp:term":[{"taxonomy":"category","embeddable":true,"href":"https:\/\/serveiseducatius.xtec.cat\/altemporda\/wp-json\/wp\/v2\/categories?post=24109"},{"taxonomy":"post_tag","embeddable":true,"href":"https:\/\/serveiseducatius.xtec.cat\/altemporda\/wp-json\/wp\/v2\/tags?post=24109"}],"curies":[{"name":"wp","href":"https:\/\/api.w.org\/{rel}","templated":true}]}}