{"id":24102,"date":"2024-11-07T10:29:21","date_gmt":"2024-11-07T09:29:21","guid":{"rendered":"https:\/\/serveiseducatius.xtec.cat\/altemporda\/?p=24102"},"modified":"2024-11-07T10:37:08","modified_gmt":"2024-11-07T09:37:08","slug":"linstitut-illa-de-rodes-de-roses-escola-ambaixadora-del-parlament-europeu","status":"publish","type":"post","link":"https:\/\/serveiseducatius.xtec.cat\/altemporda\/portada\/linstitut-illa-de-rodes-de-roses-escola-ambaixadora-del-parlament-europeu\/","title":{"rendered":"L\u2019institut Illa de Rodes, de Roses, Escola Ambaixadora del Parlament Europeu"},"content":{"rendered":"<p><a href=\"https:\/\/serveiseducatius.xtec.cat\/altemporda\/wp-content\/uploads\/usu1156\/2024\/11\/Illa-de-Rodes.png\"><img loading=\"lazy\" decoding=\"async\" class=\"size-full wp-image-24105 alignleft\" src=\"https:\/\/serveiseducatius.xtec.cat\/altemporda\/wp-content\/uploads\/usu1156\/2024\/11\/Illa-de-Rodes.png\" alt=\"\" width=\"719\" height=\"451\" srcset=\"https:\/\/serveiseducatius.xtec.cat\/altemporda\/wp-content\/uploads\/usu1156\/2024\/11\/Illa-de-Rodes.png 719w, https:\/\/serveiseducatius.xtec.cat\/altemporda\/wp-content\/uploads\/usu1156\/2024\/11\/Illa-de-Rodes-300x188.png 300w\" sizes=\"auto, (max-width: 719px) 100vw, 719px\" \/><\/a>Aquest curs 2024-2025, l\u2019institut Illa de Rodes ha estat seleccionat com a Escola ambaixadora del Parlament Europeu en el marc del Programa educatiu \u201cEscoles Ambaixadores del Parlament Europeu\u201d (EPAS). \u00c9s la primera vegada que un centre educatiu de l\u2019Alt Empord\u00e0 rep aquest reconeixement.<\/p>\n<p>Aquest programa t\u00e9 una durada de tres cursos i s\u2019organitza des de la Direcci\u00f3 General de Comunicaci\u00f3 del Parlament Europeu. El programa t\u00e9 per objecte estimular el coneixement d&#8217;Europa i de la democr\u00e0cia parlament\u00e0ria europea entre el jovent, proporcionant-los un coneixement actiu de la Uni\u00f3 Europea, i del Parlament Europeu en particular. No es tracta nom\u00e9s d&#8217;ensenyar dades sobre la Uni\u00f3 Europea, sin\u00f3 tamb\u00e9 de donar-los l&#8217;oportunitat d&#8217;experimentar la ciutadania europea. El programa est\u00e0 destinat a l\u2019alumnat d\u2019entre 15 i 18 anys (4t d\u2019ESO, Batxillerat i cicles formatius de GM).<br \/>\nEn la darrera edici\u00f3, el curs passat, van participar en el programa EPAS 2.159 centres educatius de tota la Uni\u00f3 Europea i 35.906 estudiants.<br \/>\nL\u2019institut Illa de Rodes ha estat seleccionat com a Escola Ambaixadora entre els 725 centres candidats de tot Espanya, 104 de les quals a Catalunya.<br \/>\nS\u2019han seleccionat un total de 117 centres entre totes les comunitats aut\u00f2nomes. A Catalunya, n\u2019hi ha 14 m\u00e9s les 6 seleccionades aquest curs 2024-2024.<br \/>\nA les comarques gironines nom\u00e9s dos centres som EPAS de 1r any: l\u2019Illa de Rodes, de Roses; i el Josep Brugulat de Banyoles.<br \/>\nPel que fa a Escoles Mentores, n\u2019hi ha 50 a Espanya, 8 de les quals a Catalunya. Esdevenir Escola Ambaixadora \u00e9s un repte en el cam\u00ed de l\u2019Illa de Rodes per a la seva<br \/>\nprojecci\u00f3 internacional juntament amb el programa Erasmus+. A m\u00e9s, permetr\u00e0 fomentar entre l\u2019alumnat els valors europeus de democr\u00e0cia i pluralitat.<br \/>\nCom a EPAS, el centre va participar a les Jornades de Formaci\u00f3 celebrades entre el 16 i el 20 de setembre. Aquesta formaci\u00f3 va tenir la seva continu\u00eftat el divendres<br \/>\npassat, 4 d\u2019octubre, a l\u2019Oficina del Parlament Europeu a Barcelona que va reunir-nos a les 14 Escoles Ambaixadores (EPAS) del Parlament europeu a Catalunya i les 8<br \/>\nEscoles Mentores (MEPAS).<br \/>\nCom a Escola Ambaixadora del Parlament Europeu, l\u2019Illa de Rodes tindr\u00e0 un Infopoint del PE al centre, i durant el curs realitzar\u00e0 activitats diverses relacionades amb la Uni\u00f3 Europea: des de la celebraci\u00f3 del dia d\u2019Europa \u2013el 9 de maig- fins a la participaci\u00f3 en tallers de simulaci\u00f3 del Parlament Europeu, entre altres activitats.<\/p>\n","protected":false},"excerpt":{"rendered":"<p>En el marc del Programa educatiu \u201cEscoles Ambaixadores del Parlament Europeu\u201d (EPAS), \u00e9s la primera vegada que un centre educatiu de l\u2019Alt Empord\u00e0 rep aquest reconeixement.<\/p>\n","protected":false},"author":71,"featured_media":24105,"comment_status":"closed","ping_status":"closed","sticky":false,"template":"","format":"standard","meta":{"_bbp_topic_count":0,"_bbp_reply_count":0,"_bbp_total_topic_count":0,"_bbp_total_reply_count":0,"_bbp_voice_count":0,"_bbp_anonymous_reply_count":0,"_bbp_topic_count_hidden":0,"_bbp_reply_count_hidden":0,"_bbp_forum_subforum_count":0,"site-sidebar-layout":"default","site-content-layout":"","ast-site-content-layout":"","site-content-style":"default","site-sidebar-style":"default","ast-global-header-display":"","ast-banner-title-visibility":"","ast-main-header-display":"","ast-hfb-above-header-display":"","ast-hfb-below-header-display":"","ast-hfb-mobile-header-display":"","site-post-title":"","ast-breadcrumbs-content":"","ast-featured-img":"","footer-sml-layout":"","theme-transparent-header-meta":"","adv-header-id-meta":"","stick-header-meta":"","header-above-stick-meta":"","header-main-stick-meta":"","header-below-stick-meta":"","astra-migrate-meta-layouts":"default","ast-page-background-enabled":"default","ast-page-background-meta":{"desktop":{"background-color":"var(--ast-global-color-4)","background-image":"","background-repeat":"repeat","background-position":"center center","background-size":"auto","background-attachment":"scroll","background-type":"","background-media":"","overlay-type":"","overlay-color":"","overlay-opacity":"","overlay-gradient":""},"tablet":{"background-color":"","background-image":"","background-repeat":"repeat","background-position":"center center","background-size":"auto","background-attachment":"scroll","background-type":"","background-media":"","overlay-type":"","overlay-color":"","overlay-opacity":"","overlay-gradient":""},"mobile":{"background-color":"","background-image":"","background-repeat":"repeat","background-position":"center center","background-size":"auto","background-attachment":"scroll","background-type":"","background-media":"","overlay-type":"","overlay-color":"","overlay-opacity":"","overlay-gradient":""}},"ast-content-background-meta":{"desktop":{"background-color":"var(--ast-global-color-5)","background-image":"","background-repeat":"repeat","background-position":"center center","background-size":"auto","background-attachment":"scroll","background-type":"","background-media":"","overlay-type":"","overlay-color":"","overlay-opacity":"","overlay-gradient":""},"tablet":{"background-color":"var(--ast-global-color-5)","background-image":"","background-repeat":"repeat","background-position":"center center","background-size":"auto","background-attachment":"scroll","background-type":"","background-media":"","overlay-type":"","overlay-color":"","overlay-opacity":"","overlay-gradient":""},"mobile":{"background-color":"var(--ast-global-color-5)","background-image":"","background-repeat":"repeat","background-position":"center center","background-size":"auto","background-attachment":"scroll","background-type":"","background-media":"","overlay-type":"","overlay-color":"","overlay-opacity":"","overlay-gradient":""}},"footnotes":""},"categories":[298,29],"tags":[],"class_list":["post-24102","post","type-post","status-publish","format-standard","has-post-thumbnail","hentry","category-des-dels-centres","category-portada"],"post_mailing_queue_ids":[],"_links":{"self":[{"href":"https:\/\/serveiseducatius.xtec.cat\/altemporda\/wp-json\/wp\/v2\/posts\/24102","targetHints":{"allow":["GET"]}}],"collection":[{"href":"https:\/\/serveiseducatius.xtec.cat\/altemporda\/wp-json\/wp\/v2\/posts"}],"about":[{"href":"https:\/\/serveiseducatius.xtec.cat\/altemporda\/wp-json\/wp\/v2\/types\/post"}],"author":[{"embeddable":true,"href":"https:\/\/serveiseducatius.xtec.cat\/altemporda\/wp-json\/wp\/v2\/users\/71"}],"replies":[{"embeddable":true,"href":"https:\/\/serveiseducatius.xtec.cat\/altemporda\/wp-json\/wp\/v2\/comments?post=24102"}],"version-history":[{"count":3,"href":"https:\/\/serveiseducatius.xtec.cat\/altemporda\/wp-json\/wp\/v2\/posts\/24102\/revisions"}],"predecessor-version":[{"id":24107,"href":"https:\/\/serveiseducatius.xtec.cat\/altemporda\/wp-json\/wp\/v2\/posts\/24102\/revisions\/24107"}],"wp:featuredmedia":[{"embeddable":true,"href":"https:\/\/serveiseducatius.xtec.cat\/altemporda\/wp-json\/wp\/v2\/media\/24105"}],"wp:attachment":[{"href":"https:\/\/serveiseducatius.xtec.cat\/altemporda\/wp-json\/wp\/v2\/media?parent=24102"}],"wp:term":[{"taxonomy":"category","embeddable":true,"href":"https:\/\/serveiseducatius.xtec.cat\/altemporda\/wp-json\/wp\/v2\/categories?post=24102"},{"taxonomy":"post_tag","embeddable":true,"href":"https:\/\/serveiseducatius.xtec.cat\/altemporda\/wp-json\/wp\/v2\/tags?post=24102"}],"curies":[{"name":"wp","href":"https:\/\/api.w.org\/{rel}","templated":true}]}}