{"id":21863,"date":"2023-12-19T13:11:47","date_gmt":"2023-12-19T12:11:47","guid":{"rendered":"https:\/\/serveiseducatius.xtec.cat\/altemporda\/?p=21863"},"modified":"2023-12-19T13:11:47","modified_gmt":"2023-12-19T12:11:47","slug":"inscripcio-oberta-al-viii-concurs-doratoria-juvenil-de-lalt-emporda","status":"publish","type":"post","link":"https:\/\/serveiseducatius.xtec.cat\/altemporda\/dinamitzacio\/biblioteca-escolar\/inscripcio-oberta-al-viii-concurs-doratoria-juvenil-de-lalt-emporda\/","title":{"rendered":"Inscripci\u00f3 oberta al VIII Concurs d&#8217;Orat\u00f2ria Juvenil de l&#8217;Alt Empord\u00e0"},"content":{"rendered":"<p dir=\"ltr\">Engeguem una nova edici\u00f3 del <a href=\"https:\/\/serveiseducatius.xtec.cat\/altemporda\/categoria\/oratoria\/\" target=\"_blank\" rel=\"noopener\" data-saferedirecturl=\"https:\/\/www.google.com\/url?q=https:\/\/serveiseducatius.xtec.cat\/altemporda\/categoria\/oratoria\/&amp;source=gmail&amp;ust=1703074084275000&amp;usg=AOvVaw3pFaizwJDDxmutye-zSdsu\"><span class=\"il\">Concurs<\/span>\u00a0d&#8217;<span class=\"il\">Orat\u00f2ria<\/span>\u00a0Juvenil de l&#8217;Alt Empord\u00e0<\/a>\u00a0destinat a l&#8217;alumnat de 4t d&#8217;ESO. Des de fa set anys un grup de docents de llengua de la comarca organitza aquest\u00a0<span class=\"il\">concurs<\/span>. Els principals objectius s\u00f3n millorar l&#8217;expressi\u00f3 oral aix\u00ed com incentivar la capacitat discursiva dels joves. Per tal de dinamitzar el\u00a0<span class=\"il\">concurs<\/span>, com cada any,\u00a0cal una persona referent d\u2019<span class=\"il\">orat\u00f2ria<\/span> del centre. La convocat\u00f2ria d&#8217;enguany \u00e9s el\u00a0dissabte 9 de mar\u00e7\u00a0a l&#8217;<a href=\"https:\/\/serveiseducatius.xtec.cat\/altemporda\/wp-content\/uploads\/usu1156\/2022\/11\/Concurs-oratoria-e1635335915661.jpg\"><img loading=\"lazy\" decoding=\"async\" class=\"size-full wp-image-18510 alignleft\" src=\"https:\/\/serveiseducatius.xtec.cat\/altemporda\/wp-content\/uploads\/usu1156\/2022\/11\/Concurs-oratoria-e1635335915661.jpg\" alt=\"\" width=\"250\" height=\"259\" \/><\/a>Auditori dels Caputxins de Figueres. El termini per fer la\u00a0inscripci\u00f3\u00a0de l&#8217;alumnat \u00e9s\u00a0divendres 16 de febrer.\u00a0Es recomana un treball de preparaci\u00f3, amb el grup classe, entre 4 i 8 hores, en funci\u00f3 de la din\u00e0mica del centre.<\/p>\n<p>Us recordem que el curs passat es va lliurar als centres una infografia per treballar l&#8217;<span class=\"il\">orat\u00f2ria<\/span>\u00a0que va elaborar el grup de treball i que podeu trobar al seg\u00fcent\u00a0<a href=\"https:\/\/serveiseducatius.xtec.cat\/altemporda\/concurs-oratoria-alt-emporda\/infografia\/\" target=\"_blank\" rel=\"noopener\" data-saferedirecturl=\"https:\/\/www.google.com\/url?q=https:\/\/serveiseducatius.xtec.cat\/altemporda\/concurs-oratoria-alt-emporda\/infografia\/&amp;source=gmail&amp;ust=1703074084275000&amp;usg=AOvVaw3TO2i_SykqMd1Wi91LK-Qw\">enlla\u00e7<\/a>.<\/p>\n<p dir=\"ltr\">Podeu formalitzar la inscripci\u00f3 a trav\u00e9s del seg\u00fcent<a href=\"https:\/\/docs.google.com\/forms\/d\/e\/1FAIpQLScfgOw4QCgvNMQpvMOdcLurHzurwG1144gnbiE1O1-ssZucEw\/viewform\" target=\"_blank\" rel=\"noopener\" data-saferedirecturl=\"https:\/\/www.google.com\/url?q=https:\/\/docs.google.com\/forms\/d\/e\/1FAIpQLScfgOw4QCgvNMQpvMOdcLurHzurwG1144gnbiE1O1-ssZucEw\/viewform&amp;source=gmail&amp;ust=1703074084275000&amp;usg=AOvVaw3Zd9Jmk_JpE3xfXz1RVPXy\">\u00a0formulari<\/a>.<\/p>\n<p dir=\"ltr\">Trobareu les bases del\u00a0<span class=\"il\">concurs<\/span>\u00a0al seg\u00fcent<a href=\"https:\/\/serveiseducatius.xtec.cat\/altemporda\/concurs-oratoria-alt-emporda\/bases\/\" target=\"_blank\" rel=\"noopener\" data-saferedirecturl=\"https:\/\/www.google.com\/url?q=https:\/\/serveiseducatius.xtec.cat\/altemporda\/concurs-oratoria-alt-emporda\/bases\/&amp;source=gmail&amp;ust=1703074084275000&amp;usg=AOvVaw1S1Bp9U5XBHES7h3Pr7upq\">\u00a0enlla\u00e7<\/a>.<\/p>\n","protected":false},"excerpt":{"rendered":"<p>La convocat\u00f2ria d&#8217;enguany \u00e9s el\u00a0dissabte 9 de mar\u00e7\u00a0a l&#8217;<br \/>\nAuditori dels Caputxins de Figueres. El termini per fer la\u00a0inscripci\u00f3\u00a0de l&#8217;alumnat \u00e9s\u00a0divendres 16 de febrer.<\/p>\n","protected":false},"author":71,"featured_media":18510,"comment_status":"closed","ping_status":"closed","sticky":false,"template":"","format":"standard","meta":{"_bbp_topic_count":0,"_bbp_reply_count":0,"_bbp_total_topic_count":0,"_bbp_total_reply_count":0,"_bbp_voice_count":0,"_bbp_anonymous_reply_count":0,"_bbp_topic_count_hidden":0,"_bbp_reply_count_hidden":0,"_bbp_forum_subforum_count":0,"site-sidebar-layout":"default","site-content-layout":"","ast-site-content-layout":"","site-content-style":"default","site-sidebar-style":"default","ast-global-header-display":"","ast-banner-title-visibility":"","ast-main-header-display":"","ast-hfb-above-header-display":"","ast-hfb-below-header-display":"","ast-hfb-mobile-header-display":"","site-post-title":"","ast-breadcrumbs-content":"","ast-featured-img":"","footer-sml-layout":"","theme-transparent-header-meta":"","adv-header-id-meta":"","stick-header-meta":"","header-above-stick-meta":"","header-main-stick-meta":"","header-below-stick-meta":"","astra-migrate-meta-layouts":"default","ast-page-background-enabled":"default","ast-page-background-meta":{"desktop":{"background-color":"var(--ast-global-color-4)","background-image":"","background-repeat":"repeat","background-position":"center center","background-size":"auto","background-attachment":"scroll","background-type":"","background-media":"","overlay-type":"","overlay-color":"","overlay-opacity":"","overlay-gradient":""},"tablet":{"background-color":"","background-image":"","background-repeat":"repeat","background-position":"center center","background-size":"auto","background-attachment":"scroll","background-type":"","background-media":"","overlay-type":"","overlay-color":"","overlay-opacity":"","overlay-gradient":""},"mobile":{"background-color":"","background-image":"","background-repeat":"repeat","background-position":"center center","background-size":"auto","background-attachment":"scroll","background-type":"","background-media":"","overlay-type":"","overlay-color":"","overlay-opacity":"","overlay-gradient":""}},"ast-content-background-meta":{"desktop":{"background-color":"var(--ast-global-color-5)","background-image":"","background-repeat":"repeat","background-position":"center center","background-size":"auto","background-attachment":"scroll","background-type":"","background-media":"","overlay-type":"","overlay-color":"","overlay-opacity":"","overlay-gradient":""},"tablet":{"background-color":"var(--ast-global-color-5)","background-image":"","background-repeat":"repeat","background-position":"center center","background-size":"auto","background-attachment":"scroll","background-type":"","background-media":"","overlay-type":"","overlay-color":"","overlay-opacity":"","overlay-gradient":""},"mobile":{"background-color":"var(--ast-global-color-5)","background-image":"","background-repeat":"repeat","background-position":"center center","background-size":"auto","background-attachment":"scroll","background-type":"","background-media":"","overlay-type":"","overlay-color":"","overlay-opacity":"","overlay-gradient":""}},"footnotes":""},"categories":[81,413],"tags":[],"class_list":["post-21863","post","type-post","status-publish","format-standard","has-post-thumbnail","hentry","category-biblioteca-escolar","category-oratoria"],"post_mailing_queue_ids":[],"_links":{"self":[{"href":"https:\/\/serveiseducatius.xtec.cat\/altemporda\/wp-json\/wp\/v2\/posts\/21863","targetHints":{"allow":["GET"]}}],"collection":[{"href":"https:\/\/serveiseducatius.xtec.cat\/altemporda\/wp-json\/wp\/v2\/posts"}],"about":[{"href":"https:\/\/serveiseducatius.xtec.cat\/altemporda\/wp-json\/wp\/v2\/types\/post"}],"author":[{"embeddable":true,"href":"https:\/\/serveiseducatius.xtec.cat\/altemporda\/wp-json\/wp\/v2\/users\/71"}],"replies":[{"embeddable":true,"href":"https:\/\/serveiseducatius.xtec.cat\/altemporda\/wp-json\/wp\/v2\/comments?post=21863"}],"version-history":[{"count":1,"href":"https:\/\/serveiseducatius.xtec.cat\/altemporda\/wp-json\/wp\/v2\/posts\/21863\/revisions"}],"predecessor-version":[{"id":21867,"href":"https:\/\/serveiseducatius.xtec.cat\/altemporda\/wp-json\/wp\/v2\/posts\/21863\/revisions\/21867"}],"wp:featuredmedia":[{"embeddable":true,"href":"https:\/\/serveiseducatius.xtec.cat\/altemporda\/wp-json\/wp\/v2\/media\/18510"}],"wp:attachment":[{"href":"https:\/\/serveiseducatius.xtec.cat\/altemporda\/wp-json\/wp\/v2\/media?parent=21863"}],"wp:term":[{"taxonomy":"category","embeddable":true,"href":"https:\/\/serveiseducatius.xtec.cat\/altemporda\/wp-json\/wp\/v2\/categories?post=21863"},{"taxonomy":"post_tag","embeddable":true,"href":"https:\/\/serveiseducatius.xtec.cat\/altemporda\/wp-json\/wp\/v2\/tags?post=21863"}],"curies":[{"name":"wp","href":"https:\/\/api.w.org\/{rel}","templated":true}]}}