{"id":21330,"date":"2023-10-19T09:15:01","date_gmt":"2023-10-19T07:15:01","guid":{"rendered":"https:\/\/serveiseducatius.xtec.cat\/altemporda\/?p=21330"},"modified":"2023-10-17T15:39:41","modified_gmt":"2023-10-17T13:39:41","slug":"inscripcions-obertes-a-la-jornada-microbit-live-barcelona-2023","status":"publish","type":"post","link":"https:\/\/serveiseducatius.xtec.cat\/altemporda\/general\/inscripcions-obertes-a-la-jornada-microbit-live-barcelona-2023\/","title":{"rendered":"Inscripcions obertes a la Jornada micro:bit LIVE Barcelona 2023!"},"content":{"rendered":"<p><strong><img loading=\"lazy\" decoding=\"async\" class=\" wp-image-21331 alignleft\" src=\"https:\/\/serveiseducatius.xtec.cat\/altemporda\/wp-content\/uploads\/usu1156\/2023\/10\/Microbit-LIVE-2023.png\" alt=\"\" width=\"530\" height=\"174\" srcset=\"https:\/\/serveiseducatius.xtec.cat\/altemporda\/wp-content\/uploads\/usu1156\/2023\/10\/Microbit-LIVE-2023.png 600w, https:\/\/serveiseducatius.xtec.cat\/altemporda\/wp-content\/uploads\/usu1156\/2023\/10\/Microbit-LIVE-2023-300x99.png 300w\" sizes=\"auto, (max-width: 530px) 100vw, 530px\" \/>Ha arribat el moment d&#8217;inscriure&#8217;t a la Jornada micro:bit LIVE Barcelona 2023!<\/strong><\/p>\n<p>Et convidem a assistir a la\u00a0<strong>Primera Jornada presencial micro:bit Live Barcelona 2023<\/strong>, \u00ab<a href=\"https:\/\/www.microbitlivebarcelona.org\/\" target=\"_blank\" rel=\"noopener\"><strong>micro:bit a les aules: desenvolupant compet\u00e8ncies clau per al futur<\/strong><\/a>\u00bb.<\/p>\n<p><strong>Qu\u00e8 trobar\u00e0s?<\/strong> Una taula rodona d\u2019experts on reflexionarem sobre com la tecnologia es pot convertir en un motor de canvi, tallers pr\u00e0ctics amb micro:bit i presentacions d\u2019experi\u00e8ncies a l\u2019aula.<\/p>\n<h4>Informaci\u00f3 b\u00e0sica:<\/h4>\n<p><img loading=\"lazy\" decoding=\"async\" class=\"CToWUd alignleft\" style=\"font-size: 13.7812px; text-align: -webkit-center;\" title=\"\" src=\"https:\/\/ci4.googleusercontent.com\/proxy\/4lq70EX8nxvi2oaw0Qg0XoxCjYTIK_WA8m45PgIf4EZMDtxXMsRSo2qDuhAtN24acCBPAIOixpDxsngaeUgGZ5MquMGq=s0-d-e1-ft#https:\/\/share1.cloudhq-mkt3.net\/22569a4c859c0e.png\" alt=\"\" width=\"188\" height=\"156\" align=\"center\" border=\"0\" data-bit=\"iit\" \/><\/p>\n<p><strong>Dia:<\/strong>\u00a0dissabte, 11 de novembre<\/p>\n<p><strong>Hora:<\/strong> de 8:30 h a 14:00 h<\/p>\n<p><strong>Lloc:\u00a0<\/strong><a href=\"https:\/\/maps.app.goo.gl\/V9WVhQccC335WmdB6\" target=\"_blank\" rel=\"noopener\" data-saferedirecturl=\"https:\/\/www.google.com\/url?q=https:\/\/maps.app.goo.gl\/V9WVhQccC335WmdB6&amp;source=gmail&amp;ust=1697615005373000&amp;usg=AOvVaw0X6Txdo9FH--OwFeAYLcIv\">Palau Falguera, Sant Feliu de Llobregat (Barcelona)<\/a><\/p>\n<hr \/>\n<h5 style=\"text-align: center;\"><a href=\"https:\/\/projectes.xtec.cat\/pensament-computacional\/general\/microbit-live-barcelona-2023\/\" target=\"_blank\" rel=\"noopener\" data-saferedirecturl=\"https:\/\/www.google.com\/url?q=https:\/\/projectes.xtec.cat\/pensament-computacional\/general\/microbit-live-barcelona-2023\/&amp;source=gmail&amp;ust=1697615005373000&amp;usg=AOvVaw0wLo0fzXiVSaY67dO5fFKp\">M\u00e9s informaci\u00f3<\/a>\u00a0 \u00a0 \u00a0 \u00a0 \u00a0 \u00a0 \u00a0 \u00a0 \u00a0 \u00a0<a href=\"https:\/\/projectes.xtec.cat\/pensament-computacional\/microbit-live-barcelona-2023-programa\/\" target=\"_blank\" rel=\"noopener\" data-saferedirecturl=\"https:\/\/www.google.com\/url?q=https:\/\/projectes.xtec.cat\/pensament-computacional\/microbit-live-barcelona-2023-programa\/&amp;source=gmail&amp;ust=1697615005373000&amp;usg=AOvVaw28hDK9W889LWkWtUQGPAQw\">Programa<\/a><\/h5>\n<hr \/>\n<p><span style=\"font-family: inherit; font-size: 1em;\">Les places s\u00f3n limitades, tria el teu taller i fes la teva reserva omplint el formulari!<\/span><\/p>\n<h4 align=\"center\"><a href=\"https:\/\/forms.gle\/dAypjPYd9fTqPuxe7\" target=\"_blank\" rel=\"noopener\" data-saferedirecturl=\"https:\/\/www.google.com\/url?q=https:\/\/forms.gle\/dAypjPYd9fTqPuxe7&amp;source=gmail&amp;ust=1697615005373000&amp;usg=AOvVaw1Ggl9GxK0amruhmcvjab-W\"><strong>Inscriu-te<\/strong><\/a><\/h4>\n<hr \/>\n<p class=\"font_8 wixui-rich-text__text\"><span class=\"wixui-rich-text__text\">Si vols saber-ne m\u00e9s sobre micro:bit,\u00a0aquesta placa compacta que permet portar les idees m\u00e9s enll\u00e0 de la pantalla i crear projectes que interactuen amb el m\u00f3n f\u00edsic\u2026 <a class=\"wixui-rich-text__text\" href=\"https:\/\/microbit.org\/ca\/\" target=\"_blank\" rel=\"noreferrer noopener\">clica en aquest enlla\u00e7<\/a>.<\/span><\/p>\n","protected":false},"excerpt":{"rendered":"<p>Et convidem a assistir a la\u00a0Primera Jornada presencial micro:bit Live Barcelona 2023<\/p>\n","protected":false},"author":4,"featured_media":21331,"comment_status":"closed","ping_status":"closed","sticky":false,"template":"","format":"standard","meta":{"_bbp_topic_count":0,"_bbp_reply_count":0,"_bbp_total_topic_count":0,"_bbp_total_reply_count":0,"_bbp_voice_count":0,"_bbp_anonymous_reply_count":0,"_bbp_topic_count_hidden":0,"_bbp_reply_count_hidden":0,"_bbp_forum_subforum_count":0,"site-sidebar-layout":"default","site-content-layout":"","ast-site-content-layout":"","site-content-style":"default","site-sidebar-style":"default","ast-global-header-display":"","ast-banner-title-visibility":"","ast-main-header-display":"","ast-hfb-above-header-display":"","ast-hfb-below-header-display":"","ast-hfb-mobile-header-display":"","site-post-title":"","ast-breadcrumbs-content":"","ast-featured-img":"","footer-sml-layout":"","theme-transparent-header-meta":"","adv-header-id-meta":"","stick-header-meta":"","header-above-stick-meta":"","header-main-stick-meta":"","header-below-stick-meta":"","astra-migrate-meta-layouts":"default","ast-page-background-enabled":"default","ast-page-background-meta":{"desktop":{"background-color":"var(--ast-global-color-4)","background-image":"","background-repeat":"repeat","background-position":"center center","background-size":"auto","background-attachment":"scroll","background-type":"","background-media":"","overlay-type":"","overlay-color":"","overlay-opacity":"","overlay-gradient":""},"tablet":{"background-color":"","background-image":"","background-repeat":"repeat","background-position":"center center","background-size":"auto","background-attachment":"scroll","background-type":"","background-media":"","overlay-type":"","overlay-color":"","overlay-opacity":"","overlay-gradient":""},"mobile":{"background-color":"","background-image":"","background-repeat":"repeat","background-position":"center center","background-size":"auto","background-attachment":"scroll","background-type":"","background-media":"","overlay-type":"","overlay-color":"","overlay-opacity":"","overlay-gradient":""}},"ast-content-background-meta":{"desktop":{"background-color":"var(--ast-global-color-5)","background-image":"","background-repeat":"repeat","background-position":"center center","background-size":"auto","background-attachment":"scroll","background-type":"","background-media":"","overlay-type":"","overlay-color":"","overlay-opacity":"","overlay-gradient":""},"tablet":{"background-color":"var(--ast-global-color-5)","background-image":"","background-repeat":"repeat","background-position":"center center","background-size":"auto","background-attachment":"scroll","background-type":"","background-media":"","overlay-type":"","overlay-color":"","overlay-opacity":"","overlay-gradient":""},"mobile":{"background-color":"var(--ast-global-color-5)","background-image":"","background-repeat":"repeat","background-position":"center center","background-size":"auto","background-attachment":"scroll","background-type":"","background-media":"","overlay-type":"","overlay-color":"","overlay-opacity":"","overlay-gradient":""}},"footnotes":""},"categories":[328,66,1,29],"tags":[],"class_list":["post-21330","post","type-post","status-publish","format-standard","has-post-thumbnail","hentry","category-cultura-digital","category-dinamitzacio","category-general","category-portada"],"post_mailing_queue_ids":[],"_links":{"self":[{"href":"https:\/\/serveiseducatius.xtec.cat\/altemporda\/wp-json\/wp\/v2\/posts\/21330","targetHints":{"allow":["GET"]}}],"collection":[{"href":"https:\/\/serveiseducatius.xtec.cat\/altemporda\/wp-json\/wp\/v2\/posts"}],"about":[{"href":"https:\/\/serveiseducatius.xtec.cat\/altemporda\/wp-json\/wp\/v2\/types\/post"}],"author":[{"embeddable":true,"href":"https:\/\/serveiseducatius.xtec.cat\/altemporda\/wp-json\/wp\/v2\/users\/4"}],"replies":[{"embeddable":true,"href":"https:\/\/serveiseducatius.xtec.cat\/altemporda\/wp-json\/wp\/v2\/comments?post=21330"}],"version-history":[{"count":6,"href":"https:\/\/serveiseducatius.xtec.cat\/altemporda\/wp-json\/wp\/v2\/posts\/21330\/revisions"}],"predecessor-version":[{"id":21338,"href":"https:\/\/serveiseducatius.xtec.cat\/altemporda\/wp-json\/wp\/v2\/posts\/21330\/revisions\/21338"}],"wp:featuredmedia":[{"embeddable":true,"href":"https:\/\/serveiseducatius.xtec.cat\/altemporda\/wp-json\/wp\/v2\/media\/21331"}],"wp:attachment":[{"href":"https:\/\/serveiseducatius.xtec.cat\/altemporda\/wp-json\/wp\/v2\/media?parent=21330"}],"wp:term":[{"taxonomy":"category","embeddable":true,"href":"https:\/\/serveiseducatius.xtec.cat\/altemporda\/wp-json\/wp\/v2\/categories?post=21330"},{"taxonomy":"post_tag","embeddable":true,"href":"https:\/\/serveiseducatius.xtec.cat\/altemporda\/wp-json\/wp\/v2\/tags?post=21330"}],"curies":[{"name":"wp","href":"https:\/\/api.w.org\/{rel}","templated":true}]}}