{"id":21004,"date":"2023-06-22T09:26:06","date_gmt":"2023-06-22T07:26:06","guid":{"rendered":"https:\/\/serveiseducatius.xtec.cat\/altemporda\/?p=21004"},"modified":"2023-06-22T09:26:06","modified_gmt":"2023-06-22T07:26:06","slug":"moren-plantes-al-cap-de-creus","status":"publish","type":"post","link":"https:\/\/serveiseducatius.xtec.cat\/altemporda\/xarxa-escoles-cap-de-creus\/moren-plantes-al-cap-de-creus\/","title":{"rendered":"Moren plantes al Cap de Creus"},"content":{"rendered":"<p style=\"text-align: justify;\"><a href=\"https:\/\/serveiseducatius.xtec.cat\/altemporda\/wp-content\/uploads\/usu1156\/2023\/06\/Cadec.png\"><img loading=\"lazy\" decoding=\"async\" class=\"wp-image-21008 alignleft\" src=\"https:\/\/serveiseducatius.xtec.cat\/altemporda\/wp-content\/uploads\/usu1156\/2023\/06\/Cadec.png\" alt=\"\" width=\"349\" height=\"205\" srcset=\"https:\/\/serveiseducatius.xtec.cat\/altemporda\/wp-content\/uploads\/usu1156\/2023\/06\/Cadec.png 599w, https:\/\/serveiseducatius.xtec.cat\/altemporda\/wp-content\/uploads\/usu1156\/2023\/06\/Cadec-300x176.png 300w\" sizes=\"auto, (max-width: 349px) 100vw, 349px\" \/><\/a>Moren plantes mediterr\u00e0nies al cap de Creus perqu\u00e8 el clima ja \u00e9s &#8220;pr\u00e0cticament semides\u00e8rtic&#8221;. El responsable del Parc Natural considera &#8220;dram\u00e0tica&#8221; la situaci\u00f3, i alerta del risc d&#8217;incendi.<\/p>\n<p style=\"text-align: justify;\">Els responsables del <a href=\"https:\/\/parcsnaturals.gencat.cat\/ca\/xarxa-de-parcs\/cap-creus\/inici\/index.html\" target=\"_blank\" rel=\"noopener\"><strong>Parc Natural del Cap de Creus<\/strong><\/a>\u00a0alerten que viuen un drama per la sequera prolongada. Estan preocupats perqu\u00e8, segons expliquen, la situaci\u00f3 \u00e9s molt dura. Fins i tot, hi ha algunes plantes acostumades al clima mediterrani que s&#8217;estan morint.\u00a0<strong>Estimen que el risc d&#8217;incendi forestal \u00e9s elevat<\/strong>. L&#8217;\u00faltim foc que va afectar el parc natural va ser e<a href=\"https:\/\/www.ccma.cat\/324\/declarat-un-incendi-a-roses-que-avanca-descontrolat-cap-a-cala-montjoi\/noticia\/3147422\/\" target=\"_blank\" rel=\"noopener\">l 22 de febrer del 2022,<strong>\u00a0<\/strong>i es van cremar unes 400 hect\u00e0rees<\/a>.<\/p>\n<p style=\"text-align: justify;\">Sovint els incendis als parcs naturals s\u00f3n dif\u00edcils d&#8217;evitar durant els mesos de m\u00e9s calor, perqu\u00e8 hi ha molta vegetaci\u00f3 i qualsevol petita espurna pot encendre-la de seguida.\u00a0<strong>Ara<\/strong>\u00a0<strong>les condicions de sequera compliquen les coses.<\/strong><\/p>\n<figure class=\"imatge\"><img loading=\"lazy\" decoding=\"async\" class=\"CKEditorImageContainer_670x378 aligncenter\" src=\"https:\/\/img.ccma.cat\/multimedia\/jpg\/9\/4\/1687261207049_670.jpg\" alt=\"\" width=\"332\" height=\"187\" \/><\/figure>\n<figure class=\"imatge\" style=\"text-align: justify;\">Hi ha plantes que estan morint com ara alguna lleteresa vera (Rosa Mari Gabarr\u00f3 Junyent)<\/figure>\n<p style=\"text-align: justify;\">El director del Parc Natural del Cap de Creus,\u00a0<strong>Pon\u00e7 Feliu<\/strong>, avisa que la situaci\u00f3 de la zona \u00e9s molt complicada: <span style=\"color: #6f6f6f; font-family: inherit; font-size: 1em;\">&#8220;L&#8217;afegit d&#8217;aquest any \u00e9s que fa molt temps que estem patint sequera i tenim una acumulaci\u00f3 de pluja molt escassa,\u00a0<\/span><strong style=\"color: #6f6f6f; font-family: inherit; font-size: 1em;\">pr\u00e0cticament de clima semides\u00e8rtic.&#8221;<\/strong><\/p>\n<figure class=\"imatge\" style=\"text-align: justify;\"><img loading=\"lazy\" decoding=\"async\" class=\"CKEditorImageContainer_670x378 aligncenter\" src=\"https:\/\/img.ccma.cat\/multimedia\/jpg\/6\/8\/1687261205086_670.jpg\" alt=\"\" width=\"329\" height=\"186\" \/><figcaption>Un fragment d&#8217;estepa blanca on es fa evident que li falta aigua (Rosa Mari Gabarr\u00f3 Junyent)<\/figcaption><\/figure>\n<p style=\"text-align: justify;\">Un fet diferencial d&#8217;ara, segons Feliu, \u00e9s que les plantes que estan acostumades al clima mediterrani pateixen per la falta d&#8217;aigua: <span style=\"font-family: inherit; font-size: 1em;\">&#8220;Aquest any hi ha menys vegetaci\u00f3 i fins i tot\u00a0<\/span><strong style=\"font-family: inherit; font-size: 1em;\">s&#8217;estan morint algunes plantes mediterr\u00e0nies<\/strong><span style=\"font-family: inherit; font-size: 1em;\">, que estan acostumades a per\u00edodes secs. Ara b\u00e9, tan secs i severs com aquest n&#8217;hi ha hagut pocs anteriorment.&#8221;<\/span><\/p>\n<figure class=\"imatge\"><img loading=\"lazy\" decoding=\"async\" class=\"CKEditorImageContainer_670x378 aligncenter\" src=\"https:\/\/img.ccma.cat\/multimedia\/jpg\/0\/7\/1687261206170_670.jpg\" alt=\"\" width=\"358\" height=\"202\" \/><figcaption>L&#8217;estepa borrera floreix entre els mesos de maig i juliol (Rosa Mari Gabarr\u00f3 Junyent)<\/figcaption><\/figure>\n<p style=\"text-align: justify;\">Les condicions actuals afavoreixen la possibilitat d&#8217;un incendi perqu\u00e8 la situaci\u00f3 &#8220;<strong>\u00e9s molt dura i dram\u00e0tica pel que fa a la pluja<\/strong>&#8220;. Pon\u00e7 Feliu demana prud\u00e8ncia i que es vagi amb cura quan s&#8217;accedeix al medi natural, ara que venen els mesos de vacances i d&#8217;estiu. Reclama\u00a0<strong>anar amb compte amb els focs artificials<\/strong>\u00a0<strong>per la revetlla de Sant Joan<\/strong>. Amb la vegetaci\u00f3 seca, qualsevol possible espurna podria ser fatal. (<a href=\"https:\/\/www.ccma.cat\/catradio\/catalunya-al-dia\/moren-plantes-mediterranies-al-cap-de-creus-perque-el-clima-ja-es-practicament-semidesertic\/noticia\/3236340\/\">Text. Laia Claret<\/a>)<\/p>\n","protected":false},"excerpt":{"rendered":"<p>.<\/p>\n","protected":false},"author":1,"featured_media":21008,"comment_status":"closed","ping_status":"closed","sticky":false,"template":"","format":"standard","meta":{"_bbp_topic_count":0,"_bbp_reply_count":0,"_bbp_total_topic_count":0,"_bbp_total_reply_count":0,"_bbp_voice_count":0,"_bbp_anonymous_reply_count":0,"_bbp_topic_count_hidden":0,"_bbp_reply_count_hidden":0,"_bbp_forum_subforum_count":0,"site-sidebar-layout":"default","site-content-layout":"","ast-site-content-layout":"","site-content-style":"default","site-sidebar-style":"default","ast-global-header-display":"","ast-banner-title-visibility":"","ast-main-header-display":"","ast-hfb-above-header-display":"","ast-hfb-below-header-display":"","ast-hfb-mobile-header-display":"","site-post-title":"","ast-breadcrumbs-content":"","ast-featured-img":"","footer-sml-layout":"","theme-transparent-header-meta":"","adv-header-id-meta":"","stick-header-meta":"","header-above-stick-meta":"","header-main-stick-meta":"","header-below-stick-meta":"","astra-migrate-meta-layouts":"default","ast-page-background-enabled":"default","ast-page-background-meta":{"desktop":{"background-color":"var(--ast-global-color-4)","background-image":"","background-repeat":"repeat","background-position":"center center","background-size":"auto","background-attachment":"scroll","background-type":"","background-media":"","overlay-type":"","overlay-color":"","overlay-opacity":"","overlay-gradient":""},"tablet":{"background-color":"","background-image":"","background-repeat":"repeat","background-position":"center center","background-size":"auto","background-attachment":"scroll","background-type":"","background-media":"","overlay-type":"","overlay-color":"","overlay-opacity":"","overlay-gradient":""},"mobile":{"background-color":"","background-image":"","background-repeat":"repeat","background-position":"center center","background-size":"auto","background-attachment":"scroll","background-type":"","background-media":"","overlay-type":"","overlay-color":"","overlay-opacity":"","overlay-gradient":""}},"ast-content-background-meta":{"desktop":{"background-color":"var(--ast-global-color-5)","background-image":"","background-repeat":"repeat","background-position":"center center","background-size":"auto","background-attachment":"scroll","background-type":"","background-media":"","overlay-type":"","overlay-color":"","overlay-opacity":"","overlay-gradient":""},"tablet":{"background-color":"var(--ast-global-color-5)","background-image":"","background-repeat":"repeat","background-position":"center center","background-size":"auto","background-attachment":"scroll","background-type":"","background-media":"","overlay-type":"","overlay-color":"","overlay-opacity":"","overlay-gradient":""},"mobile":{"background-color":"var(--ast-global-color-5)","background-image":"","background-repeat":"repeat","background-position":"center center","background-size":"auto","background-attachment":"scroll","background-type":"","background-media":"","overlay-type":"","overlay-color":"","overlay-opacity":"","overlay-gradient":""}},"footnotes":""},"categories":[361],"tags":[363],"class_list":["post-21004","post","type-post","status-publish","format-standard","has-post-thumbnail","hentry","category-xarxa-escoles-cap-de-creus","tag-xepncc"],"post_mailing_queue_ids":[],"_links":{"self":[{"href":"https:\/\/serveiseducatius.xtec.cat\/altemporda\/wp-json\/wp\/v2\/posts\/21004","targetHints":{"allow":["GET"]}}],"collection":[{"href":"https:\/\/serveiseducatius.xtec.cat\/altemporda\/wp-json\/wp\/v2\/posts"}],"about":[{"href":"https:\/\/serveiseducatius.xtec.cat\/altemporda\/wp-json\/wp\/v2\/types\/post"}],"author":[{"embeddable":true,"href":"https:\/\/serveiseducatius.xtec.cat\/altemporda\/wp-json\/wp\/v2\/users\/1"}],"replies":[{"embeddable":true,"href":"https:\/\/serveiseducatius.xtec.cat\/altemporda\/wp-json\/wp\/v2\/comments?post=21004"}],"version-history":[{"count":1,"href":"https:\/\/serveiseducatius.xtec.cat\/altemporda\/wp-json\/wp\/v2\/posts\/21004\/revisions"}],"predecessor-version":[{"id":21010,"href":"https:\/\/serveiseducatius.xtec.cat\/altemporda\/wp-json\/wp\/v2\/posts\/21004\/revisions\/21010"}],"wp:featuredmedia":[{"embeddable":true,"href":"https:\/\/serveiseducatius.xtec.cat\/altemporda\/wp-json\/wp\/v2\/media\/21008"}],"wp:attachment":[{"href":"https:\/\/serveiseducatius.xtec.cat\/altemporda\/wp-json\/wp\/v2\/media?parent=21004"}],"wp:term":[{"taxonomy":"category","embeddable":true,"href":"https:\/\/serveiseducatius.xtec.cat\/altemporda\/wp-json\/wp\/v2\/categories?post=21004"},{"taxonomy":"post_tag","embeddable":true,"href":"https:\/\/serveiseducatius.xtec.cat\/altemporda\/wp-json\/wp\/v2\/tags?post=21004"}],"curies":[{"name":"wp","href":"https:\/\/api.w.org\/{rel}","templated":true}]}}