{"id":20167,"date":"2023-03-10T09:36:49","date_gmt":"2023-03-10T08:36:49","guid":{"rendered":"https:\/\/serveiseducatius.xtec.cat\/altemporda\/?p=20167"},"modified":"2023-03-31T12:36:16","modified_gmt":"2023-03-31T10:36:16","slug":"sete-concurs-doratoria-juvenil-a-lalt-emporda","status":"publish","type":"post","link":"https:\/\/serveiseducatius.xtec.cat\/altemporda\/portada\/sete-concurs-doratoria-juvenil-a-lalt-emporda\/","title":{"rendered":"Set\u00e8 Concurs d\u2019Orat\u00f2ria Juvenil a l\u2019Alt Empord\u00e0"},"content":{"rendered":"<p dir=\"ltr\"><a href=\"https:\/\/serveiseducatius.xtec.cat\/altemporda\/wp-content\/uploads\/usu1156\/2023\/03\/Targeto-Oratoria-2023.png\"><img loading=\"lazy\" decoding=\"async\" class=\"wp-image-20168 alignleft\" src=\"https:\/\/serveiseducatius.xtec.cat\/altemporda\/wp-content\/uploads\/usu1156\/2023\/03\/Targeto-Oratoria-2023.png\" alt=\"\" width=\"495\" height=\"286\" srcset=\"https:\/\/serveiseducatius.xtec.cat\/altemporda\/wp-content\/uploads\/usu1156\/2023\/03\/Targeto-Oratoria-2023.png 838w, https:\/\/serveiseducatius.xtec.cat\/altemporda\/wp-content\/uploads\/usu1156\/2023\/03\/Targeto-Oratoria-2023-300x173.png 300w, https:\/\/serveiseducatius.xtec.cat\/altemporda\/wp-content\/uploads\/usu1156\/2023\/03\/Targeto-Oratoria-2023-768x444.png 768w\" sizes=\"auto, (max-width: 495px) 100vw, 495px\" \/><\/a>Dissabte 18 de mar\u00e7 a les 9 h a l\u2019Auditori dels Caputxins de Figueres tindr\u00e0 lloc el VII Concurs d\u2019Orat\u00f2ria Juvenil a la nostra comarca. L\u2019acte comptar\u00e0 amb la confer\u00e8ncia \u201cAdre\u00e7ar-se a una audi\u00e8ncia\u201d a c\u00e0rrec d&#8217;\u00c0ngels Bassas, actriu, escriptora i docent d&#8217;Arts Esc\u00e8niques.<\/p>\n<p dir=\"ltr\">Podeu trobar m\u00e9s informaci\u00f3 del concurs als seg\u00fcents enlla\u00e7os:<\/p>\n<p dir=\"ltr\"><a href=\"https:\/\/serveiseducatius.xtec.cat\/altemporda\/concurs-oratoria-alt-emporda\/acte-central\/\">Acte central 18 de mar\u00e7<\/a><\/p>\n<p dir=\"ltr\"><a href=\"https:\/\/serveiseducatius.xtec.cat\/altemporda\/categoria\/oratoria\/\">Web Concurs d&#8217;Orat\u00f2ria Juvenil AE<\/a><\/p>\n","protected":false},"excerpt":{"rendered":"<p>Dissabte 18 de mar\u00e7 a les 9 h a l\u2019Auditori dels Caputxins de Figueres tindr\u00e0 lloc el VII Concurs d\u2019Orat\u00f2ria Juvenil a la nostra comarca.<\/p>\n","protected":false},"author":71,"featured_media":20168,"comment_status":"closed","ping_status":"closed","sticky":false,"template":"","format":"standard","meta":{"_bbp_topic_count":0,"_bbp_reply_count":0,"_bbp_total_topic_count":0,"_bbp_total_reply_count":0,"_bbp_voice_count":0,"_bbp_anonymous_reply_count":0,"_bbp_topic_count_hidden":0,"_bbp_reply_count_hidden":0,"_bbp_forum_subforum_count":0,"site-sidebar-layout":"default","site-content-layout":"","ast-site-content-layout":"","site-content-style":"default","site-sidebar-style":"default","ast-global-header-display":"","ast-banner-title-visibility":"","ast-main-header-display":"","ast-hfb-above-header-display":"","ast-hfb-below-header-display":"","ast-hfb-mobile-header-display":"","site-post-title":"","ast-breadcrumbs-content":"","ast-featured-img":"","footer-sml-layout":"","theme-transparent-header-meta":"","adv-header-id-meta":"","stick-header-meta":"","header-above-stick-meta":"","header-main-stick-meta":"","header-below-stick-meta":"","astra-migrate-meta-layouts":"default","ast-page-background-enabled":"default","ast-page-background-meta":{"desktop":{"background-color":"var(--ast-global-color-4)","background-image":"","background-repeat":"repeat","background-position":"center center","background-size":"auto","background-attachment":"scroll","background-type":"","background-media":"","overlay-type":"","overlay-color":"","overlay-opacity":"","overlay-gradient":""},"tablet":{"background-color":"","background-image":"","background-repeat":"repeat","background-position":"center center","background-size":"auto","background-attachment":"scroll","background-type":"","background-media":"","overlay-type":"","overlay-color":"","overlay-opacity":"","overlay-gradient":""},"mobile":{"background-color":"","background-image":"","background-repeat":"repeat","background-position":"center center","background-size":"auto","background-attachment":"scroll","background-type":"","background-media":"","overlay-type":"","overlay-color":"","overlay-opacity":"","overlay-gradient":""}},"ast-content-background-meta":{"desktop":{"background-color":"var(--ast-global-color-5)","background-image":"","background-repeat":"repeat","background-position":"center center","background-size":"auto","background-attachment":"scroll","background-type":"","background-media":"","overlay-type":"","overlay-color":"","overlay-opacity":"","overlay-gradient":""},"tablet":{"background-color":"var(--ast-global-color-5)","background-image":"","background-repeat":"repeat","background-position":"center center","background-size":"auto","background-attachment":"scroll","background-type":"","background-media":"","overlay-type":"","overlay-color":"","overlay-opacity":"","overlay-gradient":""},"mobile":{"background-color":"var(--ast-global-color-5)","background-image":"","background-repeat":"repeat","background-position":"center center","background-size":"auto","background-attachment":"scroll","background-type":"","background-media":"","overlay-type":"","overlay-color":"","overlay-opacity":"","overlay-gradient":""}},"footnotes":""},"categories":[413,65,66,309,29],"tags":[],"class_list":["post-20167","post","type-post","status-publish","format-standard","has-post-thumbnail","hentry","category-oratoria","category-crp","category-dinamitzacio","category-sec","category-portada"],"post_mailing_queue_ids":[],"_links":{"self":[{"href":"https:\/\/serveiseducatius.xtec.cat\/altemporda\/wp-json\/wp\/v2\/posts\/20167","targetHints":{"allow":["GET"]}}],"collection":[{"href":"https:\/\/serveiseducatius.xtec.cat\/altemporda\/wp-json\/wp\/v2\/posts"}],"about":[{"href":"https:\/\/serveiseducatius.xtec.cat\/altemporda\/wp-json\/wp\/v2\/types\/post"}],"author":[{"embeddable":true,"href":"https:\/\/serveiseducatius.xtec.cat\/altemporda\/wp-json\/wp\/v2\/users\/71"}],"replies":[{"embeddable":true,"href":"https:\/\/serveiseducatius.xtec.cat\/altemporda\/wp-json\/wp\/v2\/comments?post=20167"}],"version-history":[{"count":1,"href":"https:\/\/serveiseducatius.xtec.cat\/altemporda\/wp-json\/wp\/v2\/posts\/20167\/revisions"}],"predecessor-version":[{"id":20169,"href":"https:\/\/serveiseducatius.xtec.cat\/altemporda\/wp-json\/wp\/v2\/posts\/20167\/revisions\/20169"}],"wp:featuredmedia":[{"embeddable":true,"href":"https:\/\/serveiseducatius.xtec.cat\/altemporda\/wp-json\/wp\/v2\/media\/20168"}],"wp:attachment":[{"href":"https:\/\/serveiseducatius.xtec.cat\/altemporda\/wp-json\/wp\/v2\/media?parent=20167"}],"wp:term":[{"taxonomy":"category","embeddable":true,"href":"https:\/\/serveiseducatius.xtec.cat\/altemporda\/wp-json\/wp\/v2\/categories?post=20167"},{"taxonomy":"post_tag","embeddable":true,"href":"https:\/\/serveiseducatius.xtec.cat\/altemporda\/wp-json\/wp\/v2\/tags?post=20167"}],"curies":[{"name":"wp","href":"https:\/\/api.w.org\/{rel}","templated":true}]}}