{"id":19726,"date":"2023-02-09T10:04:48","date_gmt":"2023-02-09T09:04:48","guid":{"rendered":"https:\/\/serveiseducatius.xtec.cat\/altemporda\/?p=19726"},"modified":"2023-02-09T16:24:39","modified_gmt":"2023-02-09T15:24:39","slug":"xvii-edicio-del-premi-8-de-marc-maria-rosa-ymbert","status":"publish","type":"post","link":"https:\/\/serveiseducatius.xtec.cat\/altemporda\/portada\/xvii-edicio-del-premi-8-de-marc-maria-rosa-ymbert\/","title":{"rendered":"XVII edici\u00f3 del Premi &#8220;8 de mar\u00e7 Maria Rosa Ymbert&#8221;"},"content":{"rendered":"<p><img loading=\"lazy\" decoding=\"async\" class=\" wp-image-19727 alignleft\" src=\"https:\/\/serveiseducatius.xtec.cat\/altemporda\/wp-content\/uploads\/usu1156\/2023\/02\/Premis-8-de-marc-MR-Ymbert-1-1.png\" alt=\"\" width=\"196\" height=\"276\" srcset=\"https:\/\/serveiseducatius.xtec.cat\/altemporda\/wp-content\/uploads\/usu1156\/2023\/02\/Premis-8-de-marc-MR-Ymbert-1-1.png 450w, https:\/\/serveiseducatius.xtec.cat\/altemporda\/wp-content\/uploads\/usu1156\/2023\/02\/Premis-8-de-marc-MR-Ymbert-1-1-213x300.png 213w\" sizes=\"auto, (max-width: 196px) 100vw, 196px\" \/>Coincidint amb el Dia de la Dona, l&#8217;Ajuntament de figueres convoca la <em><strong>XVII edici\u00f3 <\/strong><\/em><span style=\"font-family: inherit; font-size: 1em;\"><em><strong>del Premi 8 de mar\u00e7 Maria Rosa Ymbert<\/strong><\/em> contra la desigualtat de g\u00e8nere, que vol ser un homenatge a la figura de la Maria Rosa Ymbert pel seu comprom\u00eds en la igualtat entre homes i dones.<\/span><\/p>\n<p><span style=\"font-family: inherit; font-size: 1em;\">Va dirigit als estudiants de tercer i quart d\u2019ESO de la comarca<\/span> i tenen com a objectiu que els joves puguin expressar-se i plasmar de manera creativa -pl\u00e0stica o liter\u00e0ria- el que vulguin respecte a la igualtat entre homes i dones.<\/p>\n<p>&nbsp;<\/p>\n<p>El termini de presentaci\u00f3 dels treballs \u00e9s del\u00a0<b>13 al 20 de febrer<\/b>.<\/p>\n<p>&nbsp;<\/p>\n<p style=\"text-align: center;\"><strong><span style=\"font-size: 14pt;\">Podeu consultar les bases de la convocat\u00f2ria seguint <a href=\"https:\/\/drive.google.com\/file\/d\/16y1uXySDoWKKBRvDaGWyxt7BUXGoLsgF\/preview\" target=\"_blank\" rel=\"noopener\">aquest enlla\u00e7<\/a>.<\/span><\/strong><\/p>\n<p>&nbsp;<\/p>\n<p>&nbsp;<\/p>\n","protected":false},"excerpt":{"rendered":"<p>Coincidint amb el Dia de la Dona es convoca la XVII edici\u00f3 del Premi 8 de mar\u00e7 Maria Rosa Ymbert contra la desigualtat de g\u00e8nere<\/p>\n","protected":false},"author":4,"featured_media":19727,"comment_status":"closed","ping_status":"closed","sticky":false,"template":"","format":"standard","meta":{"_bbp_topic_count":0,"_bbp_reply_count":0,"_bbp_total_topic_count":0,"_bbp_total_reply_count":0,"_bbp_voice_count":0,"_bbp_anonymous_reply_count":0,"_bbp_topic_count_hidden":0,"_bbp_reply_count_hidden":0,"_bbp_forum_subforum_count":0,"site-sidebar-layout":"default","site-content-layout":"","ast-site-content-layout":"","site-content-style":"default","site-sidebar-style":"default","ast-global-header-display":"","ast-banner-title-visibility":"","ast-main-header-display":"","ast-hfb-above-header-display":"","ast-hfb-below-header-display":"","ast-hfb-mobile-header-display":"","site-post-title":"","ast-breadcrumbs-content":"","ast-featured-img":"","footer-sml-layout":"","theme-transparent-header-meta":"","adv-header-id-meta":"","stick-header-meta":"","header-above-stick-meta":"","header-main-stick-meta":"","header-below-stick-meta":"","astra-migrate-meta-layouts":"default","ast-page-background-enabled":"default","ast-page-background-meta":{"desktop":{"background-color":"var(--ast-global-color-4)","background-image":"","background-repeat":"repeat","background-position":"center center","background-size":"auto","background-attachment":"scroll","background-type":"","background-media":"","overlay-type":"","overlay-color":"","overlay-opacity":"","overlay-gradient":""},"tablet":{"background-color":"","background-image":"","background-repeat":"repeat","background-position":"center center","background-size":"auto","background-attachment":"scroll","background-type":"","background-media":"","overlay-type":"","overlay-color":"","overlay-opacity":"","overlay-gradient":""},"mobile":{"background-color":"","background-image":"","background-repeat":"repeat","background-position":"center center","background-size":"auto","background-attachment":"scroll","background-type":"","background-media":"","overlay-type":"","overlay-color":"","overlay-opacity":"","overlay-gradient":""}},"ast-content-background-meta":{"desktop":{"background-color":"var(--ast-global-color-5)","background-image":"","background-repeat":"repeat","background-position":"center center","background-size":"auto","background-attachment":"scroll","background-type":"","background-media":"","overlay-type":"","overlay-color":"","overlay-opacity":"","overlay-gradient":""},"tablet":{"background-color":"var(--ast-global-color-5)","background-image":"","background-repeat":"repeat","background-position":"center center","background-size":"auto","background-attachment":"scroll","background-type":"","background-media":"","overlay-type":"","overlay-color":"","overlay-opacity":"","overlay-gradient":""},"mobile":{"background-color":"var(--ast-global-color-5)","background-image":"","background-repeat":"repeat","background-position":"center center","background-size":"auto","background-attachment":"scroll","background-type":"","background-media":"","overlay-type":"","overlay-color":"","overlay-opacity":"","overlay-gradient":""}},"footnotes":""},"categories":[66,524,29],"tags":[],"class_list":["post-19726","post","type-post","status-publish","format-standard","has-post-thumbnail","hentry","category-dinamitzacio","category-diversitat-s","category-portada"],"post_mailing_queue_ids":[],"_links":{"self":[{"href":"https:\/\/serveiseducatius.xtec.cat\/altemporda\/wp-json\/wp\/v2\/posts\/19726","targetHints":{"allow":["GET"]}}],"collection":[{"href":"https:\/\/serveiseducatius.xtec.cat\/altemporda\/wp-json\/wp\/v2\/posts"}],"about":[{"href":"https:\/\/serveiseducatius.xtec.cat\/altemporda\/wp-json\/wp\/v2\/types\/post"}],"author":[{"embeddable":true,"href":"https:\/\/serveiseducatius.xtec.cat\/altemporda\/wp-json\/wp\/v2\/users\/4"}],"replies":[{"embeddable":true,"href":"https:\/\/serveiseducatius.xtec.cat\/altemporda\/wp-json\/wp\/v2\/comments?post=19726"}],"version-history":[{"count":3,"href":"https:\/\/serveiseducatius.xtec.cat\/altemporda\/wp-json\/wp\/v2\/posts\/19726\/revisions"}],"predecessor-version":[{"id":19732,"href":"https:\/\/serveiseducatius.xtec.cat\/altemporda\/wp-json\/wp\/v2\/posts\/19726\/revisions\/19732"}],"wp:featuredmedia":[{"embeddable":true,"href":"https:\/\/serveiseducatius.xtec.cat\/altemporda\/wp-json\/wp\/v2\/media\/19727"}],"wp:attachment":[{"href":"https:\/\/serveiseducatius.xtec.cat\/altemporda\/wp-json\/wp\/v2\/media?parent=19726"}],"wp:term":[{"taxonomy":"category","embeddable":true,"href":"https:\/\/serveiseducatius.xtec.cat\/altemporda\/wp-json\/wp\/v2\/categories?post=19726"},{"taxonomy":"post_tag","embeddable":true,"href":"https:\/\/serveiseducatius.xtec.cat\/altemporda\/wp-json\/wp\/v2\/tags?post=19726"}],"curies":[{"name":"wp","href":"https:\/\/api.w.org\/{rel}","templated":true}]}}