{"id":18784,"date":"2023-01-09T10:38:39","date_gmt":"2023-01-09T09:38:39","guid":{"rendered":"https:\/\/serveiseducatius.xtec.cat\/altemporda\/?p=18784"},"modified":"2023-01-26T13:19:49","modified_gmt":"2023-01-26T12:19:49","slug":"obertura-del-2n-torn-de-formacio-al-pfz","status":"publish","type":"post","link":"https:\/\/serveiseducatius.xtec.cat\/altemporda\/general\/obertura-del-2n-torn-de-formacio-al-pfz\/","title":{"rendered":"Obert el 2n torn de formaci\u00f3 al PFZ"},"content":{"rendered":"<p><img loading=\"lazy\" decoding=\"async\" class=\" wp-image-422 alignleft\" src=\"https:\/\/serveiseducatius.xtec.cat\/altemporda\/wp-content\/uploads\/usu1156\/2015\/11\/pfz.jpg\" alt=\"\" width=\"193\" height=\"146\" srcset=\"https:\/\/serveiseducatius.xtec.cat\/altemporda\/wp-content\/uploads\/usu1156\/2015\/11\/pfz.jpg 258w, https:\/\/serveiseducatius.xtec.cat\/altemporda\/wp-content\/uploads\/usu1156\/2015\/11\/pfz-200x150.jpg 200w\" sizes=\"auto, (max-width: 193px) 100vw, 193px\" \/><\/p>\n<p>S&#8217;ha obert el 2n torn d&#8217;activitats formatives del PFZ a l&#8217;Alt Empord\u00e0:<\/p>\n<p>\ud83d\udcc6\u00a0Del 7 al 17 de gener us podeu inscriure a les activitats del Pla de Formaci\u00f3 del 2n Torn.<br \/>\n\ud83d\udcc6 Podreu consultar les adjudicacions a partir del 31 de gener i les activitats s\u2019iniciaran, oficialment, a partir de 6 de febrer del 2023.<\/p>\n<p>&nbsp;<\/p>\n<p><strong>5011501501<\/strong><br \/>\n2022-2023<br \/>\n<em>Descobreix el PN del Cap de Creus: avan\u00e7at secund\u00e0ria<\/em> (Restringida als centres del Parc Natural del Cap de Creus).<br \/>\nCurs. CRP de l&#8217;Alt Empord\u00e0 (Figueres). Del divendres 4\/2\/2022 al 6\/5\/2023 de 9:00 h a 14:00 h.<\/p>\n<p><strong>5011541501<\/strong><br \/>\n2022-2023<br \/>\n<em>Rob\u00f2tica a l&#8217;aula de prim\u00e0ria<\/em><br \/>\nTaller. CRP de l&#8217;Alt Empord\u00e0 (Figueres). Pendent de calendari<\/p>\n<p><strong>5015100529<\/strong><br \/>\n2022-2023<br \/>\n<em>Formaci\u00f3 Compet\u00e8ncia Digital docent, nivell A1 (CRP-presencial) (<a href=\"https:\/\/aplicacions.gestioeducativa.gencat.cat\/pls\/soloas\/pk_for_mod_ins.p_for_detall_activitat?p_codi=5015100529&amp;p_curs=2022-2023&amp;p_es_inscr=S\" target=\"_blank\" rel=\"noopener\">inscripci\u00f3 oberta<\/a>)<\/em><br \/>\nCurs (40 hores). CRP de l&#8217;Alt Empord\u00e0 (Figueres). Pendent de calendari<\/p>\n<p><strong>5015110529<\/strong><br \/>\n2022-2023<br \/>\n<em><i>Formaci\u00f3 Compet\u00e8ncia Digital docent, nivell A2 (CRP) (<a href=\"https:\/\/aplicacions.gestioeducativa.gencat.cat\/pls\/soloas\/pk_for_mod_ins.p_for_detall_activitat?p_codi=5015110529&amp;p_curs=2022-2023&amp;p_es_inscr=S\" target=\"_blank\" rel=\"noopener\">inscripci\u00f3 oberta<\/a>)<\/i><\/em><br \/>\nCurs (50 hores). CRP de l&#8217;Alt Empord\u00e0 (Figueres). Pendent de calendari<\/p>\n<p><strong>5015120529<\/strong><br \/>\n2022-2023<br \/>\n<em>Formaci\u00f3 Compet\u00e8ncia Digital docent, nivell B1 (CRP) (<a href=\"https:\/\/aplicacions.gestioeducativa.gencat.cat\/pls\/soloas\/pk_for_mod_ins.p_for_detall_activitat?p_codi=5015120529&amp;p_curs=2022-2023&amp;p_es_inscr=S\" target=\"_blank\" rel=\"noopener\">inscripci\u00f3 oberta<\/a>)<\/em><br \/>\nCurs (60 hores). CRP de l&#8217;Alt Empord\u00e0 (Figueres). Pendent de calendari<\/p>\n<p><strong>5011691501<\/strong><br \/>\n<em>A l&#8217;escola tamb\u00e9 parlem de pantalles (II) &#8211; Grup 1<\/em> (<a href=\"https:\/\/aplicacions.gestioeducativa.gencat.cat\/pls\/soloas\/pk_for_mod_ins.p_for_detall_activitat?p_codi=5011691501&amp;p_curs=2022-2023&amp;p_es_inscr=S\" target=\"_blank\" rel=\"noopener\">inscripci\u00f3 oberta<\/a>)<br \/>\nTaller. CRP de l&#8217;Alt Empord\u00e0 (Figueres). Del dimarts 17\/1\/2023 al 24\/1\/2023 de 17:30 h a 19:30 h.<\/p>\n<p><strong>5011701501<\/strong><br \/>\n2022-2023<br \/>\n<em>A l&#8217;escola tamb\u00e9 parlem de pantalles (II) &#8211; Grup 2<\/em> (<a href=\"https:\/\/aplicacions.gestioeducativa.gencat.cat\/pls\/soloas\/pk_for_mod_ins.p_for_detall_activitat?p_codi=5011701501&amp;p_curs=2022-2023&amp;p_es_inscr=S\" target=\"_blank\" rel=\"noopener\">inscripci\u00f3 oberta<\/a>)<br \/>\nTaller. CRP de l&#8217;Alt Empord\u00e0 (Figueres). Del dimarts 7\/2\/2023 al 14\/2\/2023 de 17:30 h a 19:30 h.<\/p>\n<p><strong>5011711501<\/strong><br \/>\n2022-2023<br \/>\n<em>A l&#8217;escola tamb\u00e9 parlem de pantalles (II) &#8211; Grup 3<\/em> (<a href=\"https:\/\/aplicacions.gestioeducativa.gencat.cat\/pls\/soloas\/pk_for_mod_ins.p_for_detall_activitat?p_codi=5011711501&amp;p_curs=2022-2023&amp;p_es_inscr=S\" target=\"_blank\" rel=\"noopener\">inscripci\u00f3 oberta<\/a>)<br \/>\nTaller. CRP de l&#8217;Alt Empord\u00e0 (Figueres). Del dimarts 28\/2\/2023 al 7\/3\/2023 de 17:30 h a 19:30 h.<\/p>\n<p><strong>5011721501<\/strong><br \/>\n2022-2023<br \/>\n<em>A l&#8217;escola tamb\u00e9 parlem de pantalles (II) &#8211; Grup 4<\/em> (<a href=\"https:\/\/aplicacions.gestioeducativa.gencat.cat\/pls\/soloas\/pk_for_mod_ins.p_for_detall_activitat?p_codi=5011721501&amp;p_curs=2022-2023&amp;p_es_inscr=S\" target=\"_blank\" rel=\"noopener\">inscripci\u00f3 oberta<\/a>)<br \/>\nTaller. CRP de l&#8217;Alt Empord\u00e0 (Figueres). Del dimarts 14\/3\/2023 al 21\/3\/2023 de 17:30 h a 19:30 h.<\/p>\n<p><strong>5011731501<\/strong><br \/>\n2022-2023<br \/>\n<em>A l&#8217;escola tamb\u00e9 parlem de pantalles (II) &#8211; Grup 5<\/em> (<a href=\"https:\/\/aplicacions.gestioeducativa.gencat.cat\/pls\/soloas\/pk_for_mod_ins.p_for_detall_activitat?p_codi=5011731501&amp;p_curs=2022-2023&amp;p_es_inscr=S\" target=\"_blank\" rel=\"noopener\">inscripci\u00f3 oberta<\/a>)<br \/>\nTaller. CRP de l&#8217;Alt Empord\u00e0 (Figueres). Del dimarts 11\/4\/2023 al 18\/4\/2023 de 17:30 h a 19:30 h.<\/p>\n<p><strong>5011741501<\/strong><br \/>\n2022-2023<br \/>\n<em>A l&#8217;escola tamb\u00e9 parlem de pantalles (II) &#8211; Grup 6<\/em> (<a href=\"https:\/\/aplicacions.gestioeducativa.gencat.cat\/pls\/soloas\/pk_for_mod_ins.p_for_detall_activitat?p_codi=5011741501&amp;p_curs=2022-2023&amp;p_es_inscr=S\" target=\"_blank\" rel=\"noopener\">inscripci\u00f3 oberta<\/a>)<br \/>\nTaller. CRP de l&#8217;Alt Empord\u00e0 (Figueres). Del dimarts 9\/5\/2023 al 16\/5\/2023 de 17:30 h a 19:30 h.<\/p>\n<p><strong>5011751501<\/strong><br \/>\n2022-2023<br \/>\n<em>Estrat\u00e8gies de treball amb alumnat NESE NEE a educaci\u00f3 infantil<\/em><br \/>\nGrup de treball. CRP de l&#8217;Alt Empord\u00e0 (Figueres). Del dijous 26\/1\/2023 al 30\/6\/2023 de 17:30 h a 19:00 h.<\/p>\n<p><strong>5011761501<\/strong><br \/>\n2022-2023<br \/>\n<em>emp\u00e0ticaMENT parlant<\/em> (<a href=\"https:\/\/aplicacions.gestioeducativa.gencat.cat\/pls\/soloas\/pk_for_mod_ins.p_for_detall_activitat?p_codi=5011761501&amp;p_curs=2022-2023&amp;p_es_inscr=S\" target=\"_blank\" rel=\"noopener\">inscripci\u00f3 oberta<\/a>)<br \/>\nTaller. CRP de l&#8217;Alt Empord\u00e0 (Figueres). Del dimecres 1\/2\/2023 a l&#8217;1\/3\/2023 de 18:00 h a 20:00 h.<\/p>\n<p><strong>5011781501<\/strong><br \/>\n2022-2023<br \/>\n<em>Vicen\u00e7 Pag\u00e8s a l&#8217;aula<\/em> (<a href=\"https:\/\/aplicacions.gestioeducativa.gencat.cat\/pls\/soloas\/pk_for_mod_ins.p_for_detall_activitat?p_codi=5011781501&amp;p_curs=2022-2023&amp;p_es_inscr=S\" target=\"_blank\" rel=\"noopener\">inscripci\u00f3 oberta<\/a>)<br \/>\nConfer\u00e8ncia. CRP de l&#8217;Alt Empord\u00e0 (Figueres). Del dimarts 31\/1\/2023 al 31\/1\/2023 de 17:00 h a 19:00 h.<\/p>\n<p><strong>5011791501<\/strong><br \/>\n2022-2023<br \/>\n<em>Exposici\u00f3 MMACA 1r torn<\/em><br \/>\nTaller. CRP de l&#8217;Alt Empord\u00e0 (Figueres). Del dijous 4\/5\/2023 al 4\/5\/2023 de 17:00 h a 19:30 h.<\/p>\n<p><strong>5011801501<\/strong><br \/>\n2022-2023<br \/>\n<em>Exposici\u00f3 MMACA 2n torn<\/em><br \/>\nTaller. CRP de l&#8217;Alt Empord\u00e0 (Figueres). Del divendres 5\/5\/2023 al 5\/5\/2023 de 17:00 h a 19:30 h.<\/p>\n<p><strong>5011811501<\/strong><br \/>\n2022-2023<br \/>\n<em>Exposici\u00f3 MMACA 3r torn<\/em><br \/>\nTaller. CRP de l&#8217;Alt Empord\u00e0 (Figueres). Del dissabte 6\/5\/2023 al 6\/5\/2023 de 10:00 h a 12:30 h.<\/p>\n<p><strong>5011411501<\/strong><br \/>\n2022-2023<br \/>\n<em>El megalitisme de l&#8217;Alt Empord\u00e0 a Prim\u00e0ria<\/em><br \/>\nTaller. CRP de l&#8217;Alt Empord\u00e0 (Figueres). Pendent de calendari<\/p>\n<p><strong>5011421501<\/strong><br \/>\n2022-2023<br \/>\n<em>Les cultures cl\u00e0ssiques de l&#8217;Alt Empord\u00e0 a Prim\u00e0ria<\/em><br \/>\nCurs. CRP de l&#8217;Alt Empord\u00e0 (Figueres). Pendent de calendari<\/p>\n<p><strong>5011431501<\/strong><br \/>\n2022-2023<br \/>\n<em>El rom\u00e0nic de l&#8217;Alt Empord\u00e0 a Prim\u00e0ria<\/em><br \/>\nCurs. CRP de l&#8217;Alt Empord\u00e0 (Figueres). Pendent de calendari<\/p>\n","protected":false},"excerpt":{"rendered":"<p>S&#8217;ha obert el 2n torn d&#8217;activitats formatives del PFZ a l&#8217;Alt Empord\u00e0:<\/p>\n","protected":false},"author":4,"featured_media":13603,"comment_status":"closed","ping_status":"closed","sticky":false,"template":"","format":"standard","meta":{"_bbp_topic_count":0,"_bbp_reply_count":0,"_bbp_total_topic_count":0,"_bbp_total_reply_count":0,"_bbp_voice_count":0,"_bbp_anonymous_reply_count":0,"_bbp_topic_count_hidden":0,"_bbp_reply_count_hidden":0,"_bbp_forum_subforum_count":0,"site-sidebar-layout":"default","site-content-layout":"","ast-site-content-layout":"","site-content-style":"default","site-sidebar-style":"default","ast-global-header-display":"","ast-banner-title-visibility":"","ast-main-header-display":"","ast-hfb-above-header-display":"","ast-hfb-below-header-display":"","ast-hfb-mobile-header-display":"","site-post-title":"","ast-breadcrumbs-content":"","ast-featured-img":"","footer-sml-layout":"","theme-transparent-header-meta":"","adv-header-id-meta":"","stick-header-meta":"","header-above-stick-meta":"","header-main-stick-meta":"","header-below-stick-meta":"","astra-migrate-meta-layouts":"default","ast-page-background-enabled":"default","ast-page-background-meta":{"desktop":{"background-color":"var(--ast-global-color-4)","background-image":"","background-repeat":"repeat","background-position":"center center","background-size":"auto","background-attachment":"scroll","background-type":"","background-media":"","overlay-type":"","overlay-color":"","overlay-opacity":"","overlay-gradient":""},"tablet":{"background-color":"","background-image":"","background-repeat":"repeat","background-position":"center center","background-size":"auto","background-attachment":"scroll","background-type":"","background-media":"","overlay-type":"","overlay-color":"","overlay-opacity":"","overlay-gradient":""},"mobile":{"background-color":"","background-image":"","background-repeat":"repeat","background-position":"center center","background-size":"auto","background-attachment":"scroll","background-type":"","background-media":"","overlay-type":"","overlay-color":"","overlay-opacity":"","overlay-gradient":""}},"ast-content-background-meta":{"desktop":{"background-color":"var(--ast-global-color-5)","background-image":"","background-repeat":"repeat","background-position":"center center","background-size":"auto","background-attachment":"scroll","background-type":"","background-media":"","overlay-type":"","overlay-color":"","overlay-opacity":"","overlay-gradient":""},"tablet":{"background-color":"var(--ast-global-color-5)","background-image":"","background-repeat":"repeat","background-position":"center center","background-size":"auto","background-attachment":"scroll","background-type":"","background-media":"","overlay-type":"","overlay-color":"","overlay-opacity":"","overlay-gradient":""},"mobile":{"background-color":"var(--ast-global-color-5)","background-image":"","background-repeat":"repeat","background-position":"center center","background-size":"auto","background-attachment":"scroll","background-type":"","background-media":"","overlay-type":"","overlay-color":"","overlay-opacity":"","overlay-gradient":""}},"footnotes":""},"categories":[65,1,29],"tags":[],"class_list":["post-18784","post","type-post","status-publish","format-standard","has-post-thumbnail","hentry","category-crp","category-general","category-portada"],"post_mailing_queue_ids":[],"_links":{"self":[{"href":"https:\/\/serveiseducatius.xtec.cat\/altemporda\/wp-json\/wp\/v2\/posts\/18784","targetHints":{"allow":["GET"]}}],"collection":[{"href":"https:\/\/serveiseducatius.xtec.cat\/altemporda\/wp-json\/wp\/v2\/posts"}],"about":[{"href":"https:\/\/serveiseducatius.xtec.cat\/altemporda\/wp-json\/wp\/v2\/types\/post"}],"author":[{"embeddable":true,"href":"https:\/\/serveiseducatius.xtec.cat\/altemporda\/wp-json\/wp\/v2\/users\/4"}],"replies":[{"embeddable":true,"href":"https:\/\/serveiseducatius.xtec.cat\/altemporda\/wp-json\/wp\/v2\/comments?post=18784"}],"version-history":[{"count":3,"href":"https:\/\/serveiseducatius.xtec.cat\/altemporda\/wp-json\/wp\/v2\/posts\/18784\/revisions"}],"predecessor-version":[{"id":18925,"href":"https:\/\/serveiseducatius.xtec.cat\/altemporda\/wp-json\/wp\/v2\/posts\/18784\/revisions\/18925"}],"wp:featuredmedia":[{"embeddable":true,"href":"https:\/\/serveiseducatius.xtec.cat\/altemporda\/wp-json\/wp\/v2\/media\/13603"}],"wp:attachment":[{"href":"https:\/\/serveiseducatius.xtec.cat\/altemporda\/wp-json\/wp\/v2\/media?parent=18784"}],"wp:term":[{"taxonomy":"category","embeddable":true,"href":"https:\/\/serveiseducatius.xtec.cat\/altemporda\/wp-json\/wp\/v2\/categories?post=18784"},{"taxonomy":"post_tag","embeddable":true,"href":"https:\/\/serveiseducatius.xtec.cat\/altemporda\/wp-json\/wp\/v2\/tags?post=18784"}],"curies":[{"name":"wp","href":"https:\/\/api.w.org\/{rel}","templated":true}]}}