{"id":17795,"date":"2022-09-13T08:15:35","date_gmt":"2022-09-13T06:15:35","guid":{"rendered":"https:\/\/serveiseducatius.xtec.cat\/altemporda\/?p=17795"},"modified":"2022-09-13T08:15:35","modified_gmt":"2022-09-13T06:15:35","slug":"setmana-bio-a-lescola-15-23-doctubre","status":"publish","type":"post","link":"https:\/\/serveiseducatius.xtec.cat\/altemporda\/portada\/setmana-bio-a-lescola-15-23-doctubre\/","title":{"rendered":"Setmana Bio a l&#8217;escola! 15-23 d&#8217;octubre"},"content":{"rendered":"<p dir=\"ltr\"><img loading=\"lazy\" decoding=\"async\" class=\"size-full wp-image-17796 alignleft\" src=\"https:\/\/serveiseducatius.xtec.cat\/altemporda\/wp-content\/uploads\/usu1156\/2022\/09\/pasted-image-0.png\" alt=\"\" width=\"400\" height=\"110\" srcset=\"https:\/\/serveiseducatius.xtec.cat\/altemporda\/wp-content\/uploads\/usu1156\/2022\/09\/pasted-image-0.png 400w, https:\/\/serveiseducatius.xtec.cat\/altemporda\/wp-content\/uploads\/usu1156\/2022\/09\/pasted-image-0-300x83.png 300w\" sizes=\"auto, (max-width: 400px) 100vw, 400px\" \/>La <a href=\"https:\/\/setmanabio.cat\/setmana-bio-escola\/\" target=\"_blank\" rel=\"noopener\" data-saferedirecturl=\"https:\/\/www.google.com\/url?q=https:\/\/setmanabio.cat\/setmana-bio-escola\/&amp;source=gmail&amp;ust=1663135758438000&amp;usg=AOvVaw3yKFUFpvK62HlMTL2ar2iG\">Setmana Bio a l\u2019escola <\/a>\u00e9s una proposta que forma part de la <a href=\"https:\/\/setmanabio.cat\/setmana-bio\/\" target=\"_blank\" rel=\"noopener\" data-saferedirecturl=\"https:\/\/www.google.com\/url?q=https:\/\/setmanabio.cat\/setmana-bio\/&amp;source=gmail&amp;ust=1663135758438000&amp;usg=AOvVaw3qWrg4liBvN9M7alPcx1h-\">Setmana Bio per l\u2019alimentaci\u00f3 ecol\u00f2gica<\/a>, amb els mateixos objectius de promocionar i donar a con\u00e8ixer el sistema de producci\u00f3 i alimentaci\u00f3 ecol\u00f2gica, concretament entre les persones de la comunitat educativa ja que \u00e9s una tem\u00e0tica absolutament b\u00e0sica en el proc\u00e9s d\u2019educaci\u00f3 i coneixement del m\u00f3n que ens envolta, per les seves implicacions en el medi ambient i en la sobirania aliment\u00e0ria dels pobles.<\/p>\n<p dir=\"ltr\">Si des del vostre centre educatiu esteu interessats en realitzar, qualsevol activitat destinada a reflexionar al voltant de la producci\u00f3 agr\u00e0ria i l\u2019alimentaci\u00f3, el seu impacte i sostenibilitat, i donar a con\u00e8ixer i promoure la producci\u00f3 i l\u2019alimentaci\u00f3 ecol\u00f2gica entre el vostre alumnat, us proposem que la inclogueu dins del programa de la <a href=\"https:\/\/setmanabio.cat\/setmana-bio-escola\/\" target=\"_blank\" rel=\"noopener\" data-saferedirecturl=\"https:\/\/www.google.com\/url?q=https:\/\/setmanabio.cat\/setmana-bio-escola\/&amp;source=gmail&amp;ust=1663135758438000&amp;usg=AOvVaw3yKFUFpvK62HlMTL2ar2iG\">Setmana Bio a l\u2019escola<\/a>.<\/p>\n<p dir=\"ltr\">A mode d\u2019exemple, us proposem algunes de les activitats que podr\u00edeu organitzar en el vostre centre:<\/p>\n<ul>\n<li dir=\"ltr\">\n<p dir=\"ltr\" role=\"presentation\">Visites als projectes productius de persones productores de la zona.<\/p>\n<\/li>\n<li dir=\"ltr\">\n<p dir=\"ltr\" role=\"presentation\">Visualitzaci\u00f3 dels v\u00eddeos creats per la Setmana Bio 2020 i la Setmana Bio 2021.<\/p>\n<\/li>\n<li dir=\"ltr\">\n<p dir=\"ltr\" role=\"presentation\">Activitat formativa amb l\u2019\u00e0lbum interactiu \u201c<a href=\"http:\/\/album.setmanabio.cat\/\" target=\"_blank\" rel=\"noopener\" data-saferedirecturl=\"https:\/\/www.google.com\/url?q=http:\/\/album.setmanabio.cat\/&amp;source=gmail&amp;ust=1663135758438000&amp;usg=AOvVaw32JRfJzBMhzEB2d7Ook7CI\">Del camp a la cuina: l\u2019aventura de la producci\u00f3 ecol\u00f2gica<\/a>\u201d<\/p>\n<\/li>\n<li dir=\"ltr\">\n<p dir=\"ltr\" role=\"presentation\">Xerrades amb persones productores en ecol\u00f2gic a trav\u00e9s d\u2019un servei de videoconfer\u00e8ncia o b\u00e9 presencial al centre educatiu.<\/p>\n<\/li>\n<li dir=\"ltr\">\n<p dir=\"ltr\" role=\"presentation\">Tallers amb productes ecol\u00f2gics.<\/p>\n<\/li>\n<li dir=\"ltr\">\n<p dir=\"ltr\" role=\"presentation\">Treballs relacionats amb l\u2019hort de l\u2019escola.<\/p>\n<\/li>\n<li dir=\"ltr\">\n<p dir=\"ltr\" role=\"presentation\">Introduir activitats i aliments ecol\u00f2gics al menjador de l\u2019escola.<\/p>\n<\/li>\n<\/ul>\n<p dir=\"ltr\">Per facilitar-vos l\u2019elaboraci\u00f3 de material informatiu o promocional de les activitats dins del programa de la Setmana Bio a l\u2019escola, us oferim una s\u00e8rie de <a href=\"https:\/\/setmanabio.cat\/recursos-online\/\" target=\"_blank\" rel=\"noopener\" data-saferedirecturl=\"https:\/\/www.google.com\/url?q=https:\/\/setmanabio.cat\/recursos-online\/&amp;source=gmail&amp;ust=1663135758438000&amp;usg=AOvVaw1tTnB3tc4AdQabTsa4SY9q\">materials gr\u00e0fics<\/a> que podeu utilitzar, adaptant-los a la vostra activitat.<\/p>\n<p dir=\"ltr\">Material divulgatiu relacionat amb la producci\u00f3 ecol\u00f2gica<\/p>\n<ul>\n<li dir=\"ltr\">\n<p dir=\"ltr\" role=\"presentation\"><a href=\"http:\/\/setmanabio.cat\/recursos-online\/\" target=\"_blank\" rel=\"noopener\" data-saferedirecturl=\"https:\/\/www.google.com\/url?q=http:\/\/setmanabio.cat\/recursos-online\/&amp;source=gmail&amp;ust=1663135758438000&amp;usg=AOvVaw22OXB_vNje7oFL0E_SI7ZX\">Recursos en l\u00ednia Setmana Bio<\/a><\/p>\n<\/li>\n<li dir=\"ltr\">\n<p dir=\"ltr\" role=\"presentation\"><a href=\"http:\/\/pae.gencat.cat\/ca\/publicacions-materials-referencia\/material-educatiu\/\" target=\"_blank\" rel=\"noopener\" data-saferedirecturl=\"https:\/\/www.google.com\/url?q=http:\/\/pae.gencat.cat\/ca\/publicacions-materials-referencia\/material-educatiu\/&amp;source=gmail&amp;ust=1663135758438000&amp;usg=AOvVaw0Eqj7Pu1hBC12Kwx58JQAx\">Publicacions i materials de refer\u00e8ncia<\/a><\/p>\n<\/li>\n<li dir=\"ltr\">\n<p dir=\"ltr\" role=\"presentation\"><a href=\"https:\/\/projectes.xtec.cat\/agroecologia\/\" target=\"_blank\" rel=\"noopener\" data-saferedirecturl=\"https:\/\/www.google.com\/url?q=https:\/\/projectes.xtec.cat\/agroecologia\/&amp;source=gmail&amp;ust=1663135758438000&amp;usg=AOvVaw1u33c1bSscwGFcVdhTiE_Q\">Cat\u00e0leg de recursos educatius en l\u00ednia d\u2019XTEC: Agroecologia Escolar<\/a><\/p>\n<\/li>\n<\/ul>\n<p dir=\"ltr\">Per m\u00e9s informaci\u00f3 podeu contactar-nos al correu <a href=\"mailto:info@setmanabio.cat\" target=\"_blank\" rel=\"noopener\">info@setmanabio.cat<\/a> o b\u00e9 al dinamitzador\/a territorial de la producci\u00f3 ecol\u00f2gica del Departament d\u2019Acci\u00f3 Clim\u00e0tica, Alimentaci\u00f3 i Agenda Rural que trobareu en aquest <a href=\"http:\/\/pae.gencat.cat\/ca\/detall\/Article\/ProjecteDinamitzacio\" target=\"_blank\" rel=\"noopener\" data-saferedirecturl=\"https:\/\/www.google.com\/url?q=http:\/\/pae.gencat.cat\/ca\/detall\/Article\/ProjecteDinamitzacio&amp;source=gmail&amp;ust=1663135758438000&amp;usg=AOvVaw2sjOZxBsmtaIHNFb4Elt9e\">enlla\u00e7<\/a><\/p>\n<p dir=\"ltr\">Si ho considereu oport\u00fa podeu fer difusi\u00f3 als centres i docents de la vostra zona educativa, a trav\u00e9s dels vostres mitjans habituals.<\/p>\n<p dir=\"ltr\">Recordeu que tamb\u00e9 podeu accedir a tota la informaci\u00f3 des dels NODES:<\/p>\n<p dir=\"ltr\"><a href=\"https:\/\/projectes.xtec.cat\/secrp\/general\/setmana-bio-a-lescola-2\/\" target=\"_blank\" rel=\"noopener\" data-saferedirecturl=\"https:\/\/www.google.com\/url?q=https:\/\/projectes.xtec.cat\/secrp\/general\/setmana-bio-a-lescola-2\/&amp;source=gmail&amp;ust=1663135758438000&amp;usg=AOvVaw1qoAbE2vhyXzIpgJFrO84U\">NODES CRP<\/a><\/p>\n<p dir=\"ltr\">Salutacions,<\/p>\n<p dir=\"ltr\">Departament d&#8217;Educaci\u00f3<\/p>\n","protected":false},"excerpt":{"rendered":"<p>.<\/p>\n","protected":false},"author":1,"featured_media":17796,"comment_status":"closed","ping_status":"closed","sticky":false,"template":"","format":"standard","meta":{"_bbp_topic_count":0,"_bbp_reply_count":0,"_bbp_total_topic_count":0,"_bbp_total_reply_count":0,"_bbp_voice_count":0,"_bbp_anonymous_reply_count":0,"_bbp_topic_count_hidden":0,"_bbp_reply_count_hidden":0,"_bbp_forum_subforum_count":0,"site-sidebar-layout":"default","site-content-layout":"","ast-site-content-layout":"","site-content-style":"default","site-sidebar-style":"default","ast-global-header-display":"","ast-banner-title-visibility":"","ast-main-header-display":"","ast-hfb-above-header-display":"","ast-hfb-below-header-display":"","ast-hfb-mobile-header-display":"","site-post-title":"","ast-breadcrumbs-content":"","ast-featured-img":"","footer-sml-layout":"","theme-transparent-header-meta":"","adv-header-id-meta":"","stick-header-meta":"","header-above-stick-meta":"","header-main-stick-meta":"","header-below-stick-meta":"","astra-migrate-meta-layouts":"default","ast-page-background-enabled":"default","ast-page-background-meta":{"desktop":{"background-color":"var(--ast-global-color-4)","background-image":"","background-repeat":"repeat","background-position":"center center","background-size":"auto","background-attachment":"scroll","background-type":"","background-media":"","overlay-type":"","overlay-color":"","overlay-opacity":"","overlay-gradient":""},"tablet":{"background-color":"","background-image":"","background-repeat":"repeat","background-position":"center center","background-size":"auto","background-attachment":"scroll","background-type":"","background-media":"","overlay-type":"","overlay-color":"","overlay-opacity":"","overlay-gradient":""},"mobile":{"background-color":"","background-image":"","background-repeat":"repeat","background-position":"center center","background-size":"auto","background-attachment":"scroll","background-type":"","background-media":"","overlay-type":"","overlay-color":"","overlay-opacity":"","overlay-gradient":""}},"ast-content-background-meta":{"desktop":{"background-color":"var(--ast-global-color-5)","background-image":"","background-repeat":"repeat","background-position":"center center","background-size":"auto","background-attachment":"scroll","background-type":"","background-media":"","overlay-type":"","overlay-color":"","overlay-opacity":"","overlay-gradient":""},"tablet":{"background-color":"var(--ast-global-color-5)","background-image":"","background-repeat":"repeat","background-position":"center center","background-size":"auto","background-attachment":"scroll","background-type":"","background-media":"","overlay-type":"","overlay-color":"","overlay-opacity":"","overlay-gradient":""},"mobile":{"background-color":"var(--ast-global-color-5)","background-image":"","background-repeat":"repeat","background-position":"center center","background-size":"auto","background-attachment":"scroll","background-type":"","background-media":"","overlay-type":"","overlay-color":"","overlay-opacity":"","overlay-gradient":""}},"footnotes":""},"categories":[361,29],"tags":[477,363],"class_list":["post-17795","post","type-post","status-publish","format-standard","has-post-thumbnail","hentry","category-xarxa-escoles-cap-de-creus","category-portada","tag-ciencies-naturals","tag-xepncc"],"post_mailing_queue_ids":[],"_links":{"self":[{"href":"https:\/\/serveiseducatius.xtec.cat\/altemporda\/wp-json\/wp\/v2\/posts\/17795","targetHints":{"allow":["GET"]}}],"collection":[{"href":"https:\/\/serveiseducatius.xtec.cat\/altemporda\/wp-json\/wp\/v2\/posts"}],"about":[{"href":"https:\/\/serveiseducatius.xtec.cat\/altemporda\/wp-json\/wp\/v2\/types\/post"}],"author":[{"embeddable":true,"href":"https:\/\/serveiseducatius.xtec.cat\/altemporda\/wp-json\/wp\/v2\/users\/1"}],"replies":[{"embeddable":true,"href":"https:\/\/serveiseducatius.xtec.cat\/altemporda\/wp-json\/wp\/v2\/comments?post=17795"}],"version-history":[{"count":1,"href":"https:\/\/serveiseducatius.xtec.cat\/altemporda\/wp-json\/wp\/v2\/posts\/17795\/revisions"}],"predecessor-version":[{"id":17797,"href":"https:\/\/serveiseducatius.xtec.cat\/altemporda\/wp-json\/wp\/v2\/posts\/17795\/revisions\/17797"}],"wp:featuredmedia":[{"embeddable":true,"href":"https:\/\/serveiseducatius.xtec.cat\/altemporda\/wp-json\/wp\/v2\/media\/17796"}],"wp:attachment":[{"href":"https:\/\/serveiseducatius.xtec.cat\/altemporda\/wp-json\/wp\/v2\/media?parent=17795"}],"wp:term":[{"taxonomy":"category","embeddable":true,"href":"https:\/\/serveiseducatius.xtec.cat\/altemporda\/wp-json\/wp\/v2\/categories?post=17795"},{"taxonomy":"post_tag","embeddable":true,"href":"https:\/\/serveiseducatius.xtec.cat\/altemporda\/wp-json\/wp\/v2\/tags?post=17795"}],"curies":[{"name":"wp","href":"https:\/\/api.w.org\/{rel}","templated":true}]}}