{"id":17073,"date":"2022-04-04T08:00:14","date_gmt":"2022-04-04T06:00:14","guid":{"rendered":"https:\/\/serveiseducatius.xtec.cat\/altemporda\/?p=17073"},"modified":"2022-05-23T09:47:57","modified_gmt":"2022-05-23T07:47:57","slug":"pfz-obert-el-periode-de-deteccio-de-necessitats-formatives","status":"publish","type":"post","link":"https:\/\/serveiseducatius.xtec.cat\/altemporda\/portada\/pfz-obert-el-periode-de-deteccio-de-necessitats-formatives\/","title":{"rendered":"PFZ &#8211; Obert el per\u00edode de detecci\u00f3 de necessitats formatives"},"content":{"rendered":"<h3 style=\"text-align: center;\"><img loading=\"lazy\" decoding=\"async\" class=\"aligncenter size-full wp-image-12673\" src=\"https:\/\/serveiseducatius.xtec.cat\/altemporda\/wp-content\/uploads\/usu1156\/2022\/03\/Boto-deteccio-PFZ.gif\" alt=\"\" width=\"150\" height=\"150\" \/><\/h3>\n<h3 style=\"text-align: center;\"><span style=\"color: #339966;\"><b>Detecci\u00f3 de necessitats formatives<\/b><\/span><\/h3>\n<h3 style=\"text-align: center;\"><span style=\"color: #339966;\"><b>2022 &#8211; 2023<\/b><\/span><\/h3>\n<div style=\"text-align: center;\">Presentaci\u00f3 de sol\u00b7licituds<b>\u00a0<u>del 4 d&#8217;abril al 20 de maig 2022<\/u><\/b><\/div>\n<div><\/div>\n<div>\n<hr \/>\n<\/div>\n<p style=\"text-align: center;\"><a class=\"boto250px\" style=\"color: #000000;\" href=\"https:\/\/docs.google.com\/forms\/d\/e\/1FAIpQLSeOmvzS6vXbR9apvuBCh0dab1LVuS2-qZz6tn_NX58nJ8S2Fw\/viewform\" target=\"_blank\" rel=\"noopener noreferrer\"><span style=\"font-size: 14pt;\"><strong>Formulari de sol\u00b7licitud<\/strong><\/span><\/a><\/p>\n<p style=\"text-align: center;\">Circular d&#8217;inici del proc\u00e9s:<b><\/b><b><\/b><b><\/b><\/p>\n<div>\n<div><b><span style=\"font-family: verdana, sans-serif; font-size: medium;\"><a href=\"https:\/\/drive.google.com\/file\/d\/1mWfwbIXoSyBriYLzVJvDmrKO6pqBUl7D\/preview\" target=\"_blank\" rel=\"noopener\"><img loading=\"lazy\" decoding=\"async\" class=\"aligncenter wp-image-10718\" src=\"https:\/\/serveiseducatius.xtec.cat\/altemporda\/wp-content\/uploads\/usu1156\/2020\/05\/Descarrega-PDF.png\" alt=\"\" width=\"53\" height=\"56\" \/><\/a><\/span><\/b><\/div>\n<div>\n<hr \/>\n<\/div>\n<div><b><span style=\"color: #cc0000; font-family: verdana, sans-serif; font-size: large;\">\u00a0<\/span><\/b><\/div>\n<div><b><span style=\"color: #cc0000; font-family: verdana, sans-serif; font-size: large;\">Tingueu present que:<\/span><\/b><\/div>\n<\/div>\n<ul>\n<li><span style=\"font-size: 12pt;\">T<span style=\"color: #000000;\">otes les activitats comportaran una part de treball no presencial destinat a la realitzaci\u00f3 de tasques d&#8217;aprofitament i transfer\u00e8ncia a l&#8217;aula.<\/span><\/span><\/li>\n<li><span style=\"color: #000000; font-family: arial, sans-serif; font-size: 12pt;\">Una bona definici\u00f3 i concreci\u00f3 de la demanda (objectius i indicadors&#8230;) afavoreix el desenvolupament i aprofitament de l&#8217;activitat.<\/span>\n<ul>\n<li><span style=\"color: #0b5394; font-family: arial, sans-serif; font-size: 12pt;\"><i>Si voleu, en\u00a0<a href=\"https:\/\/docs.google.com\/spreadsheets\/d\/1EXlrvT_4xGhoTiTyLqXocgqyYyUoHGGBhHFht47h_o4\/pubhtml?gid=84&amp;single=true\" target=\"_blank\" rel=\"noopener noreferrer\">aquest enlla\u00e7<\/a>, podeu consultar les\u00a0<b>concrecions d&#8217;activitats EN CENTRE en cursos anteriors<\/b><\/i><\/span><\/li>\n<\/ul>\n<\/li>\n<li><span style=\"color: #000000; font-family: arial, sans-serif; font-size: 12pt;\">Si no recordeu la contrasenya XTEC, podeu sol\u00b7licitar-la a: <\/span><span style=\"font-size: 10pt;\"><span style=\"color: #ba1414;\"><a class=\"NG__breadcrumb__item_link \" style=\"color: #ba1414;\" href=\"http:\/\/xtec.gencat.cat\/ca\/\" target=\"_blank\" rel=\"noopener\">Xtec &#8211; Inici<\/a><\/span> &gt; <span style=\"color: #ba1414;\"><a class=\"NG__breadcrumb__item_link\" style=\"color: #ba1414;\" href=\"http:\/\/xtec.gencat.cat\/ca\/at_usuari\/\" target=\"_blank\" rel=\"noopener\"><span class=\"NG__breadcrumb__item_link_span NG__breadcrumb__item_link_span--overflow\">Atenci\u00f3 a l&#8217;usuari<\/span><\/a><\/span> &gt; <span style=\"color: #ba1414;\"><a class=\"NG__breadcrumb__item_link\" style=\"color: #ba1414;\" href=\"http:\/\/xtec.gencat.cat\/ca\/at_usuari\/gestio\/\" target=\"_blank\" rel=\"noopener\"><span class=\"NG__breadcrumb__item_link_span NG__breadcrumb__item_link_span--overflow\">Gesti\u00f3 d&#8217;usuaris<\/span><\/a> <\/span>&gt; <span style=\"text-decoration: underline; color: #ba1414;\"><strong><a style=\"color: #ba1414; text-decoration: underline;\" href=\"http:\/\/xtec.gencat.cat\/ca\/at_usuari\/gestio\/gest-contrasenyes\/\" target=\"_blank\" rel=\"noopener\">Gesti\u00f3 de contrasenyes<\/a><\/strong><\/span><\/span><\/li>\n<\/ul>\n<table class=\" aligncenter\" style=\"width: 100%; border-collapse: collapse; border-style: solid; border-color: #000000;\">\n<tbody>\n<tr>\n<td style=\"width: 100%; background-color: #f0f0f0;\">\n<ul style=\"font-size: 16px; font-family: 'Helvetica Neue', Helvetica, Helvetica, Arial, sans-serif;\">\n<li>Respecte de les activitats EN centre, es disposa d&#8217;una partida econ\u00f2mica que es distribuir\u00e0 entre els centres que h\u00e0giu entrat la sol\u00b7licitud dins el termini, amb el benent\u00e8s que aquesta aportaci\u00f3 del Departament ser\u00e0 una part proporcional del cost per a la persona formadora, la resta del pagament l&#8217;haur\u00e0 d&#8217;assumir el centre directament.<br \/>\nEl pagament est\u00e0 perm\u00e8s nom\u00e9s a persones formadores externes al centre.<\/li>\n<\/ul>\n<\/td>\n<\/tr>\n<\/tbody>\n<\/table>\n<p><b><i><span style=\"font-size: 12pt;\">Per qualsevol consulta o dubte\u00a0adreceu-vos al CRP (Tel. 972.50.91.50;\u00a0Correu electr\u00f2nic:\u00a0<\/span><a href=\"mailto:crp-altemporda@xtec.cat\" target=\"_blank\" rel=\"noopener noreferrer\"><span style=\"font-size: 12pt;\">crp-<\/span>altemporda@xtec.cat<\/a>)<\/i><\/b><\/p>\n<div><\/div>\n<div><\/div>\n","protected":false},"excerpt":{"rendered":"<p>Detecci\u00f3 de necessitats formatives 2022 &#8211; 2023 Presentaci\u00f3 de sol\u00b7licituds\u00a0del 4 d&#8217;abril al 20 de maig 2022 Formulari de sol\u00b7licitud Circular d&#8217;inici del proc\u00e9s: \u00a0 Tingueu present que: Totes les activitats comportaran una part de treball no presencial destinat a la realitzaci\u00f3 de tasques d&#8217;aprofitament i transfer\u00e8ncia a l&#8217;aula. Una bona definici\u00f3 i concreci\u00f3 de [&hellip;]<\/p>\n","protected":false},"author":4,"featured_media":16814,"comment_status":"closed","ping_status":"closed","sticky":false,"template":"","format":"standard","meta":{"_bbp_topic_count":0,"_bbp_reply_count":0,"_bbp_total_topic_count":0,"_bbp_total_reply_count":0,"_bbp_voice_count":0,"_bbp_anonymous_reply_count":0,"_bbp_topic_count_hidden":0,"_bbp_reply_count_hidden":0,"_bbp_forum_subforum_count":0,"site-sidebar-layout":"default","site-content-layout":"","ast-site-content-layout":"","site-content-style":"default","site-sidebar-style":"default","ast-global-header-display":"","ast-banner-title-visibility":"","ast-main-header-display":"","ast-hfb-above-header-display":"","ast-hfb-below-header-display":"","ast-hfb-mobile-header-display":"","site-post-title":"","ast-breadcrumbs-content":"","ast-featured-img":"","footer-sml-layout":"","theme-transparent-header-meta":"","adv-header-id-meta":"","stick-header-meta":"","header-above-stick-meta":"","header-main-stick-meta":"","header-below-stick-meta":"","astra-migrate-meta-layouts":"default","ast-page-background-enabled":"default","ast-page-background-meta":{"desktop":{"background-color":"var(--ast-global-color-4)","background-image":"","background-repeat":"repeat","background-position":"center center","background-size":"auto","background-attachment":"scroll","background-type":"","background-media":"","overlay-type":"","overlay-color":"","overlay-opacity":"","overlay-gradient":""},"tablet":{"background-color":"","background-image":"","background-repeat":"repeat","background-position":"center center","background-size":"auto","background-attachment":"scroll","background-type":"","background-media":"","overlay-type":"","overlay-color":"","overlay-opacity":"","overlay-gradient":""},"mobile":{"background-color":"","background-image":"","background-repeat":"repeat","background-position":"center center","background-size":"auto","background-attachment":"scroll","background-type":"","background-media":"","overlay-type":"","overlay-color":"","overlay-opacity":"","overlay-gradient":""}},"ast-content-background-meta":{"desktop":{"background-color":"var(--ast-global-color-5)","background-image":"","background-repeat":"repeat","background-position":"center center","background-size":"auto","background-attachment":"scroll","background-type":"","background-media":"","overlay-type":"","overlay-color":"","overlay-opacity":"","overlay-gradient":""},"tablet":{"background-color":"var(--ast-global-color-5)","background-image":"","background-repeat":"repeat","background-position":"center center","background-size":"auto","background-attachment":"scroll","background-type":"","background-media":"","overlay-type":"","overlay-color":"","overlay-opacity":"","overlay-gradient":""},"mobile":{"background-color":"var(--ast-global-color-5)","background-image":"","background-repeat":"repeat","background-position":"center center","background-size":"auto","background-attachment":"scroll","background-type":"","background-media":"","overlay-type":"","overlay-color":"","overlay-opacity":"","overlay-gradient":""}},"footnotes":""},"categories":[65,29],"tags":[],"class_list":["post-17073","post","type-post","status-publish","format-standard","has-post-thumbnail","hentry","category-crp","category-portada"],"post_mailing_queue_ids":[],"_links":{"self":[{"href":"https:\/\/serveiseducatius.xtec.cat\/altemporda\/wp-json\/wp\/v2\/posts\/17073","targetHints":{"allow":["GET"]}}],"collection":[{"href":"https:\/\/serveiseducatius.xtec.cat\/altemporda\/wp-json\/wp\/v2\/posts"}],"about":[{"href":"https:\/\/serveiseducatius.xtec.cat\/altemporda\/wp-json\/wp\/v2\/types\/post"}],"author":[{"embeddable":true,"href":"https:\/\/serveiseducatius.xtec.cat\/altemporda\/wp-json\/wp\/v2\/users\/4"}],"replies":[{"embeddable":true,"href":"https:\/\/serveiseducatius.xtec.cat\/altemporda\/wp-json\/wp\/v2\/comments?post=17073"}],"version-history":[{"count":3,"href":"https:\/\/serveiseducatius.xtec.cat\/altemporda\/wp-json\/wp\/v2\/posts\/17073\/revisions"}],"predecessor-version":[{"id":17104,"href":"https:\/\/serveiseducatius.xtec.cat\/altemporda\/wp-json\/wp\/v2\/posts\/17073\/revisions\/17104"}],"wp:featuredmedia":[{"embeddable":true,"href":"https:\/\/serveiseducatius.xtec.cat\/altemporda\/wp-json\/wp\/v2\/media\/16814"}],"wp:attachment":[{"href":"https:\/\/serveiseducatius.xtec.cat\/altemporda\/wp-json\/wp\/v2\/media?parent=17073"}],"wp:term":[{"taxonomy":"category","embeddable":true,"href":"https:\/\/serveiseducatius.xtec.cat\/altemporda\/wp-json\/wp\/v2\/categories?post=17073"},{"taxonomy":"post_tag","embeddable":true,"href":"https:\/\/serveiseducatius.xtec.cat\/altemporda\/wp-json\/wp\/v2\/tags?post=17073"}],"curies":[{"name":"wp","href":"https:\/\/api.w.org\/{rel}","templated":true}]}}