{"id":16858,"date":"2022-03-30T10:52:51","date_gmt":"2022-03-30T08:52:51","guid":{"rendered":"https:\/\/serveiseducatius.xtec.cat\/altemporda\/?p=16858"},"modified":"2022-03-30T10:52:51","modified_gmt":"2022-03-30T08:52:51","slug":"finalistes-certamen-lectura-en-veu-alta-alt-emporda","status":"publish","type":"post","link":"https:\/\/serveiseducatius.xtec.cat\/altemporda\/portada\/finalistes-certamen-lectura-en-veu-alta-alt-emporda\/","title":{"rendered":"Finalistes Certamen Lectura en Veu Alta &#8211; Alt Empord\u00e0"},"content":{"rendered":"<p>Dilluns 28 de mar\u00e7 el jurat de la Semifinal del XVIII Certamen de Lectura en Veu Alta de l\u2019Alt Empord\u00e0 es va reunir per deliberar sobre els v\u00eddeos presentats i va acordar que els lectors i lectores que passen a la seg\u00fcent fase s\u00f3n:<\/p>\n<p><a href=\"https:\/\/serveiseducatius.xtec.cat\/altemporda\/wp-content\/uploads\/usu1156\/2022\/03\/Finalistes-CLVA-2022-AE-1.png\"><img loading=\"lazy\" decoding=\"async\" class=\"wp-image-16856 aligncenter\" src=\"https:\/\/serveiseducatius.xtec.cat\/altemporda\/wp-content\/uploads\/usu1156\/2022\/03\/Finalistes-CLVA-2022-AE-1-1024x574.png\" alt=\"\" width=\"662\" height=\"371\" srcset=\"https:\/\/serveiseducatius.xtec.cat\/altemporda\/wp-content\/uploads\/usu1156\/2022\/03\/Finalistes-CLVA-2022-AE-1-1024x574.png 1024w, https:\/\/serveiseducatius.xtec.cat\/altemporda\/wp-content\/uploads\/usu1156\/2022\/03\/Finalistes-CLVA-2022-AE-1-300x168.png 300w, https:\/\/serveiseducatius.xtec.cat\/altemporda\/wp-content\/uploads\/usu1156\/2022\/03\/Finalistes-CLVA-2022-AE-1-768x431.png 768w, https:\/\/serveiseducatius.xtec.cat\/altemporda\/wp-content\/uploads\/usu1156\/2022\/03\/Finalistes-CLVA-2022-AE-1.png 1125w\" sizes=\"auto, (max-width: 662px) 100vw, 662px\" \/><\/a><\/p>\n<p>&nbsp;<\/p>\n<p>L&#8217;enhorabona! Us esperem a la <strong>final territorial, divendres 29 d\u2019abril, a La Sitja de Fornells de la Selva.<\/strong><\/p>\n<p>A continuaci\u00f3 podeu visualitzar una presentaci\u00f3 d&#8217;aquesta edici\u00f3 amb els v\u00eddeos dels finalistes:<\/p>\n<h5><\/h5>\n<p style=\"text-align: center;\"><iframe loading=\"lazy\" src=\"https:\/\/docs.google.com\/presentation\/d\/e\/2PACX-1vQEhsxp7eaPk4LNiZXRVRZkpTrFb2J5cIYMw5ja62KkjhU1HHpUEwsHUklSeNHfn3kDyOYxfD65sOQX\/embed?start=false&amp;loop=false\" width=\"850\" height=\"550\" frameborder=\"0\" allowfullscreen=\"allowfullscreen\"><span data-mce-type=\"bookmark\" style=\"display: inline-block; width: 0px; overflow: hidden; line-height: 0;\" class=\"mce_SELRES_start\">\ufeff<\/span><span data-mce-type=\"bookmark\" style=\"display: inline-block; width: 0px; overflow: hidden; line-height: 0;\" class=\"mce_SELRES_start\">\ufeff<\/span><span data-mce-type=\"bookmark\" style=\"display: inline-block; width: 0px; overflow: hidden; line-height: 0;\" class=\"mce_SELRES_start\">\ufeff<\/span><\/iframe><\/p>\n<p>&nbsp;<\/p>\n<p>Tot l&#8217;alumnat participant rebr\u00e0 un diploma i un llibre com a obsequi. Moltes gr\u00e0cies per la vostra participaci\u00f3 i l\u2019enhorabona a totes les lectores i els lectors!<\/p>\n","protected":false},"excerpt":{"rendered":"<p>Dilluns 28 de mar\u00e7 el jurat de la Semifinal del XVIII Certamen de Lectura en Veu Alta de l\u2019Alt Empord\u00e0 es va reunir per deliberar sobre els v\u00eddeos presentats i va acordar que els lectors i lectores que passen a la seg\u00fcent fase s\u00f3n: &nbsp; L&#8217;enhorabona! Us esperem a la final territorial, divendres 29 d\u2019abril, [&hellip;]<\/p>\n","protected":false},"author":71,"featured_media":16861,"comment_status":"closed","ping_status":"closed","sticky":false,"template":"","format":"standard","meta":{"_bbp_topic_count":0,"_bbp_reply_count":0,"_bbp_total_topic_count":0,"_bbp_total_reply_count":0,"_bbp_voice_count":0,"_bbp_anonymous_reply_count":0,"_bbp_topic_count_hidden":0,"_bbp_reply_count_hidden":0,"_bbp_forum_subforum_count":0,"site-sidebar-layout":"default","site-content-layout":"","ast-site-content-layout":"","site-content-style":"default","site-sidebar-style":"default","ast-global-header-display":"","ast-banner-title-visibility":"","ast-main-header-display":"","ast-hfb-above-header-display":"","ast-hfb-below-header-display":"","ast-hfb-mobile-header-display":"","site-post-title":"","ast-breadcrumbs-content":"","ast-featured-img":"","footer-sml-layout":"","theme-transparent-header-meta":"","adv-header-id-meta":"","stick-header-meta":"","header-above-stick-meta":"","header-main-stick-meta":"","header-below-stick-meta":"","astra-migrate-meta-layouts":"default","ast-page-background-enabled":"default","ast-page-background-meta":{"desktop":{"background-color":"var(--ast-global-color-4)","background-image":"","background-repeat":"repeat","background-position":"center center","background-size":"auto","background-attachment":"scroll","background-type":"","background-media":"","overlay-type":"","overlay-color":"","overlay-opacity":"","overlay-gradient":""},"tablet":{"background-color":"","background-image":"","background-repeat":"repeat","background-position":"center center","background-size":"auto","background-attachment":"scroll","background-type":"","background-media":"","overlay-type":"","overlay-color":"","overlay-opacity":"","overlay-gradient":""},"mobile":{"background-color":"","background-image":"","background-repeat":"repeat","background-position":"center center","background-size":"auto","background-attachment":"scroll","background-type":"","background-media":"","overlay-type":"","overlay-color":"","overlay-opacity":"","overlay-gradient":""}},"ast-content-background-meta":{"desktop":{"background-color":"var(--ast-global-color-5)","background-image":"","background-repeat":"repeat","background-position":"center center","background-size":"auto","background-attachment":"scroll","background-type":"","background-media":"","overlay-type":"","overlay-color":"","overlay-opacity":"","overlay-gradient":""},"tablet":{"background-color":"var(--ast-global-color-5)","background-image":"","background-repeat":"repeat","background-position":"center center","background-size":"auto","background-attachment":"scroll","background-type":"","background-media":"","overlay-type":"","overlay-color":"","overlay-opacity":"","overlay-gradient":""},"mobile":{"background-color":"var(--ast-global-color-5)","background-image":"","background-repeat":"repeat","background-position":"center center","background-size":"auto","background-attachment":"scroll","background-type":"","background-media":"","overlay-type":"","overlay-color":"","overlay-opacity":"","overlay-gradient":""}},"footnotes":""},"categories":[65,66,29],"tags":[],"class_list":["post-16858","post","type-post","status-publish","format-standard","has-post-thumbnail","hentry","category-crp","category-dinamitzacio","category-portada"],"post_mailing_queue_ids":[],"_links":{"self":[{"href":"https:\/\/serveiseducatius.xtec.cat\/altemporda\/wp-json\/wp\/v2\/posts\/16858","targetHints":{"allow":["GET"]}}],"collection":[{"href":"https:\/\/serveiseducatius.xtec.cat\/altemporda\/wp-json\/wp\/v2\/posts"}],"about":[{"href":"https:\/\/serveiseducatius.xtec.cat\/altemporda\/wp-json\/wp\/v2\/types\/post"}],"author":[{"embeddable":true,"href":"https:\/\/serveiseducatius.xtec.cat\/altemporda\/wp-json\/wp\/v2\/users\/71"}],"replies":[{"embeddable":true,"href":"https:\/\/serveiseducatius.xtec.cat\/altemporda\/wp-json\/wp\/v2\/comments?post=16858"}],"version-history":[{"count":2,"href":"https:\/\/serveiseducatius.xtec.cat\/altemporda\/wp-json\/wp\/v2\/posts\/16858\/revisions"}],"predecessor-version":[{"id":16881,"href":"https:\/\/serveiseducatius.xtec.cat\/altemporda\/wp-json\/wp\/v2\/posts\/16858\/revisions\/16881"}],"wp:featuredmedia":[{"embeddable":true,"href":"https:\/\/serveiseducatius.xtec.cat\/altemporda\/wp-json\/wp\/v2\/media\/16861"}],"wp:attachment":[{"href":"https:\/\/serveiseducatius.xtec.cat\/altemporda\/wp-json\/wp\/v2\/media?parent=16858"}],"wp:term":[{"taxonomy":"category","embeddable":true,"href":"https:\/\/serveiseducatius.xtec.cat\/altemporda\/wp-json\/wp\/v2\/categories?post=16858"},{"taxonomy":"post_tag","embeddable":true,"href":"https:\/\/serveiseducatius.xtec.cat\/altemporda\/wp-json\/wp\/v2\/tags?post=16858"}],"curies":[{"name":"wp","href":"https:\/\/api.w.org\/{rel}","templated":true}]}}