{"id":14961,"date":"2021-11-18T17:46:45","date_gmt":"2021-11-18T16:46:45","guid":{"rendered":"https:\/\/serveiseducatius.xtec.cat\/altemporda\/?p=14961"},"modified":"2021-11-19T23:50:39","modified_gmt":"2021-11-19T22:50:39","slug":"science-needs-you-celebrara-un-debat-sobre-el-paper-de-les-dones-a-la-ciencia-i-a-la-docencia-cientifica","status":"publish","type":"post","link":"https:\/\/serveiseducatius.xtec.cat\/altemporda\/general\/science-needs-you-celebrara-un-debat-sobre-el-paper-de-les-dones-a-la-ciencia-i-a-la-docencia-cientifica\/","title":{"rendered":"Science Needs You! celebrar\u00e0 un debat  sobre el paper de les dones a la ci\u00e8ncia i a la doc\u00e8ncia cient\u00edfica"},"content":{"rendered":"<p><em><a href=\"https:\/\/serveiseducatius.xtec.cat\/altemporda\/wp-content\/uploads\/usu1156\/2021\/11\/donesiciencia.jpg\"><img loading=\"lazy\" decoding=\"async\" class=\"wp-image-14962 alignleft\" src=\"https:\/\/serveiseducatius.xtec.cat\/altemporda\/wp-content\/uploads\/usu1156\/2021\/11\/donesiciencia.jpg\" alt=\"\" width=\"184\" height=\"179\" srcset=\"https:\/\/serveiseducatius.xtec.cat\/altemporda\/wp-content\/uploads\/usu1156\/2021\/11\/donesiciencia.jpg 803w, https:\/\/serveiseducatius.xtec.cat\/altemporda\/wp-content\/uploads\/usu1156\/2021\/11\/donesiciencia-300x290.jpg 300w, https:\/\/serveiseducatius.xtec.cat\/altemporda\/wp-content\/uploads\/usu1156\/2021\/11\/donesiciencia-768x743.jpg 768w\" sizes=\"auto, (max-width: 184px) 100vw, 184px\" \/><\/a>Amb les professores i cient\u00edfiques Helena Cortada i S\u00f2nia Moret<\/em><br \/>\n<em>Un debat sobre l\u2019experi\u00e8ncia del seu treball de camp a un institut de Figueres<\/em><br \/>\n<em>El dijous 25 de novembre a les 19.30 hores al Cercle Sport<\/em><\/p>\n<p>El dijous 25 de novembre a les 19.30 hores, amb motiu de la commemoraci\u00f3 del dia internacional contra la viol\u00e8ncia de g\u00e8nere, les jornades de divulgaci\u00f3 cient\u00edfica\u00a0<em>Science Needs You!<\/em>\u00a0organitzen a la Sala Monturiol del Casino Sport de Figueres un debat sobre el paper de les dones en la ci\u00e8ncia.<\/p>\n<p>El debat duu per t\u00edtol\u00a0<em><b>Jugant a ser cient\u00edfiques i enginyeres: les dones tamb\u00e9 hi juguem!<\/b><\/em>\u00a0i es dur\u00e0 a terme en col\u00b7laboraci\u00f3 amb el Grup de Docents de Ci\u00e8ncies de Secund\u00e0ria de l\u2019Alt Empord\u00e0.<\/p>\n<p>Al debat participaran dues cient\u00edfiques i docents com\u00a0<strong>Helena Cortada<\/strong>, directora de l\u2019INS Cendrassos de Figueres i llicenciada en F\u00edsica per la UB en l&#8217;especialitat de F\u00edsica Fonamental; i\u00a0<strong>S\u00f2nia Moret Sol\u00e0<\/strong>, professora titular de Ci\u00e8ncies a l\u2019INS Cendrassos de Figueres, llicenciada en Ci\u00e8ncies Qu\u00edmiques per l&#8217;UAB i doctorada en Qu\u00edmica Anal\u00edtica per l&#8217;UdG. El debat estar\u00e0 moderat per\u00a0<strong>Merc\u00e8 Mayn\u00e9<\/strong>, llicenciada en periodisme a la UAB i col\u00b7laboradora a mitjans gironins com Canal Nord, TV Girona i R\u00e0dio Vilafant.<\/p>\n<p>Al debat es parlar\u00e0, a partir de l\u2019experi\u00e8ncia adquirida a un centre educatiu de Figueres per aquestes dues professionals, de temes com les dificultats impl\u00edcites pel fet de ser dona en la ci\u00e8ncia, dels t\u00f2pics que han de trencar les dones a la professi\u00f3, o de com es treballa per generar vocacions cient\u00edfiques als alumnes, entre altres.<\/p>\n<p>El debat es retransmetr\u00e0 en diferit per R\u00e0dio Vilafant i compta amb el patrocini d\u2019aquest mitj\u00e0.<\/p>\n<p>SNY-Science Needs You!\u2019 (la Ci\u00e8ncia us necessita!) \u00e9s un esdeveniment de divulgaci\u00f3 cient\u00edfica promogut per l\u2019Associaci\u00f3 Catalana per a la Divulgaci\u00f3 Cient\u00edfica (ACDIC) i que compta amb el suport, juntament amb altres institucions, de l\u2019Ajuntament de Figueres, l\u2019Ajuntament de Roquetes, el Departament d\u2019Educaci\u00f3 de la Generalitat de Catalunya, la Diputaci\u00f3 de Girona, l\u2019Institut d\u2019Estudis Catalans, la Societat Catalana de F\u00edsica, l&#8217;Institut per al Desenvolupament de les Comarques de l&#8217;Ebre, l\u2019Observatori Terres de l\u2019Ebre, El Museu de l\u2019Empord\u00e0 i\u00a0 el Museu del Joguet de Catalunya. El seu objectiu principal \u00e9s presentar la ci\u00e8ncia com la gran aventura i repte dels \u00e9ssers humans, i tamb\u00e9 com el principal motor de desenvolupament tecnol\u00f2gic, benestar i coneixement. Durant el SNY! es combinen presentacions de cient\u00edfics de primer nivell amb activitats culturals.<\/p>\n<p>La imatge \u00e9s del document: <a href=\"https:\/\/dones.gencat.cat\/web\/.content\/03_ambits\/docs\/cdoc_recull_tematic_dones_ciencia.pdf\" target=\"_blank\" rel=\"noopener\">https:\/\/dones.gencat.cat\/web\/.content\/03_ambits\/docs\/cdoc_recull_tematic_dones_ciencia.pdf<\/a><\/p>\n<p>&nbsp;<\/p>\n","protected":false},"excerpt":{"rendered":"<p>Amb les professores i cient\u00edfiques<\/p>\n","protected":false},"author":14,"featured_media":14962,"comment_status":"closed","ping_status":"closed","sticky":false,"template":"","format":"standard","meta":{"_bbp_topic_count":0,"_bbp_reply_count":0,"_bbp_total_topic_count":0,"_bbp_total_reply_count":0,"_bbp_voice_count":0,"_bbp_anonymous_reply_count":0,"_bbp_topic_count_hidden":0,"_bbp_reply_count_hidden":0,"_bbp_forum_subforum_count":0,"site-sidebar-layout":"default","site-content-layout":"","ast-site-content-layout":"","site-content-style":"default","site-sidebar-style":"default","ast-global-header-display":"","ast-banner-title-visibility":"","ast-main-header-display":"","ast-hfb-above-header-display":"","ast-hfb-below-header-display":"","ast-hfb-mobile-header-display":"","site-post-title":"","ast-breadcrumbs-content":"","ast-featured-img":"","footer-sml-layout":"","theme-transparent-header-meta":"","adv-header-id-meta":"","stick-header-meta":"","header-above-stick-meta":"","header-main-stick-meta":"","header-below-stick-meta":"","astra-migrate-meta-layouts":"default","ast-page-background-enabled":"default","ast-page-background-meta":{"desktop":{"background-color":"var(--ast-global-color-4)","background-image":"","background-repeat":"repeat","background-position":"center center","background-size":"auto","background-attachment":"scroll","background-type":"","background-media":"","overlay-type":"","overlay-color":"","overlay-opacity":"","overlay-gradient":""},"tablet":{"background-color":"","background-image":"","background-repeat":"repeat","background-position":"center center","background-size":"auto","background-attachment":"scroll","background-type":"","background-media":"","overlay-type":"","overlay-color":"","overlay-opacity":"","overlay-gradient":""},"mobile":{"background-color":"","background-image":"","background-repeat":"repeat","background-position":"center center","background-size":"auto","background-attachment":"scroll","background-type":"","background-media":"","overlay-type":"","overlay-color":"","overlay-opacity":"","overlay-gradient":""}},"ast-content-background-meta":{"desktop":{"background-color":"var(--ast-global-color-5)","background-image":"","background-repeat":"repeat","background-position":"center center","background-size":"auto","background-attachment":"scroll","background-type":"","background-media":"","overlay-type":"","overlay-color":"","overlay-opacity":"","overlay-gradient":""},"tablet":{"background-color":"var(--ast-global-color-5)","background-image":"","background-repeat":"repeat","background-position":"center center","background-size":"auto","background-attachment":"scroll","background-type":"","background-media":"","overlay-type":"","overlay-color":"","overlay-opacity":"","overlay-gradient":""},"mobile":{"background-color":"var(--ast-global-color-5)","background-image":"","background-repeat":"repeat","background-position":"center center","background-size":"auto","background-attachment":"scroll","background-type":"","background-media":"","overlay-type":"","overlay-color":"","overlay-opacity":"","overlay-gradient":""}},"footnotes":""},"categories":[418,65,1,29],"tags":[250,422,435],"class_list":["post-14961","post","type-post","status-publish","format-standard","has-post-thumbnail","hentry","category-ciencia-compromesa","category-crp","category-general","category-portada","tag-ciencia","tag-ciencia-compromesa","tag-cientifiques"],"post_mailing_queue_ids":[],"_links":{"self":[{"href":"https:\/\/serveiseducatius.xtec.cat\/altemporda\/wp-json\/wp\/v2\/posts\/14961","targetHints":{"allow":["GET"]}}],"collection":[{"href":"https:\/\/serveiseducatius.xtec.cat\/altemporda\/wp-json\/wp\/v2\/posts"}],"about":[{"href":"https:\/\/serveiseducatius.xtec.cat\/altemporda\/wp-json\/wp\/v2\/types\/post"}],"author":[{"embeddable":true,"href":"https:\/\/serveiseducatius.xtec.cat\/altemporda\/wp-json\/wp\/v2\/users\/14"}],"replies":[{"embeddable":true,"href":"https:\/\/serveiseducatius.xtec.cat\/altemporda\/wp-json\/wp\/v2\/comments?post=14961"}],"version-history":[{"count":3,"href":"https:\/\/serveiseducatius.xtec.cat\/altemporda\/wp-json\/wp\/v2\/posts\/14961\/revisions"}],"predecessor-version":[{"id":15013,"href":"https:\/\/serveiseducatius.xtec.cat\/altemporda\/wp-json\/wp\/v2\/posts\/14961\/revisions\/15013"}],"wp:featuredmedia":[{"embeddable":true,"href":"https:\/\/serveiseducatius.xtec.cat\/altemporda\/wp-json\/wp\/v2\/media\/14962"}],"wp:attachment":[{"href":"https:\/\/serveiseducatius.xtec.cat\/altemporda\/wp-json\/wp\/v2\/media?parent=14961"}],"wp:term":[{"taxonomy":"category","embeddable":true,"href":"https:\/\/serveiseducatius.xtec.cat\/altemporda\/wp-json\/wp\/v2\/categories?post=14961"},{"taxonomy":"post_tag","embeddable":true,"href":"https:\/\/serveiseducatius.xtec.cat\/altemporda\/wp-json\/wp\/v2\/tags?post=14961"}],"curies":[{"name":"wp","href":"https:\/\/api.w.org\/{rel}","templated":true}]}}