{"id":14892,"date":"2021-11-15T10:13:58","date_gmt":"2021-11-15T09:13:58","guid":{"rendered":"https:\/\/serveiseducatius.xtec.cat\/altemporda\/?p=14892"},"modified":"2021-11-16T13:35:04","modified_gmt":"2021-11-16T12:35:04","slug":"escoles-de-lalt-emporda-exploren-la-natura-del-cap-de-creus","status":"publish","type":"post","link":"https:\/\/serveiseducatius.xtec.cat\/altemporda\/xarxa-escoles-cap-de-creus\/escoles-de-lalt-emporda-exploren-la-natura-del-cap-de-creus\/","title":{"rendered":"Escoles de l\u2019Alt Empord\u00e0 exploren la natura del Cap de Creus"},"content":{"rendered":"<p><img loading=\"lazy\" decoding=\"async\" class=\"wp-image-14893 alignleft\" src=\"https:\/\/serveiseducatius.xtec.cat\/altemporda\/wp-content\/uploads\/usu1156\/2021\/11\/imatge.png\" alt=\"\" width=\"393\" height=\"253\" srcset=\"https:\/\/serveiseducatius.xtec.cat\/altemporda\/wp-content\/uploads\/usu1156\/2021\/11\/imatge.png 703w, https:\/\/serveiseducatius.xtec.cat\/altemporda\/wp-content\/uploads\/usu1156\/2021\/11\/imatge-300x193.png 300w\" sizes=\"auto, (max-width: 393px) 100vw, 393px\" \/> El Servei Educatiu de l\u2019Alt Empord\u00e0 i el Parc Natural han impulsat aquest curs la xarxa d\u2019escoles del Parc Natural de Cap de Creus amb l\u2019objectiu de demostrar que la natura m\u00e9s accessible i propera pot ser la font de coneixement que complementi els aprenentatges impartits a l\u2019aula.<\/p>\n<p class=\"article-body__text \">La xarxa est\u00e0 integrada per tretze escoles de municipis alt-empordanesos: l\u2019IE Caritat Serinyana Cap de Creus (Cadaqu\u00e9s); Puig d\u2019Esquers (Colera); Les Clisques (Port de la Selva); Pompeu Fabra (Llan\u00e7\u00e0); Mart\u00ed Ingl\u00e8s (Palau-saverdera); l\u2019Escola de Pau; Sant Jaume (Portbou); Santiago Rat\u00e9s (Vilaju\u00efga), i Montserrat Vayreda, Els Grecs, Jaume Vicens Vives, Narc\u00eds Monturiol i el Centre Escolar Empord\u00e0, de Roses. En total, 1.978 alumnes i 277 docents estan integrats en aquest projecte.<\/p>\n<div id=\"smartIntxt\"><\/div>\n<p class=\"article-body__text \">L\u2019eina educativa vol potenciar que el medi natural \u00e9s un escenari \u00f2ptim per a la formaci\u00f3 i la informaci\u00f3 dels alumnes. <a href=\"https:\/\/www.diaridegirona.cat\/alt-emporda\/2021\/11\/15\/escoles-l-alt-emporda-exploren-59531945.html\">+ info<\/a><\/p>\n<p>&nbsp;<\/p>\n","protected":false},"excerpt":{"rendered":"<p>amb l\u2019objectiu de demostrar que la natura m\u00e9s accessible<\/p>\n","protected":false},"author":1,"featured_media":14893,"comment_status":"closed","ping_status":"closed","sticky":false,"template":"","format":"standard","meta":{"_bbp_topic_count":0,"_bbp_reply_count":0,"_bbp_total_topic_count":0,"_bbp_total_reply_count":0,"_bbp_voice_count":0,"_bbp_anonymous_reply_count":0,"_bbp_topic_count_hidden":0,"_bbp_reply_count_hidden":0,"_bbp_forum_subforum_count":0,"site-sidebar-layout":"default","site-content-layout":"","ast-site-content-layout":"","site-content-style":"default","site-sidebar-style":"default","ast-global-header-display":"","ast-banner-title-visibility":"","ast-main-header-display":"","ast-hfb-above-header-display":"","ast-hfb-below-header-display":"","ast-hfb-mobile-header-display":"","site-post-title":"","ast-breadcrumbs-content":"","ast-featured-img":"","footer-sml-layout":"","theme-transparent-header-meta":"","adv-header-id-meta":"","stick-header-meta":"","header-above-stick-meta":"","header-main-stick-meta":"","header-below-stick-meta":"","astra-migrate-meta-layouts":"default","ast-page-background-enabled":"default","ast-page-background-meta":{"desktop":{"background-color":"var(--ast-global-color-4)","background-image":"","background-repeat":"repeat","background-position":"center center","background-size":"auto","background-attachment":"scroll","background-type":"","background-media":"","overlay-type":"","overlay-color":"","overlay-opacity":"","overlay-gradient":""},"tablet":{"background-color":"","background-image":"","background-repeat":"repeat","background-position":"center center","background-size":"auto","background-attachment":"scroll","background-type":"","background-media":"","overlay-type":"","overlay-color":"","overlay-opacity":"","overlay-gradient":""},"mobile":{"background-color":"","background-image":"","background-repeat":"repeat","background-position":"center center","background-size":"auto","background-attachment":"scroll","background-type":"","background-media":"","overlay-type":"","overlay-color":"","overlay-opacity":"","overlay-gradient":""}},"ast-content-background-meta":{"desktop":{"background-color":"var(--ast-global-color-5)","background-image":"","background-repeat":"repeat","background-position":"center center","background-size":"auto","background-attachment":"scroll","background-type":"","background-media":"","overlay-type":"","overlay-color":"","overlay-opacity":"","overlay-gradient":""},"tablet":{"background-color":"var(--ast-global-color-5)","background-image":"","background-repeat":"repeat","background-position":"center center","background-size":"auto","background-attachment":"scroll","background-type":"","background-media":"","overlay-type":"","overlay-color":"","overlay-opacity":"","overlay-gradient":""},"mobile":{"background-color":"var(--ast-global-color-5)","background-image":"","background-repeat":"repeat","background-position":"center center","background-size":"auto","background-attachment":"scroll","background-type":"","background-media":"","overlay-type":"","overlay-color":"","overlay-opacity":"","overlay-gradient":""}},"footnotes":""},"categories":[361],"tags":[363],"class_list":["post-14892","post","type-post","status-publish","format-standard","has-post-thumbnail","hentry","category-xarxa-escoles-cap-de-creus","tag-xepncc"],"post_mailing_queue_ids":[],"_links":{"self":[{"href":"https:\/\/serveiseducatius.xtec.cat\/altemporda\/wp-json\/wp\/v2\/posts\/14892","targetHints":{"allow":["GET"]}}],"collection":[{"href":"https:\/\/serveiseducatius.xtec.cat\/altemporda\/wp-json\/wp\/v2\/posts"}],"about":[{"href":"https:\/\/serveiseducatius.xtec.cat\/altemporda\/wp-json\/wp\/v2\/types\/post"}],"author":[{"embeddable":true,"href":"https:\/\/serveiseducatius.xtec.cat\/altemporda\/wp-json\/wp\/v2\/users\/1"}],"replies":[{"embeddable":true,"href":"https:\/\/serveiseducatius.xtec.cat\/altemporda\/wp-json\/wp\/v2\/comments?post=14892"}],"version-history":[{"count":2,"href":"https:\/\/serveiseducatius.xtec.cat\/altemporda\/wp-json\/wp\/v2\/posts\/14892\/revisions"}],"predecessor-version":[{"id":14896,"href":"https:\/\/serveiseducatius.xtec.cat\/altemporda\/wp-json\/wp\/v2\/posts\/14892\/revisions\/14896"}],"wp:featuredmedia":[{"embeddable":true,"href":"https:\/\/serveiseducatius.xtec.cat\/altemporda\/wp-json\/wp\/v2\/media\/14893"}],"wp:attachment":[{"href":"https:\/\/serveiseducatius.xtec.cat\/altemporda\/wp-json\/wp\/v2\/media?parent=14892"}],"wp:term":[{"taxonomy":"category","embeddable":true,"href":"https:\/\/serveiseducatius.xtec.cat\/altemporda\/wp-json\/wp\/v2\/categories?post=14892"},{"taxonomy":"post_tag","embeddable":true,"href":"https:\/\/serveiseducatius.xtec.cat\/altemporda\/wp-json\/wp\/v2\/tags?post=14892"}],"curies":[{"name":"wp","href":"https:\/\/api.w.org\/{rel}","templated":true}]}}