{"id":14889,"date":"2021-11-16T10:02:55","date_gmt":"2021-11-16T09:02:55","guid":{"rendered":"https:\/\/serveiseducatius.xtec.cat\/altemporda\/?p=14889"},"modified":"2021-11-16T13:34:36","modified_gmt":"2021-11-16T12:34:36","slug":"la-natura-esta-a-la-porta-de-les-tretze-escoles-dels-municipis-del-cap-de-creus","status":"publish","type":"post","link":"https:\/\/serveiseducatius.xtec.cat\/altemporda\/xarxa-escoles-cap-de-creus\/la-natura-esta-a-la-porta-de-les-tretze-escoles-dels-municipis-del-cap-de-creus\/","title":{"rendered":"La natura est\u00e0 a la porta de les tretze escoles del Cap de Creus"},"content":{"rendered":"<p style=\"text-align: justify;\"><strong><img loading=\"lazy\" decoding=\"async\" class=\"wp-image-14890 alignleft\" src=\"https:\/\/serveiseducatius.xtec.cat\/altemporda\/wp-content\/uploads\/usu1156\/2021\/11\/natu.png\" alt=\"\" width=\"329\" height=\"197\" srcset=\"https:\/\/serveiseducatius.xtec.cat\/altemporda\/wp-content\/uploads\/usu1156\/2021\/11\/natu.png 762w, https:\/\/serveiseducatius.xtec.cat\/altemporda\/wp-content\/uploads\/usu1156\/2021\/11\/natu-300x180.png 300w\" sizes=\"auto, (max-width: 329px) 100vw, 329px\" \/>13.843 hect\u00e0rees de diversitat paisatg\u00edstica d\u2019una bellesa incomparable<\/strong>\u00a0<strong>estan a la porta de les tretze escoles dels municipis del cap de Creus<\/strong>. D\u00f2lmens i castells, penya-segats i vinyes, valls i turons, mar, illots, esculls&#8230; conformen un recurs educatiu a l\u2019abast dels docents, l\u2019alumnat i les fam\u00edlies. Per aix\u00f2, aquest curs ha nascut la xarxa d\u2019escoles del<strong>\u00a0Parc Natural de Cap de Creus<\/strong>, perqu\u00e8 la natura m\u00e9s accessible i propera sigui font de coneixement que complementi els aprenentatges impartits a l\u2019aula. La xarxa est\u00e0 integrada per l\u2019IE Caritat Serinyana Cap de Creus, de Cadaqu\u00e9s; Puig d\u2019Esquers, de Colera; Les Clisques, del Port de la Selva; Pompeu Fabra, de Llan\u00e7\u00e0; Mart\u00ed Ingl\u00e8s, de Palau-saverdera; l\u2019Escola de Pau; Sant Jaume, de Portbou; Santiago Rat\u00e9s, de Vilaju\u00efga, i Montserrat Vayreda, Els Grecs, Jaume Vicens Vives, Narc\u00eds Monturiol i el Centre Escolar Empord\u00e0, de Roses. <a href=\"https:\/\/www.emporda.info\/educacio\/2021\/11\/14\/natura-porta-les-tretze-escoles-59307150.html\">+ info Setmanari Empord\u00e0<\/a><\/p>\n","protected":false},"excerpt":{"rendered":"<p>13.843 hect\u00e0rees de diversitat paisatg\u00edstica<\/p>\n","protected":false},"author":1,"featured_media":14890,"comment_status":"closed","ping_status":"closed","sticky":false,"template":"","format":"standard","meta":{"_bbp_topic_count":0,"_bbp_reply_count":0,"_bbp_total_topic_count":0,"_bbp_total_reply_count":0,"_bbp_voice_count":0,"_bbp_anonymous_reply_count":0,"_bbp_topic_count_hidden":0,"_bbp_reply_count_hidden":0,"_bbp_forum_subforum_count":0,"site-sidebar-layout":"default","site-content-layout":"","ast-site-content-layout":"","site-content-style":"default","site-sidebar-style":"default","ast-global-header-display":"","ast-banner-title-visibility":"","ast-main-header-display":"","ast-hfb-above-header-display":"","ast-hfb-below-header-display":"","ast-hfb-mobile-header-display":"","site-post-title":"","ast-breadcrumbs-content":"","ast-featured-img":"","footer-sml-layout":"","theme-transparent-header-meta":"","adv-header-id-meta":"","stick-header-meta":"","header-above-stick-meta":"","header-main-stick-meta":"","header-below-stick-meta":"","astra-migrate-meta-layouts":"default","ast-page-background-enabled":"default","ast-page-background-meta":{"desktop":{"background-color":"var(--ast-global-color-4)","background-image":"","background-repeat":"repeat","background-position":"center center","background-size":"auto","background-attachment":"scroll","background-type":"","background-media":"","overlay-type":"","overlay-color":"","overlay-opacity":"","overlay-gradient":""},"tablet":{"background-color":"","background-image":"","background-repeat":"repeat","background-position":"center center","background-size":"auto","background-attachment":"scroll","background-type":"","background-media":"","overlay-type":"","overlay-color":"","overlay-opacity":"","overlay-gradient":""},"mobile":{"background-color":"","background-image":"","background-repeat":"repeat","background-position":"center center","background-size":"auto","background-attachment":"scroll","background-type":"","background-media":"","overlay-type":"","overlay-color":"","overlay-opacity":"","overlay-gradient":""}},"ast-content-background-meta":{"desktop":{"background-color":"var(--ast-global-color-5)","background-image":"","background-repeat":"repeat","background-position":"center center","background-size":"auto","background-attachment":"scroll","background-type":"","background-media":"","overlay-type":"","overlay-color":"","overlay-opacity":"","overlay-gradient":""},"tablet":{"background-color":"var(--ast-global-color-5)","background-image":"","background-repeat":"repeat","background-position":"center center","background-size":"auto","background-attachment":"scroll","background-type":"","background-media":"","overlay-type":"","overlay-color":"","overlay-opacity":"","overlay-gradient":""},"mobile":{"background-color":"var(--ast-global-color-5)","background-image":"","background-repeat":"repeat","background-position":"center center","background-size":"auto","background-attachment":"scroll","background-type":"","background-media":"","overlay-type":"","overlay-color":"","overlay-opacity":"","overlay-gradient":""}},"footnotes":""},"categories":[361],"tags":[363],"class_list":["post-14889","post","type-post","status-publish","format-standard","has-post-thumbnail","hentry","category-xarxa-escoles-cap-de-creus","tag-xepncc"],"post_mailing_queue_ids":[],"_links":{"self":[{"href":"https:\/\/serveiseducatius.xtec.cat\/altemporda\/wp-json\/wp\/v2\/posts\/14889","targetHints":{"allow":["GET"]}}],"collection":[{"href":"https:\/\/serveiseducatius.xtec.cat\/altemporda\/wp-json\/wp\/v2\/posts"}],"about":[{"href":"https:\/\/serveiseducatius.xtec.cat\/altemporda\/wp-json\/wp\/v2\/types\/post"}],"author":[{"embeddable":true,"href":"https:\/\/serveiseducatius.xtec.cat\/altemporda\/wp-json\/wp\/v2\/users\/1"}],"replies":[{"embeddable":true,"href":"https:\/\/serveiseducatius.xtec.cat\/altemporda\/wp-json\/wp\/v2\/comments?post=14889"}],"version-history":[{"count":3,"href":"https:\/\/serveiseducatius.xtec.cat\/altemporda\/wp-json\/wp\/v2\/posts\/14889\/revisions"}],"predecessor-version":[{"id":14931,"href":"https:\/\/serveiseducatius.xtec.cat\/altemporda\/wp-json\/wp\/v2\/posts\/14889\/revisions\/14931"}],"wp:featuredmedia":[{"embeddable":true,"href":"https:\/\/serveiseducatius.xtec.cat\/altemporda\/wp-json\/wp\/v2\/media\/14890"}],"wp:attachment":[{"href":"https:\/\/serveiseducatius.xtec.cat\/altemporda\/wp-json\/wp\/v2\/media?parent=14889"}],"wp:term":[{"taxonomy":"category","embeddable":true,"href":"https:\/\/serveiseducatius.xtec.cat\/altemporda\/wp-json\/wp\/v2\/categories?post=14889"},{"taxonomy":"post_tag","embeddable":true,"href":"https:\/\/serveiseducatius.xtec.cat\/altemporda\/wp-json\/wp\/v2\/tags?post=14889"}],"curies":[{"name":"wp","href":"https:\/\/api.w.org\/{rel}","templated":true}]}}