{"id":14766,"date":"2021-11-04T13:19:49","date_gmt":"2021-11-04T12:19:49","guid":{"rendered":"https:\/\/serveiseducatius.xtec.cat\/altemporda\/?p=14766"},"modified":"2021-11-04T13:44:47","modified_gmt":"2021-11-04T12:44:47","slug":"mostra-de-poesia-de-secundaria-2018","status":"publish","type":"post","link":"https:\/\/serveiseducatius.xtec.cat\/altemporda\/mostra-de-poesia-a-secundaria\/mostra-de-poesia-de-secundaria-2018\/","title":{"rendered":"Mostra de Poesia de Secund\u00e0ria 2018"},"content":{"rendered":"<div>\n<div style=\"display: block; text-align: left;\"><a href=\"https:\/\/sites.google.com\/a\/xtec.cat\/llengua-ae\/espai-elic\/mostra-de-poesia-de-secundaria-de-les-comarques-gironines\/mostra-de-poesia-secundaria-2018\/target%C3%B3%20poesia.png?attredirects=0\"><img decoding=\"async\" style=\"width: 100%;\" src=\"https:\/\/sites.google.com\/a\/xtec.cat\/llengua-ae\/espai-elic\/mostra-de-poesia-de-secundaria-de-les-comarques-gironines\/mostra-de-poesia-secundaria-2018\/target%C3%B3%20poesia.png\" border=\"0\" \/><\/a><\/div>\n<p>&nbsp;<\/p>\n<\/div>\n<p><span style=\"font-family: arial, sans-serif; font-size: small;\">Benvinguts a la setena <span style=\"background-color: transparent; white-space: pre-wrap;\"><span style=\"color: #0b5394;\"><b>Mostra de Poesia a Secund\u00e0ria de les comarques gironines<\/b><\/span><\/span><span style=\"background-color: transparent; color: #000000; white-space: pre-wrap;\">. Aquesta activitat, que \u00e9s la quarta vegada que se celebra a la Cate Figueres, est\u00e0 organitzada per un grup de docents de les comarques gironines, que volen fer viure la poesia a l\u2019alumnat, amb la col\u00b7laboraci\u00f3 de l\u2019Ajuntament de Figueres, el Servei Educatiu de l\u2019Alt Empord\u00e0 i la coordinaci\u00f3 de la professora Lourdes Godoy. <\/span><\/span><\/p>\n<div>\n<p><span style=\"font-family: arial,sans-serif; background-color: transparent; color: #000000; white-space: pre-wrap; text-align: justify;\"><span style=\"font-size: small;\">Aquesta edici\u00f3 compta amb m\u00e9s centres participants que mai. Donem la benvinguda als instituts Ramon Muntaner, Narc\u00eds Monturiol, Cendrassos i Alexandre Deulofeu de Figueres, Montsacopa d\u2019Olot, Pere Alsius de Banyoles, Sils, El Pedr\u00f3 de l\u2019Escala, Vall de Ll\u00e9mena de Sant Gregori i Castell\u00f3 d&#8217;Emp\u00faries.<\/span><\/span><\/p>\n<p style=\"text-align: justify;\"><span style=\"font-size: small; background-color: transparent;\"><span style=\"font-family: arial, sans-serif;\">Esperem que gaudiu d\u2019aquesta nova Mostra.<\/span><\/span><\/p>\n<p style=\"text-align: justify;\"><b style=\"line-height: 14.72px; white-space: pre-wrap;\"><span style=\"font-family: verdana, sans-serif; font-size: medium;\"><span style=\"color: #0b5394;\"> Amb la pres\u00e8ncia de,<\/span><\/span><\/b><\/p>\n<div style=\"display: inline; float: left; margin: 5px 10px 0px 0px;\"><i style=\"background-color: transparent; font-family: verdana,sans-serif; font-size: small;\"><a href=\"https:\/\/sites.google.com\/a\/xtec.cat\/llengua-ae\/espai-elic\/mostra-de-poesia-de-secundaria-de-les-comarques-gironines\/mostra-de-poesia-secundaria-2018\/ENRICC.jpg?attredirects=0\"><img decoding=\"async\" src=\"https:\/\/sites.google.com\/a\/xtec.cat\/llengua-ae\/espai-elic\/mostra-de-poesia-de-secundaria-de-les-comarques-gironines\/mostra-de-poesia-secundaria-2018\/ENRICC.jpg\" border=\"0\" \/><\/a><\/i><\/div>\n<p>&nbsp;<\/p>\n<p dir=\"ltr\" style=\"line-height: 1.38; margin-top: 0pt; margin-bottom: 0pt; text-align: justify;\"><span style=\"font-size: 11pt; font-family: Arial; color: #000000; background-color: transparent; vertical-align: baseline; white-space: pre-wrap;\"><b>Enric Casasses i Figueres<\/b> \u00e9s un dels poetes catalans m\u00e9s importants del final del segle XX i inicis del XXI. Va n\u00e9ixer a Barcelona, per\u00f2 t\u00e9 arrels a l\u2019Escala, per part de mare. Ha viscut a molts pa\u00efsos i ha viatjat molt. Escriu poesia i tamb\u00e9 tradueix. Ha llegit de tot. Li agrada dir la seva poesia en veu alta i \u00e9s captivador escoltar-lo. Tamb\u00e9 ha publicat diversos DVDs de poesia musicada. \u00c9s un fan de Llull, d\u2019Ausi\u00e0s March, de Verdaguer, de V\u00edctor Catal\u00e0. Es defineix com \u201cmestre en mai saber, suposat poeta, acad\u00e8mic de cap acad\u00e8mia i cantant sense cantar\u201d. \u201cL\u2019autor corre al darrere de la poesia, que li resulta inatrapable, i de cop \u00e9s ella que l\u2019atrapa a ell.\u201d<\/span><\/p>\n<p dir=\"ltr\" style=\"line-height: 1.38; margin-top: 0pt; margin-bottom: 0pt; text-align: justify;\"><span style=\"font-size: 11pt; font-family: Arial; color: #000000; background-color: transparent; vertical-align: baseline; white-space: pre-wrap;\">La seva obra po\u00e8tica \u00e9s extensa i ha rebut diversos premis. Els m\u00e9s importants, el premi de la Cr\u00edtica Serra d\u2019Or, el Carles Riba de Poesia i el Premi Nacional de Literatura el 2012.<\/span><\/p>\n<p dir=\"ltr\" style=\"line-height: 1.38; margin-top: 0pt; margin-bottom: 0pt; text-align: justify;\"><span style=\"font-size: 11pt; font-family: Arial; color: #000000; background-color: transparent; vertical-align: baseline; white-space: pre-wrap;\">La seva poesia \u00e9s dif\u00edcil de classificar perqu\u00e8 beu de les fonts m\u00e9s variades, des dels trobadors i Llull i tots els nostres grans cl\u00e0ssics fins a la poesia popular, les avantguardes o el moviment underground i la psicod\u00e8lia. En un dels seus poemes diu: &#8220;Tradueixo l&#8217;aire, interpreto el foc, llegeixo l&#8217;aigua i escric damunt la terra&#8221;. <\/span><span style=\"font-family: sans-serif; font-size: 15.75px; background-color: transparent; text-align: left;\">(<\/span><a style=\"font-family: sans-serif; font-size: 15.75px; background-color: transparent; text-align: left;\" href=\"https:\/\/ca.wikipedia.org\/wiki\/Enric_Casasses_i_Figueres\" target=\"_blank\" rel=\"noopener\">M\u00e9s informaci\u00f3<\/a><span style=\"font-family: sans-serif; font-size: 15.75px; background-color: transparent; text-align: left;\">)<\/span><\/p>\n<p dir=\"ltr\" style=\"line-height: 1.38; margin-top: 0pt; margin-bottom: 0pt; text-align: justify;\"><span style=\"font-family: sans-serif; font-size: 15.75px; background-color: transparent; text-align: left;\">\u00a0<\/span><\/p>\n<p>&nbsp;<\/p>\n<p><b style=\"background-color: transparent; text-align: justify; line-height: 14.72px; white-space: pre-wrap;\"><span style=\"font-size: medium;\"><span style=\"font-family: verdana, sans-serif;\">Cartell,<\/span><\/span><\/b><\/p>\n<div style=\"display: block; text-align: center; margin-left: auto; margin-right: auto;\"><b style=\"font-family: Arial,Verdana,sans-serif; font-size: 13.3333px; text-align: justify; color: #990000; line-height: 14.72px; white-space: pre-wrap;\"><span style=\"font-size: medium;\"><span style=\"font-family: verdana, sans-serif;\"><a href=\"https:\/\/sites.google.com\/a\/xtec.cat\/llengua-ae\/espai-elic\/mostra-de-poesia-de-secundaria-de-les-comarques-gironines\/mostra-de-poesia-secundaria-2018\/unnamed.jpg?attredirects=0\"><img loading=\"lazy\" decoding=\"async\" src=\"https:\/\/sites.google.com\/a\/xtec.cat\/llengua-ae\/espai-elic\/mostra-de-poesia-de-secundaria-de-les-comarques-gironines\/mostra-de-poesia-secundaria-2018\/unnamed.jpg\" width=\"226\" height=\"320\" border=\"0\" \/><\/a><\/span><\/span><\/b><\/div>\n<div><b><span style=\"color: #0b5394; font-size: medium;\">La Mostra de Poesia a Secund\u00e0ria de les comarques gironines<\/span><\/b> <span style=\"font-size: small;\">\u00e9s una activitat que s&#8217;ha realitzat durant set cursos a diversos llocs. Des de fa quatre anys Figueres acull aquest esdeveniment a la sala La Cate i l\u2019INS Alexandre Deulofeu, amb la col\u00b7laboraci\u00f3 de l\u2019Ajuntament i el Servei Educatiu de l\u2019Alt Empord\u00e0, n\u2019\u00e9s l\u2019amfitri\u00f3.<\/span><\/div>\n<div>\n<p>&nbsp;<\/p>\n<div style=\"display: inline; float: left; margin: 5px 10px 0px 0px;\"><a href=\"https:\/\/sites.google.com\/a\/xtec.cat\/llengua-ae\/espai-elic\/mostra-de-poesia-de-secundaria-de-les-comarques-gironines\/mostra-de-poesia-secundaria-2018\/Sense%20t%C3%ADtol.png?attredirects=0\"><img loading=\"lazy\" decoding=\"async\" src=\"https:\/\/sites.google.com\/a\/xtec.cat\/llengua-ae\/espai-elic\/mostra-de-poesia-de-secundaria-de-les-comarques-gironines\/mostra-de-poesia-secundaria-2018\/Sense%20t%C3%ADtol.png\" width=\"200\" height=\"107\" border=\"0\" \/><\/a><\/div>\n<p>&nbsp;<\/p>\n<p style=\"text-align: justify;\"><span lang=\"CA\"><span style=\"font-family: arial, sans-serif; font-size: small;\">Hi participen diversos instituts de les comarques gironines. Aquest any en seran deu:\u00a0<\/span><\/span><span style=\"background-color: transparent; font-family: verdana,sans-serif; font-size: small;\">Institut Ramon Muntaner (Figueres), Institut El\u00a0<\/span><span style=\"background-color: transparent; font-family: verdana,sans-serif; font-size: small;\">Pedr\u00f3 (L\u2019Escala), Institut de Sils, Institut Pere Alsius (Banyoles), Institut\u00a0<\/span><span style=\"background-color: transparent; font-family: verdana,sans-serif; font-size: small;\">Alexandre Deulofeu (Figueres). Institut Narc\u00eds Monturiol (Figueres), Institut Vall de Ll\u00e9mana (Sant Gregori), Institut de Castell\u00f3 d&#8217;Emp\u00faries, Institut Cendrassos (Figueres), Institut Montsacopa (Olot).<\/span><\/p>\n<p style=\"text-align: justify;\"><span lang=\"CA\"><span style=\"font-family: arial, sans-serif; font-size: small;\">Cada institut ha preparat un petit espectacle d&#8217;entre 10 i 15 minuts de durada en qu\u00e8 els alumnes, que s\u00f3n de diferents nivells, des de 1r d&#8217;ESO a 2n de batxillerat, reciten poemes en veu alta amb una posada en escena, en cada cas diferent i original.<\/span><\/span><\/p>\n<p style=\"text-align: justify;\"><span lang=\"CA\"><span style=\"font-family: arial, sans-serif; font-size: small;\">L&#8217;objectiu d\u2019aquesta activitat \u00e9s apropar l&#8217;alumnat a la poesia i estimular la seva sensibilitat i creativitat.<\/span><\/span><\/p>\n<p style=\"text-align: justify;\"><span style=\"background-color: transparent; color: #000000; font-family: Arial; font-size: 20pt; white-space: pre-wrap; text-align: center;\"> Programa VII Mostra de Poesia a Secund\u00e0ria<\/span><\/p>\n<div dir=\"ltr\" style=\"margin-left: 36pt;\">\n<table style=\"border: none; border-collapse: collapse;\">\n<colgroup>\n<col width=\"58\" \/>\n<col width=\"99\" \/>\n<col width=\"220\" \/>\n<col width=\"177\" \/><\/colgroup>\n<tbody>\n<tr style=\"height: 0pt;\">\n<td style=\"vertical-align: top; padding: 5pt 5pt 5pt 5pt; border: solid #000000 1pt;\">\n<p dir=\"ltr\" style=\"line-height: 1.2; margin-top: 0pt; margin-bottom: 0pt;\"><span style=\"font-size: 11pt; font-family: Arial; color: #000000; background-color: transparent; font-weight: 400; font-style: normal; font-variant: normal; text-decoration: none; vertical-align: baseline; white-space: pre-wrap;\">Hora<\/span><\/p>\n<\/td>\n<td style=\"vertical-align: top; padding: 5pt 5pt 5pt 5pt; border: solid #000000 1pt;\">\n<p dir=\"ltr\" style=\"line-height: 1.2; margin-top: 0pt; margin-bottom: 0pt;\"><span style=\"font-size: 11pt; font-family: Arial; color: #000000; background-color: transparent; font-weight: 400; font-style: normal; font-variant: normal; text-decoration: none; vertical-align: baseline; white-space: pre-wrap;\">Institut<\/span><\/p>\n<\/td>\n<td style=\"vertical-align: top; padding: 5pt 5pt 5pt 5pt; border: solid #000000 1pt;\">\n<p dir=\"ltr\" style=\"line-height: 1.2; margin-top: 0pt; margin-bottom: 0pt;\"><span style=\"font-size: 11pt; font-family: Arial; color: #000000; background-color: transparent; font-weight: 400; font-style: normal; font-variant: normal; text-decoration: none; vertical-align: baseline; white-space: pre-wrap;\">T\u00edtol<\/span><\/p>\n<\/td>\n<td style=\"vertical-align: top; padding: 5pt 5pt 5pt 5pt; border: solid #000000 1pt;\">\n<p dir=\"ltr\" style=\"line-height: 1.2; margin-top: 0pt; margin-bottom: 0pt;\"><span style=\"font-size: 11pt; font-family: Arial; color: #000000; background-color: transparent; font-weight: 400; font-style: normal; font-variant: normal; text-decoration: none; vertical-align: baseline; white-space: pre-wrap;\">Professors responsables<\/span><\/p>\n<\/td>\n<\/tr>\n<tr style=\"height: 0pt;\">\n<td style=\"vertical-align: top; padding: 5pt 5pt 5pt 5pt; border: solid #000000 1pt;\">\n<p dir=\"ltr\" style=\"line-height: 1.2; margin-top: 0pt; margin-bottom: 0pt;\"><span style=\"font-size: 11pt; font-family: Arial; color: #000000; background-color: transparent; font-weight: 400; font-style: normal; font-variant: normal; text-decoration: none; vertical-align: baseline; white-space: pre-wrap;\">10.00<\/span><\/p>\n<\/td>\n<td style=\"vertical-align: top; padding: 5pt 5pt 5pt 5pt; border: solid #000000 1pt;\">\n<p dir=\"ltr\" style=\"line-height: 1.2; margin-top: 0pt; margin-bottom: 0pt;\"><span style=\"font-size: 11pt; font-family: Arial; color: #000000; background-color: transparent; font-weight: 400; font-style: normal; font-variant: normal; text-decoration: none; vertical-align: baseline; white-space: pre-wrap;\">Alexandre<\/span><\/p>\n<p dir=\"ltr\" style=\"line-height: 1.2; margin-top: 0pt; margin-bottom: 0pt;\"><span style=\"font-size: 11pt; font-family: Arial; color: #000000; background-color: transparent; font-weight: 400; font-style: normal; font-variant: normal; text-decoration: none; vertical-align: baseline; white-space: pre-wrap;\">Deulofeu<\/span><\/p>\n<p dir=\"ltr\" style=\"line-height: 1.2; margin-top: 0pt; margin-bottom: 0pt;\"><span style=\"font-size: 11pt; font-family: Arial; color: #000000; background-color: transparent; font-weight: 400; font-style: italic; font-variant: normal; text-decoration: none; vertical-align: baseline; white-space: pre-wrap;\">Figueres<\/span><\/p>\n<\/td>\n<td style=\"vertical-align: top; padding: 5pt 5pt 5pt 5pt; border: solid #000000 1pt;\">\n<p dir=\"ltr\" style=\"line-height: 1.2; margin-top: 0pt; margin-bottom: 0pt;\"><span style=\"font-size: 11pt; font-family: Arial; color: #000000; background-color: transparent; font-weight: 400; font-style: normal; font-variant: normal; text-decoration: none; vertical-align: baseline; white-space: pre-wrap;\">Espectacle de poesia i dansa amb poemes de Salvat-Papasseit.<\/span><\/p>\n<\/td>\n<td style=\"vertical-align: top; padding: 5pt 5pt 5pt 5pt; border: solid #000000 1pt;\">\n<p dir=\"ltr\" style=\"line-height: 1.2; margin-top: 0pt; margin-bottom: 0pt;\"><span style=\"font-size: 11pt; font-family: Arial; color: #000000; background-color: transparent; font-weight: 400; font-style: normal; font-variant: normal; text-decoration: none; vertical-align: baseline; white-space: pre-wrap;\">Carme Rami\u00f3, amb la col\u00b7laboraci\u00f3 de la companyia Agitart<\/span><\/p>\n<\/td>\n<\/tr>\n<tr style=\"height: 0pt;\">\n<td style=\"vertical-align: top; padding: 5pt 5pt 5pt 5pt; border: solid #000000 1pt;\">\n<p dir=\"ltr\" style=\"line-height: 1.2; margin-top: 0pt; margin-bottom: 0pt;\"><span style=\"font-size: 11pt; font-family: Arial; color: #000000; background-color: transparent; font-weight: 400; font-style: normal; font-variant: normal; text-decoration: none; vertical-align: baseline; white-space: pre-wrap;\">10.15<\/span><\/p>\n<\/td>\n<td style=\"vertical-align: top; padding: 5pt 5pt 5pt 5pt; border: solid #000000 1pt;\">\n<p dir=\"ltr\" style=\"line-height: 1.2; margin-top: 0pt; margin-bottom: 0pt;\"><span style=\"font-size: 11pt; font-family: Arial; color: #000000; background-color: transparent; font-weight: 400; font-style: normal; font-variant: normal; text-decoration: none; vertical-align: baseline; white-space: pre-wrap;\">Narc\u00eds Monturiol<\/span><\/p>\n<p dir=\"ltr\" style=\"line-height: 1.2; margin-top: 0pt; margin-bottom: 0pt;\"><span style=\"font-size: 11pt; font-family: Arial; color: #000000; background-color: transparent; font-weight: 400; font-style: italic; font-variant: normal; text-decoration: none; vertical-align: baseline; white-space: pre-wrap;\">Figueres<\/span><\/p>\n<\/td>\n<td style=\"vertical-align: top; padding: 5pt 5pt 5pt 5pt; border: solid #000000 1pt;\">\n<p dir=\"ltr\" style=\"line-height: 1.2; margin-top: 0pt; margin-bottom: 0pt;\"><span style=\"font-size: 11pt; font-family: Arial; color: #000000; background-color: transparent; font-weight: 400; font-style: italic; font-variant: normal; text-decoration: none; vertical-align: baseline; white-space: pre-wrap;\">Arena nua. <\/span><span style=\"font-size: 11pt; font-family: Arial; color: #000000; background-color: transparent; font-weight: 400; font-style: normal; font-variant: normal; text-decoration: none; vertical-align: baseline; white-space: pre-wrap;\">Poemes de Llu\u00eds S. Bosch i Ernest Pibernat<\/span><\/p>\n<\/td>\n<td style=\"vertical-align: top; padding: 5pt 5pt 5pt 5pt; border: solid #000000 1pt;\">\n<p dir=\"ltr\" style=\"line-height: 1.2; margin-top: 0pt; margin-bottom: 0pt;\"><span style=\"font-size: 11pt; font-family: Arial; color: #000000; background-color: transparent; font-weight: 400; font-style: normal; font-variant: normal; text-decoration: none; vertical-align: baseline; white-space: pre-wrap;\">Ernest Pibernat<\/span><\/p>\n<p dir=\"ltr\" style=\"line-height: 1.2; margin-top: 0pt; margin-bottom: 0pt;\"><span style=\"font-size: 11pt; font-family: Arial; color: #000000; background-color: transparent; font-weight: 400; font-style: normal; font-variant: normal; text-decoration: none; vertical-align: baseline; white-space: pre-wrap;\">M. \u00c0ngels Vila<\/span><\/p>\n<\/td>\n<\/tr>\n<tr style=\"height: 0pt;\">\n<td style=\"vertical-align: top; padding: 5pt 5pt 5pt 5pt; border: solid #000000 1pt;\">\n<p dir=\"ltr\" style=\"line-height: 1.2; margin-top: 0pt; margin-bottom: 0pt;\"><span style=\"font-size: 11pt; font-family: Arial; color: #000000; background-color: transparent; font-weight: 400; font-style: normal; font-variant: normal; text-decoration: none; vertical-align: baseline; white-space: pre-wrap;\">10.30<\/span><\/p>\n<\/td>\n<td style=\"vertical-align: top; padding: 5pt 5pt 5pt 5pt; border: solid #000000 1pt;\">\n<p dir=\"ltr\" style=\"line-height: 1.2; margin-top: 0pt; margin-bottom: 0pt;\"><span style=\"font-size: 11pt; font-family: Arial; color: #000000; background-color: transparent; font-weight: 400; font-style: normal; font-variant: normal; text-decoration: none; vertical-align: baseline; white-space: pre-wrap;\">El Pedr\u00f3<\/span><\/p>\n<p dir=\"ltr\" style=\"line-height: 1.2; margin-top: 0pt; margin-bottom: 0pt;\"><span style=\"font-size: 11pt; font-family: Arial; color: #000000; background-color: transparent; font-weight: 400; font-style: italic; font-variant: normal; text-decoration: none; vertical-align: baseline; white-space: pre-wrap;\">L\u2019Escala<\/span><\/p>\n<\/td>\n<td style=\"vertical-align: top; padding: 5pt 5pt 5pt 5pt; border: solid #000000 1pt;\">\n<p dir=\"ltr\" style=\"line-height: 1.2; margin-top: 0pt; margin-bottom: 0pt;\"><span style=\"font-size: 11pt; font-family: Arial; color: #000000; background-color: transparent; font-weight: 400; font-style: italic; font-variant: normal; text-decoration: none; vertical-align: baseline; white-space: pre-wrap;\">Al cor de les paraules. <\/span><span style=\"font-size: 11pt; font-family: Arial; color: #000000; background-color: transparent; font-weight: 400; font-style: normal; font-variant: normal; text-decoration: none; vertical-align: baseline; white-space: pre-wrap;\">Poemes de Montserrat Abell\u00f3<\/span><\/p>\n<\/td>\n<td style=\"vertical-align: top; padding: 5pt 5pt 5pt 5pt; border: solid #000000 1pt;\">\n<p dir=\"ltr\" style=\"line-height: 1.2; margin-top: 0pt; margin-bottom: 0pt;\"><span style=\"font-size: 11pt; font-family: Arial; color: #000000; background-color: transparent; font-weight: 400; font-style: normal; font-variant: normal; text-decoration: none; vertical-align: baseline; white-space: pre-wrap;\">Margarita Vidal<\/span><\/p>\n<p dir=\"ltr\" style=\"line-height: 1.2; margin-top: 0pt; margin-bottom: 0pt;\"><span style=\"font-size: 11pt; font-family: Arial; color: #000000; background-color: transparent; font-weight: 400; font-style: normal; font-variant: normal; text-decoration: none; vertical-align: baseline; white-space: pre-wrap;\">Gisela Fiol<\/span><\/p>\n<\/td>\n<\/tr>\n<tr style=\"height: 0pt;\">\n<td style=\"vertical-align: top; padding: 5pt 5pt 5pt 5pt; border: solid #000000 1pt;\">\n<p dir=\"ltr\" style=\"line-height: 1.2; margin-top: 0pt; margin-bottom: 0pt;\"><span style=\"font-size: 11pt; font-family: Arial; color: #000000; background-color: transparent; font-weight: 400; font-style: normal; font-variant: normal; text-decoration: none; vertical-align: baseline; white-space: pre-wrap;\">10.45<\/span><\/p>\n<\/td>\n<td style=\"vertical-align: top; padding: 5pt 5pt 5pt 5pt; border: solid #000000 1pt;\">\n<p dir=\"ltr\" style=\"line-height: 1.2; margin-top: 0pt; margin-bottom: 0pt;\"><span style=\"font-size: 11pt; font-family: Arial; color: #000000; background-color: transparent; font-weight: 400; font-style: normal; font-variant: normal; text-decoration: none; vertical-align: baseline; white-space: pre-wrap;\">Cendrassos<\/span><\/p>\n<p dir=\"ltr\" style=\"line-height: 1.2; margin-top: 0pt; margin-bottom: 0pt;\"><span style=\"font-size: 11pt; font-family: Arial; color: #000000; background-color: transparent; font-weight: 400; font-style: italic; font-variant: normal; text-decoration: none; vertical-align: baseline; white-space: pre-wrap;\">Figueres<\/span><\/p>\n<\/td>\n<td style=\"vertical-align: top; padding: 5pt 5pt 5pt 5pt; border: solid #000000 1pt;\">\n<p dir=\"ltr\" style=\"line-height: 1.2; margin-top: 0pt; margin-bottom: 0pt;\"><span style=\"font-size: 11pt; font-family: Arial; color: #000000; background-color: transparent; font-weight: 400; font-style: normal; font-variant: normal; text-decoration: none; vertical-align: baseline; white-space: pre-wrap;\">Paraules d\u2019amor i de mort de M\u00e0rius Torres<\/span><\/p>\n<\/td>\n<td style=\"vertical-align: top; padding: 5pt 5pt 5pt 5pt; border: solid #000000 1pt;\">\n<p dir=\"ltr\" style=\"line-height: 1.2; margin-top: 0pt; margin-bottom: 0pt;\"><span style=\"font-size: 11pt; font-family: Arial; color: #000000; background-color: transparent; font-weight: 400; font-style: normal; font-variant: normal; text-decoration: none; vertical-align: baseline; white-space: pre-wrap;\">Irene Mu\u00f1oz<\/span><\/p>\n<p dir=\"ltr\" style=\"line-height: 1.2; margin-top: 0pt; margin-bottom: 0pt;\"><span style=\"font-size: 11pt; font-family: Arial; color: #000000; background-color: transparent; font-weight: 400; font-style: normal; font-variant: normal; text-decoration: none; vertical-align: baseline; white-space: pre-wrap;\">Maria Parra<\/span><\/p>\n<\/td>\n<\/tr>\n<tr style=\"height: 0pt;\">\n<td style=\"vertical-align: top; padding: 5pt 5pt 5pt 5pt; border: solid #000000 1pt;\">\n<p dir=\"ltr\" style=\"line-height: 1.2; margin-top: 0pt; margin-bottom: 0pt;\"><span style=\"font-size: 11pt; font-family: Arial; color: #000000; background-color: transparent; font-weight: 400; font-style: normal; font-variant: normal; text-decoration: none; vertical-align: baseline; white-space: pre-wrap;\">11.00<\/span><\/p>\n<\/td>\n<td style=\"vertical-align: top; padding: 5pt 5pt 5pt 5pt; border: solid #000000 1pt;\">\n<p dir=\"ltr\" style=\"line-height: 1.2; margin-top: 0pt; margin-bottom: 0pt;\"><span style=\"font-size: 11pt; font-family: Arial; color: #000000; background-color: transparent; font-weight: 400; font-style: normal; font-variant: normal; text-decoration: none; vertical-align: baseline; white-space: pre-wrap;\">Castell\u00f3<\/span><\/p>\n<p dir=\"ltr\" style=\"line-height: 1.2; margin-top: 0pt; margin-bottom: 0pt;\"><span style=\"font-size: 11pt; font-family: Arial; color: #000000; background-color: transparent; font-weight: 400; font-style: italic; font-variant: normal; text-decoration: none; vertical-align: baseline; white-space: pre-wrap;\">Castell\u00f3 d\u2019Emp\u00faries<\/span><\/p>\n<\/td>\n<td style=\"vertical-align: top; padding: 5pt 5pt 5pt 5pt; border: solid #000000 1pt;\">\n<p dir=\"ltr\" style=\"line-height: 1.2; margin-top: 0pt; margin-bottom: 0pt;\"><span style=\"font-size: 11pt; font-family: Arial; color: #000000; background-color: transparent; font-weight: 400; font-style: italic; font-variant: normal; text-decoration: none; vertical-align: baseline; white-space: pre-wrap;\">Parlen les dones<\/span><\/p>\n<\/td>\n<td style=\"vertical-align: top; padding: 5pt 5pt 5pt 5pt; border: solid #000000 1pt;\">\n<p dir=\"ltr\" style=\"line-height: 1.2; margin-top: 0pt; margin-bottom: 0pt;\"><span style=\"font-size: 11pt; font-family: Arial; color: #000000; background-color: transparent; font-weight: 400; font-style: normal; font-variant: normal; text-decoration: none; vertical-align: baseline; white-space: pre-wrap;\">Quim Cubars\u00ed <\/span><\/p>\n<p dir=\"ltr\" style=\"line-height: 1.2; margin-top: 0pt; margin-bottom: 0pt;\"><span style=\"font-size: 11pt; font-family: Arial; color: #000000; background-color: transparent; font-weight: 400; font-style: normal; font-variant: normal; text-decoration: none; vertical-align: baseline; white-space: pre-wrap;\">Maria Espelt<\/span><\/p>\n<\/td>\n<\/tr>\n<tr style=\"height: 21pt;\">\n<td style=\"vertical-align: top; padding: 5pt 5pt 5pt 5pt; border: solid #000000 1pt;\">\n<p dir=\"ltr\" style=\"line-height: 1.2; margin-top: 0pt; margin-bottom: 0pt;\"><span style=\"font-size: 11pt; font-family: Arial; color: #000000; background-color: transparent; font-weight: 400; font-style: normal; font-variant: normal; text-decoration: none; vertical-align: baseline; white-space: pre-wrap;\">11.15<\/span><\/p>\n<\/td>\n<td style=\"vertical-align: top; padding: 5pt 5pt 5pt 5pt; border: solid #000000 1pt;\" colspan=\"3\">\n<p dir=\"ltr\" style=\"line-height: 1.2; margin-top: 0pt; margin-bottom: 0pt; text-align: center;\"><span style=\"font-size: 11pt; font-family: Arial; color: #000000; background-color: transparent; font-weight: bold; font-style: normal; font-variant: normal; text-decoration: none; vertical-align: baseline; white-space: pre-wrap;\">Pausa esmorzar<\/span><\/p>\n<\/td>\n<\/tr>\n<tr style=\"height: 21pt;\">\n<td style=\"vertical-align: top; padding: 5pt 5pt 5pt 5pt; border: solid #000000 1pt;\">\n<p dir=\"ltr\" style=\"line-height: 1.2; margin-top: 0pt; margin-bottom: 0pt;\"><span style=\"font-size: 11pt; font-family: Arial; color: #000000; background-color: transparent; font-weight: 400; font-style: normal; font-variant: normal; text-decoration: none; vertical-align: baseline; white-space: pre-wrap;\">11.45<\/span><\/p>\n<\/td>\n<td style=\"vertical-align: top; padding: 5pt 5pt 5pt 5pt; border: solid #000000 1pt;\" colspan=\"3\">\n<p dir=\"ltr\" style=\"line-height: 1.2; margin-top: 0pt; margin-bottom: 0pt; text-align: center;\"><span style=\"font-size: 11pt; font-family: Arial; color: #000000; background-color: transparent; font-weight: 400; font-style: normal; font-variant: normal; text-decoration: none; vertical-align: baseline; white-space: pre-wrap;\">Intervenci\u00f3 del poeta Enric Casasses<\/span><\/p>\n<\/td>\n<\/tr>\n<tr style=\"height: 0pt;\">\n<td style=\"vertical-align: top; padding: 5pt 5pt 5pt 5pt; border: solid #000000 1pt;\">\n<p dir=\"ltr\" style=\"line-height: 1.2; margin-top: 0pt; margin-bottom: 0pt;\"><span style=\"font-size: 11pt; font-family: Arial; color: #000000; background-color: transparent; font-weight: 400; font-style: normal; font-variant: normal; text-decoration: none; vertical-align: baseline; white-space: pre-wrap;\">12.00<\/span><\/p>\n<\/td>\n<td style=\"vertical-align: top; padding: 5pt 5pt 5pt 5pt; border: solid #000000 1pt;\">\n<p dir=\"ltr\" style=\"line-height: 1.2; margin-top: 0pt; margin-bottom: 0pt;\"><span style=\"font-size: 11pt; font-family: Arial; color: #000000; background-color: transparent; font-weight: 400; font-style: normal; font-variant: normal; text-decoration: none; vertical-align: baseline; white-space: pre-wrap;\">Pere Alsius<\/span><\/p>\n<p dir=\"ltr\" style=\"line-height: 1.2; margin-top: 0pt; margin-bottom: 0pt;\"><span style=\"font-size: 11pt; font-family: Arial; color: #000000; background-color: transparent; font-weight: 400; font-style: italic; font-variant: normal; text-decoration: none; vertical-align: baseline; white-space: pre-wrap;\">Banyoles<\/span><\/p>\n<\/td>\n<td style=\"vertical-align: top; padding: 5pt 5pt 5pt 5pt; border: solid #000000 1pt;\">\n<p dir=\"ltr\" style=\"line-height: 1.2; margin-top: 0pt; margin-bottom: 0pt;\"><span style=\"font-size: 11pt; font-family: Arial; color: #000000; background-color: transparent; font-weight: 400; font-style: italic; font-variant: normal; text-decoration: none; vertical-align: baseline; white-space: pre-wrap;\">Combat po\u00e8tic<\/span><\/p>\n<\/td>\n<td style=\"vertical-align: top; padding: 5pt 5pt 5pt 5pt; border: solid #000000 1pt;\">\n<p dir=\"ltr\" style=\"line-height: 1.2; margin-top: 0pt; margin-bottom: 0pt;\"><span style=\"font-size: 11pt; font-family: Arial; color: #000000; background-color: transparent; font-weight: 400; font-style: normal; font-variant: normal; text-decoration: none; vertical-align: baseline; white-space: pre-wrap;\">Gemma Caja<\/span><\/p>\n<p dir=\"ltr\" style=\"line-height: 1.2; margin-top: 0pt; margin-bottom: 0pt;\"><span style=\"font-size: 11pt; font-family: Arial; color: #000000; background-color: transparent; font-weight: 400; font-style: normal; font-variant: normal; text-decoration: none; vertical-align: baseline; white-space: pre-wrap;\">Rafael Ferr\u00e9<\/span><\/p>\n<p dir=\"ltr\" style=\"line-height: 1.2; margin-top: 0pt; margin-bottom: 0pt;\"><span style=\"font-size: 11pt; font-family: Arial; color: #000000; background-color: transparent; font-weight: 400; font-style: normal; font-variant: normal; text-decoration: none; vertical-align: baseline; white-space: pre-wrap;\">Jaume Vila<\/span><\/p>\n<p dir=\"ltr\" style=\"line-height: 1.2; margin-top: 0pt; margin-bottom: 0pt;\"><span style=\"font-size: 11pt; font-family: Arial; color: #000000; background-color: transparent; font-weight: 400; font-style: normal; font-variant: normal; text-decoration: none; vertical-align: baseline; white-space: pre-wrap;\">Judith Torrent<\/span><\/p>\n<\/td>\n<\/tr>\n<tr style=\"height: 0pt;\">\n<td style=\"vertical-align: top; padding: 5pt 5pt 5pt 5pt; border: solid #000000 1pt;\">\n<p dir=\"ltr\" style=\"line-height: 1.2; margin-top: 0pt; margin-bottom: 0pt;\"><span style=\"font-size: 11pt; font-family: Arial; color: #000000; background-color: transparent; font-weight: 400; font-style: normal; font-variant: normal; text-decoration: none; vertical-align: baseline; white-space: pre-wrap;\">12.15<\/span><\/p>\n<\/td>\n<td style=\"vertical-align: top; padding: 5pt 5pt 5pt 5pt; border: solid #000000 1pt;\">\n<p dir=\"ltr\" style=\"line-height: 1.2; margin-top: 0pt; margin-bottom: 0pt;\"><span style=\"font-size: 11pt; font-family: Arial; color: #000000; background-color: transparent; font-weight: 400; font-style: normal; font-variant: normal; text-decoration: none; vertical-align: baseline; white-space: pre-wrap;\">Vall de Ll\u00e9mena<\/span><\/p>\n<p dir=\"ltr\" style=\"line-height: 1.2; margin-top: 0pt; margin-bottom: 0pt;\"><span style=\"font-size: 11pt; font-family: Arial; color: #000000; background-color: transparent; font-weight: 400; font-style: italic; font-variant: normal; text-decoration: none; vertical-align: baseline; white-space: pre-wrap;\">Sant Gregori<\/span><\/p>\n<\/td>\n<td style=\"vertical-align: top; padding: 5pt 5pt 5pt 5pt; border: solid #000000 1pt;\">\n<p dir=\"ltr\" style=\"line-height: 1.2; margin-top: 0pt; margin-bottom: 0pt;\"><span style=\"font-size: 11pt; font-family: Arial; color: #000000; background-color: transparent; font-weight: 400; font-style: italic; font-variant: normal; text-decoration: none; vertical-align: baseline; white-space: pre-wrap;\">Com un n\u00favol lleuger<\/span><\/p>\n<\/td>\n<td style=\"vertical-align: top; padding: 5pt 5pt 5pt 5pt; border: solid #000000 1pt;\">\n<p dir=\"ltr\" style=\"line-height: 1.2; margin-top: 0pt; margin-bottom: 0pt;\"><span style=\"font-size: 11pt; font-family: Arial; color: #000000; background-color: transparent; font-weight: 400; font-style: normal; font-variant: normal; text-decoration: none; vertical-align: baseline; white-space: pre-wrap;\">Rafel Vil\u00e0<\/span><\/p>\n<p dir=\"ltr\" style=\"line-height: 1.2; margin-top: 0pt; margin-bottom: 0pt;\"><span style=\"font-size: 11pt; font-family: Arial; color: #000000; background-color: transparent; font-weight: 400; font-style: normal; font-variant: normal; text-decoration: none; vertical-align: baseline; white-space: pre-wrap;\">Fal\u00f3 Garcia<\/span><\/p>\n<\/td>\n<\/tr>\n<tr style=\"height: 0pt;\">\n<td style=\"vertical-align: top; padding: 5pt 5pt 5pt 5pt; border: solid #000000 1pt;\">\n<p dir=\"ltr\" style=\"line-height: 1.2; margin-top: 0pt; margin-bottom: 0pt;\"><span style=\"font-size: 11pt; font-family: Arial; color: #000000; background-color: transparent; font-weight: 400; font-style: normal; font-variant: normal; text-decoration: none; vertical-align: baseline; white-space: pre-wrap;\">12.30<\/span><\/p>\n<\/td>\n<td style=\"vertical-align: top; padding: 5pt 5pt 5pt 5pt; border: solid #000000 1pt;\">\n<p dir=\"ltr\" style=\"line-height: 1.2; margin-top: 0pt; margin-bottom: 0pt;\"><span style=\"font-size: 11pt; font-family: Arial; color: #000000; background-color: transparent; font-weight: 400; font-style: normal; font-variant: normal; text-decoration: none; vertical-align: baseline; white-space: pre-wrap;\">Sils<\/span><\/p>\n<p dir=\"ltr\" style=\"line-height: 1.2; margin-top: 0pt; margin-bottom: 0pt;\"><span style=\"font-size: 11pt; font-family: Arial; color: #000000; background-color: transparent; font-weight: 400; font-style: italic; font-variant: normal; text-decoration: none; vertical-align: baseline; white-space: pre-wrap;\">Sils<\/span><\/p>\n<\/td>\n<td style=\"vertical-align: top; padding: 5pt 5pt 5pt 5pt; border: solid #000000 1pt;\">\n<p dir=\"ltr\" style=\"line-height: 1.2; margin-top: 0pt; margin-bottom: 0pt;\"><span style=\"font-size: 11pt; font-family: Arial; color: #000000; background-color: transparent; font-weight: 400; font-style: italic; font-variant: normal; text-decoration: none; vertical-align: baseline; white-space: pre-wrap;\">Ximpleries? No, Pedrals<\/span><\/p>\n<\/td>\n<td style=\"vertical-align: top; padding: 5pt 5pt 5pt 5pt; border: solid #000000 1pt;\">\n<p dir=\"ltr\" style=\"line-height: 1.2; margin-top: 0pt; margin-bottom: 0pt;\"><span style=\"font-size: 11pt; font-family: Arial; color: #000000; background-color: transparent; font-weight: 400; font-style: normal; font-variant: normal; text-decoration: none; vertical-align: baseline; white-space: pre-wrap;\">Lola Torrent<\/span><\/p>\n<\/td>\n<\/tr>\n<tr style=\"height: 0pt;\">\n<td style=\"vertical-align: top; padding: 5pt 5pt 5pt 5pt; border: solid #000000 1pt;\">\n<p dir=\"ltr\" style=\"line-height: 1.2; margin-top: 0pt; margin-bottom: 0pt;\"><span style=\"font-size: 11pt; font-family: Arial; color: #000000; background-color: transparent; font-weight: 400; font-style: normal; font-variant: normal; text-decoration: none; vertical-align: baseline; white-space: pre-wrap;\">12.45<\/span><\/p>\n<\/td>\n<td style=\"vertical-align: top; padding: 5pt 5pt 5pt 5pt; border: solid #000000 1pt;\">\n<p dir=\"ltr\" style=\"line-height: 1.2; margin-top: 0pt; margin-bottom: 0pt;\"><span style=\"font-size: 11pt; font-family: Arial; color: #000000; background-color: transparent; font-weight: 400; font-style: normal; font-variant: normal; text-decoration: none; vertical-align: baseline; white-space: pre-wrap;\">Ramon Muntaner<\/span><\/p>\n<p dir=\"ltr\" style=\"line-height: 1.2; margin-top: 0pt; margin-bottom: 0pt;\"><span style=\"font-size: 11pt; font-family: Arial; color: #000000; background-color: transparent; font-weight: 400; font-style: italic; font-variant: normal; text-decoration: none; vertical-align: baseline; white-space: pre-wrap;\">Figueres<\/span><\/p>\n<\/td>\n<td style=\"vertical-align: top; padding: 5pt 5pt 5pt 5pt; border: solid #000000 1pt;\">\n<p dir=\"ltr\" style=\"line-height: 1.2; margin-top: 0pt; margin-bottom: 0pt;\"><span style=\"font-size: 11pt; font-family: Arial; color: #000000; background-color: transparent; font-weight: 400; font-style: italic; font-variant: normal; text-decoration: none; vertical-align: baseline; white-space: pre-wrap;\">No s\u00e9 qu\u00e8 busco a trav\u00e9s dels teus ulls. <\/span><span style=\"font-size: 11pt; font-family: Arial; color: #000000; background-color: transparent; font-weight: 400; font-style: normal; font-variant: normal; text-decoration: none; vertical-align: baseline; white-space: pre-wrap;\">Poemes d\u2019amor.<\/span><\/p>\n<\/td>\n<td style=\"vertical-align: top; padding: 5pt 5pt 5pt 5pt; border: solid #000000 1pt;\">\n<p dir=\"ltr\" style=\"line-height: 1.2; margin-top: 0pt; margin-bottom: 0pt;\"><span style=\"font-size: 11pt; font-family: Arial; color: #000000; background-color: transparent; font-weight: 400; font-style: normal; font-variant: normal; text-decoration: none; vertical-align: baseline; white-space: pre-wrap;\">Marta Planas<\/span><\/p>\n<\/td>\n<\/tr>\n<tr style=\"height: 0pt;\">\n<td style=\"vertical-align: top; padding: 5pt 5pt 5pt 5pt; border: solid #000000 1pt;\">\n<p dir=\"ltr\" style=\"line-height: 1.2; margin-top: 0pt; margin-bottom: 0pt;\"><span style=\"font-size: 11pt; font-family: Arial; color: #000000; background-color: transparent; font-weight: 400; font-style: normal; font-variant: normal; text-decoration: none; vertical-align: baseline; white-space: pre-wrap;\">13.00<\/span><\/p>\n<\/td>\n<td style=\"vertical-align: top; padding: 5pt 5pt 5pt 5pt; border: solid #000000 1pt;\">\n<p dir=\"ltr\" style=\"line-height: 1.2; margin-top: 0pt; margin-bottom: 0pt;\"><span style=\"font-size: 11pt; font-family: Arial; color: #000000; background-color: transparent; font-weight: 400; font-style: normal; font-variant: normal; text-decoration: none; vertical-align: baseline; white-space: pre-wrap;\">Montsacopa<\/span><span style=\"font-size: 11pt; font-family: Arial; color: #000000; background-color: transparent; font-weight: 400; font-style: italic; font-variant: normal; text-decoration: none; vertical-align: baseline; white-space: pre-wrap;\">Olot<\/span><\/p>\n<\/td>\n<td style=\"vertical-align: top; padding: 5pt 5pt 5pt 5pt; border: solid #000000 1pt;\">\n<p dir=\"ltr\" style=\"line-height: 1.2; margin-top: 0pt; margin-bottom: 0pt;\"><span style=\"font-size: 11pt; font-family: Arial; color: #000000; background-color: transparent; font-weight: 400; font-style: italic; font-variant: normal; text-decoration: none; vertical-align: baseline; white-space: pre-wrap;\">Alguns poemes del 36, <\/span><span style=\"font-size: 11pt; font-family: Arial; color: #000000; background-color: transparent; font-weight: 400; font-style: normal; font-variant: normal; text-decoration: none; vertical-align: baseline; white-space: pre-wrap;\">de Ricard Creus<\/span><\/p>\n<\/td>\n<td style=\"vertical-align: top; padding: 5pt 5pt 5pt 5pt; border: solid #000000 1pt;\">\n<p dir=\"ltr\" style=\"line-height: 1.2; margin-top: 0pt; margin-bottom: 0pt;\"><span style=\"font-size: 11pt; font-family: Arial; color: #000000; background-color: transparent; font-weight: 400; font-style: normal; font-variant: normal; text-decoration: none; vertical-align: baseline; white-space: pre-wrap;\">Rosa Vilanova<\/span><\/p>\n<\/td>\n<\/tr>\n<tr style=\"height: 21pt;\">\n<td style=\"vertical-align: top; padding: 5pt 5pt 5pt 5pt; border: solid #000000 1pt;\">\n<p dir=\"ltr\" style=\"line-height: 1.2; margin-top: 0pt; margin-bottom: 0pt;\"><span style=\"font-size: 11pt; font-family: Arial; color: #000000; background-color: transparent; font-weight: 400; font-style: normal; font-variant: normal; text-decoration: none; vertical-align: baseline; white-space: pre-wrap;\">13.15<\/span><\/p>\n<\/td>\n<td style=\"vertical-align: top; padding: 5pt 5pt 5pt 5pt; border: solid #000000 1pt;\" colspan=\"3\">\n<p dir=\"ltr\" style=\"line-height: 1.2; margin-top: 0pt; margin-bottom: 0pt; text-align: center;\"><span style=\"font-size: 11pt; font-family: Arial; color: #000000; background-color: transparent; font-weight: 400; font-style: normal; font-variant: normal; text-decoration: none; vertical-align: baseline; white-space: pre-wrap;\">CLOENDA I COMIAT<\/span><\/p>\n<\/td>\n<\/tr>\n<\/tbody>\n<\/table>\n<\/div>\n<p style=\"text-align: justify;\"><b style=\"background-color: transparent; text-align: left; font-family: verdana,sans-serif; font-size: medium; line-height: 22.08px;\"> <span style=\"font-size: 11pt; font-family: Arial; background-color: transparent; vertical-align: baseline; white-space: pre-wrap;\"><span style=\"color: #0b5394;\">Presentadors: alumnes de l&#8217;INS Montsacopa d&#8217;Olot<\/span><\/span><\/b><\/p>\n<\/div>\n<div>\n<p style=\"text-align: justify;\"><span lang=\"CA\"><b style=\"text-align: left; line-height: 16.8667px; background-color: transparent;\"><span style=\"color: #0b5394; font-family: verdana, sans-serif; font-size: medium;\"><span style=\"background-color: #990000;\">\u00a0 \u00a0<\/span>\u00a0 \u00a0Resum de l&#8217;espectacle:<\/span><\/b><\/span><\/p>\n<div style=\"text-align: center;\">\n<p><b style=\"background-color: transparent; font-family: verdana,sans-serif; font-size: medium; text-align: left; color: #0b5394;\">V\u00eddeo de l&#8217;espectacle TramuntanaTV<\/b><\/p>\n<p><iframe loading=\"lazy\" title=\"YouTube video player\" src=\"https:\/\/www.youtube.com\/embed\/5B3vuH5eZ4g\" width=\"560\" height=\"315\" frameborder=\"0\" allowfullscreen=\"allowfullscreen\"><\/iframe><\/p>\n<\/div>\n<\/div>\n<p>&nbsp;<\/p>\n<p><iframe loading=\"lazy\" src=\"https:\/\/docs.google.com\/presentation\/d\/e\/2PACX-1vT8f_mN37fpey9LJgKvOguSoRmDr63qvckVxTMlXTsNr1GiPb6Rqe59ZSTaCi1BYeLNpBsM1zUXXk9C\/embed?start=true&amp;loop=false&amp;delayms=10000\" width=\"480\" height=\"389\" frameborder=\"0\" allowfullscreen=\"allowfullscreen\"><\/iframe><\/p>\n<\/div>\n<div style=\"text-align: center;\"><\/div>\n<p>&nbsp;<\/p>\n<div><span style=\"font-size: small;\">\u00a0<\/span><\/div>\n<ul>\n<li><a href=\"http:\/\/www.emporda.info\/comarca\/2018\/04\/12\/versos-frueixen-veus-adolescents-mostra\/389673.html\" target=\"_blank\" rel=\"noopener\">Els versos frueixen en veus adolescents a la Mostra de Poesia de Secund\u00e0ria<\/a><\/li>\n<\/ul>\n<div>\n<div style=\"display: block; text-align: left;\"><a href=\"https:\/\/sites.google.com\/a\/xtec.cat\/llengua-ae\/espai-elic\/mostra-de-poesia-de-secundaria-de-les-comarques-gironines\/mostra-de-poesia-secundaria-2018\/Sense%20t%C3%ADtol.png?attredirects=0\"><img decoding=\"async\" style=\"width: 100%;\" src=\"https:\/\/sites.google.com\/a\/xtec.cat\/llengua-ae\/espai-elic\/mostra-de-poesia-de-secundaria-de-les-comarques-gironines\/mostra-de-poesia-secundaria-2018\/Sense%20t%C3%ADtol.png\" border=\"0\" \/><\/a><\/div>\n<p>&nbsp;<\/p>\n<\/div>\n<p>&nbsp;<\/p>\n<hr \/>\n","protected":false},"excerpt":{"rendered":"<p>&nbsp; Benvinguts a la setena Mostra de Poesia a Secund\u00e0ria de les comarques gironines. Aquesta activitat, que \u00e9s la quarta vegada que se celebra a la Cate Figueres, est\u00e0 organitzada per un grup de docents de les comarques gironines, que volen fer viure la poesia a l\u2019alumnat, amb la col\u00b7laboraci\u00f3 de l\u2019Ajuntament de Figueres, el [&hellip;]<\/p>\n","protected":false},"author":14,"featured_media":14767,"comment_status":"closed","ping_status":"closed","sticky":false,"template":"","format":"standard","meta":{"_bbp_topic_count":0,"_bbp_reply_count":0,"_bbp_total_topic_count":0,"_bbp_total_reply_count":0,"_bbp_voice_count":0,"_bbp_anonymous_reply_count":0,"_bbp_topic_count_hidden":0,"_bbp_reply_count_hidden":0,"_bbp_forum_subforum_count":0,"site-sidebar-layout":"default","site-content-layout":"","ast-site-content-layout":"","site-content-style":"default","site-sidebar-style":"default","ast-global-header-display":"","ast-banner-title-visibility":"","ast-main-header-display":"","ast-hfb-above-header-display":"","ast-hfb-below-header-display":"","ast-hfb-mobile-header-display":"","site-post-title":"","ast-breadcrumbs-content":"","ast-featured-img":"","footer-sml-layout":"","theme-transparent-header-meta":"","adv-header-id-meta":"","stick-header-meta":"","header-above-stick-meta":"","header-main-stick-meta":"","header-below-stick-meta":"","astra-migrate-meta-layouts":"default","ast-page-background-enabled":"default","ast-page-background-meta":{"desktop":{"background-color":"var(--ast-global-color-4)","background-image":"","background-repeat":"repeat","background-position":"center center","background-size":"auto","background-attachment":"scroll","background-type":"","background-media":"","overlay-type":"","overlay-color":"","overlay-opacity":"","overlay-gradient":""},"tablet":{"background-color":"","background-image":"","background-repeat":"repeat","background-position":"center center","background-size":"auto","background-attachment":"scroll","background-type":"","background-media":"","overlay-type":"","overlay-color":"","overlay-opacity":"","overlay-gradient":""},"mobile":{"background-color":"","background-image":"","background-repeat":"repeat","background-position":"center center","background-size":"auto","background-attachment":"scroll","background-type":"","background-media":"","overlay-type":"","overlay-color":"","overlay-opacity":"","overlay-gradient":""}},"ast-content-background-meta":{"desktop":{"background-color":"var(--ast-global-color-5)","background-image":"","background-repeat":"repeat","background-position":"center center","background-size":"auto","background-attachment":"scroll","background-type":"","background-media":"","overlay-type":"","overlay-color":"","overlay-opacity":"","overlay-gradient":""},"tablet":{"background-color":"var(--ast-global-color-5)","background-image":"","background-repeat":"repeat","background-position":"center center","background-size":"auto","background-attachment":"scroll","background-type":"","background-media":"","overlay-type":"","overlay-color":"","overlay-opacity":"","overlay-gradient":""},"mobile":{"background-color":"var(--ast-global-color-5)","background-image":"","background-repeat":"repeat","background-position":"center center","background-size":"auto","background-attachment":"scroll","background-type":"","background-media":"","overlay-type":"","overlay-color":"","overlay-opacity":"","overlay-gradient":""}},"footnotes":""},"categories":[417],"tags":[],"class_list":["post-14766","post","type-post","status-publish","format-standard","has-post-thumbnail","hentry","category-mostra-de-poesia-a-secundaria"],"post_mailing_queue_ids":[],"_links":{"self":[{"href":"https:\/\/serveiseducatius.xtec.cat\/altemporda\/wp-json\/wp\/v2\/posts\/14766","targetHints":{"allow":["GET"]}}],"collection":[{"href":"https:\/\/serveiseducatius.xtec.cat\/altemporda\/wp-json\/wp\/v2\/posts"}],"about":[{"href":"https:\/\/serveiseducatius.xtec.cat\/altemporda\/wp-json\/wp\/v2\/types\/post"}],"author":[{"embeddable":true,"href":"https:\/\/serveiseducatius.xtec.cat\/altemporda\/wp-json\/wp\/v2\/users\/14"}],"replies":[{"embeddable":true,"href":"https:\/\/serveiseducatius.xtec.cat\/altemporda\/wp-json\/wp\/v2\/comments?post=14766"}],"version-history":[{"count":3,"href":"https:\/\/serveiseducatius.xtec.cat\/altemporda\/wp-json\/wp\/v2\/posts\/14766\/revisions"}],"predecessor-version":[{"id":14776,"href":"https:\/\/serveiseducatius.xtec.cat\/altemporda\/wp-json\/wp\/v2\/posts\/14766\/revisions\/14776"}],"wp:featuredmedia":[{"embeddable":true,"href":"https:\/\/serveiseducatius.xtec.cat\/altemporda\/wp-json\/wp\/v2\/media\/14767"}],"wp:attachment":[{"href":"https:\/\/serveiseducatius.xtec.cat\/altemporda\/wp-json\/wp\/v2\/media?parent=14766"}],"wp:term":[{"taxonomy":"category","embeddable":true,"href":"https:\/\/serveiseducatius.xtec.cat\/altemporda\/wp-json\/wp\/v2\/categories?post=14766"},{"taxonomy":"post_tag","embeddable":true,"href":"https:\/\/serveiseducatius.xtec.cat\/altemporda\/wp-json\/wp\/v2\/tags?post=14766"}],"curies":[{"name":"wp","href":"https:\/\/api.w.org\/{rel}","templated":true}]}}