{"id":14741,"date":"2021-11-03T18:59:29","date_gmt":"2021-11-03T17:59:29","guid":{"rendered":"https:\/\/serveiseducatius.xtec.cat\/altemporda\/?p=14741"},"modified":"2021-11-03T18:59:29","modified_gmt":"2021-11-03T17:59:29","slug":"asi-se-aprende-a-hablar-bien-en-publico-fuera-de-la-universidad","status":"publish","type":"post","link":"https:\/\/serveiseducatius.xtec.cat\/altemporda\/oratoria\/asi-se-aprende-a-hablar-bien-en-publico-fuera-de-la-universidad\/","title":{"rendered":"As\u00ed se aprende a hablar (bien) en p\u00fablico fuera de la universidad"},"content":{"rendered":"<div style=\"display: inline; float: left; margin: 5px 10px 0px 0px;\"><a href=\"https:\/\/sites.google.com\/a\/xtec.cat\/concurs-d-oratoria-juvenil-de-l-alt-emporda\/punt-de-trobada\/noticies\/asiseaprendeahablarbienenpublicofueradelauniversidad\/1494603828_482125_1494604054_noticia_normal_recorte1.jpg?attredirects=0\"><img loading=\"lazy\" decoding=\"async\" src=\"https:\/\/sites.google.com\/a\/xtec.cat\/concurs-d-oratoria-juvenil-de-l-alt-emporda\/punt-de-trobada\/noticies\/asiseaprendeahablarbienenpublicofueradelauniversidad\/1494603828_482125_1494604054_noticia_normal_recorte1.jpg\" width=\"200\" height=\"133\" border=\"0\" \/><\/a><\/div>\n<p><span style=\"font-size: small;\">H<span style=\"color: #111111; font-family: Benton Sans,sans-serif;\">ablar bien en p\u00fablico no est\u00e1 en la carta de presentaci\u00f3n de los espa\u00f1oles. Ni la escuela, ni el instituto ni la universidad incluyen asignaturas obligatorias de oratoria. Fuera de los programas oficiales de las universidades se han multiplicado los clubes de debate impulsados por los propios alumnos con el objetivo de aprender a argumentar y ser capaces de defender ideas s\u00f3lidas. Hace cinco a\u00f1os apenas exist\u00edan cinco torneos de debate universitario en Espa\u00f1a y ahora\u00a0<\/span><a style=\"margin: 0px; padding: 0px; border-width: 0px 0px 0.063rem; font-stretch: inherit; line-height: inherit; font-family: Benton Sans,sans-serif; vertical-align: baseline; color: #016ca2; border-color: initial initial #016ca2 initial; border-style: initial initial dotted initial;\" href=\"http:\/\/www.comillas.edu\/images\/servicios\/culturales\/ACT_CULT.pdf\" target=\"_blank\" rel=\"noopener\">se organizan m\u00e1s de 30 al a\u00f1o<\/a><span style=\"color: #111111; font-family: Benton Sans,sans-serif;\">. La capacidad de hablar bien en p\u00fablico es una de las habilidades cr\u00edticas para triunfar en el nuevo escenario laboral, seg\u00fan varios informes como el \u00faltimo publicado por el\u00a0<\/span><a style=\"margin: 0px; padding: 0px; border-width: 0px 0px 0.063rem; font-stretch: inherit; line-height: inherit; font-family: Benton Sans,sans-serif; vertical-align: baseline; color: #016ca2; border-color: initial initial #016ca2 initial; border-style: initial initial dotted initial;\" href=\"http:\/\/www.wfconnections.org\/\" target=\"_blank\" rel=\"noopener\">Workforce Connections<\/a><span style=\"color: #111111; font-family: Benton Sans,sans-serif;\">, un\u00a0<\/span><em style=\"margin: 0px; padding: 0px; border: 0px; font-stretch: inherit; line-height: inherit; font-family: Benton Sans,sans-serif; vertical-align: baseline; color: #111111;\">think tank<\/em><span style=\"color: #111111; font-family: Benton Sans,sans-serif;\">\u00a0dependiente de la agencia para el desarrollo internacional del Gobierno de\u00a0<\/span><a style=\"margin: 0px; padding: 0px; border-width: 0px 0px 0.063rem; font-stretch: inherit; line-height: inherit; font-family: Benton Sans,sans-serif; vertical-align: baseline; color: #016ca2; outline: 0px; border-color: initial initial #016ca2 initial; border-style: initial initial dotted initial;\" href=\"http:\/\/elpais.com\/tag\/estados_unidos\/a\" target=\"_blank\" rel=\"noopener\">Estados Unidos.<\/a>\u00a0(<a href=\"http:\/\/economia.elpais.com\/economia\/2017\/05\/12\/actualidad\/1494603828_482125.html\" target=\"_blank\" rel=\"noopener\">M\u00e9s informaci\u00f3<\/a>)<\/span><\/p>\n<div>\n<hr \/>\n<\/div>\n","protected":false},"excerpt":{"rendered":"<p>Hablar bien en p\u00fablico no est\u00e1 en la carta de presentaci\u00f3n de los espa\u00f1oles. Ni la escuela, ni el instituto ni la universidad incluyen asignaturas obligatorias de oratoria. Fuera de los programas oficiales de las universidades se han multiplicado los clubes de debate impulsados por los propios alumnos con el objetivo de aprender a argumentar [&hellip;]<\/p>\n","protected":false},"author":71,"featured_media":14742,"comment_status":"closed","ping_status":"closed","sticky":false,"template":"","format":"standard","meta":{"_bbp_topic_count":0,"_bbp_reply_count":0,"_bbp_total_topic_count":0,"_bbp_total_reply_count":0,"_bbp_voice_count":0,"_bbp_anonymous_reply_count":0,"_bbp_topic_count_hidden":0,"_bbp_reply_count_hidden":0,"_bbp_forum_subforum_count":0,"site-sidebar-layout":"default","site-content-layout":"","ast-site-content-layout":"","site-content-style":"default","site-sidebar-style":"default","ast-global-header-display":"","ast-banner-title-visibility":"","ast-main-header-display":"","ast-hfb-above-header-display":"","ast-hfb-below-header-display":"","ast-hfb-mobile-header-display":"","site-post-title":"","ast-breadcrumbs-content":"","ast-featured-img":"","footer-sml-layout":"","theme-transparent-header-meta":"","adv-header-id-meta":"","stick-header-meta":"","header-above-stick-meta":"","header-main-stick-meta":"","header-below-stick-meta":"","astra-migrate-meta-layouts":"default","ast-page-background-enabled":"default","ast-page-background-meta":{"desktop":{"background-color":"var(--ast-global-color-4)","background-image":"","background-repeat":"repeat","background-position":"center center","background-size":"auto","background-attachment":"scroll","background-type":"","background-media":"","overlay-type":"","overlay-color":"","overlay-opacity":"","overlay-gradient":""},"tablet":{"background-color":"","background-image":"","background-repeat":"repeat","background-position":"center center","background-size":"auto","background-attachment":"scroll","background-type":"","background-media":"","overlay-type":"","overlay-color":"","overlay-opacity":"","overlay-gradient":""},"mobile":{"background-color":"","background-image":"","background-repeat":"repeat","background-position":"center center","background-size":"auto","background-attachment":"scroll","background-type":"","background-media":"","overlay-type":"","overlay-color":"","overlay-opacity":"","overlay-gradient":""}},"ast-content-background-meta":{"desktop":{"background-color":"var(--ast-global-color-5)","background-image":"","background-repeat":"repeat","background-position":"center center","background-size":"auto","background-attachment":"scroll","background-type":"","background-media":"","overlay-type":"","overlay-color":"","overlay-opacity":"","overlay-gradient":""},"tablet":{"background-color":"var(--ast-global-color-5)","background-image":"","background-repeat":"repeat","background-position":"center center","background-size":"auto","background-attachment":"scroll","background-type":"","background-media":"","overlay-type":"","overlay-color":"","overlay-opacity":"","overlay-gradient":""},"mobile":{"background-color":"var(--ast-global-color-5)","background-image":"","background-repeat":"repeat","background-position":"center center","background-size":"auto","background-attachment":"scroll","background-type":"","background-media":"","overlay-type":"","overlay-color":"","overlay-opacity":"","overlay-gradient":""}},"footnotes":""},"categories":[413],"tags":[],"class_list":["post-14741","post","type-post","status-publish","format-standard","has-post-thumbnail","hentry","category-oratoria"],"post_mailing_queue_ids":[],"_links":{"self":[{"href":"https:\/\/serveiseducatius.xtec.cat\/altemporda\/wp-json\/wp\/v2\/posts\/14741","targetHints":{"allow":["GET"]}}],"collection":[{"href":"https:\/\/serveiseducatius.xtec.cat\/altemporda\/wp-json\/wp\/v2\/posts"}],"about":[{"href":"https:\/\/serveiseducatius.xtec.cat\/altemporda\/wp-json\/wp\/v2\/types\/post"}],"author":[{"embeddable":true,"href":"https:\/\/serveiseducatius.xtec.cat\/altemporda\/wp-json\/wp\/v2\/users\/71"}],"replies":[{"embeddable":true,"href":"https:\/\/serveiseducatius.xtec.cat\/altemporda\/wp-json\/wp\/v2\/comments?post=14741"}],"version-history":[{"count":1,"href":"https:\/\/serveiseducatius.xtec.cat\/altemporda\/wp-json\/wp\/v2\/posts\/14741\/revisions"}],"predecessor-version":[{"id":14743,"href":"https:\/\/serveiseducatius.xtec.cat\/altemporda\/wp-json\/wp\/v2\/posts\/14741\/revisions\/14743"}],"wp:featuredmedia":[{"embeddable":true,"href":"https:\/\/serveiseducatius.xtec.cat\/altemporda\/wp-json\/wp\/v2\/media\/14742"}],"wp:attachment":[{"href":"https:\/\/serveiseducatius.xtec.cat\/altemporda\/wp-json\/wp\/v2\/media?parent=14741"}],"wp:term":[{"taxonomy":"category","embeddable":true,"href":"https:\/\/serveiseducatius.xtec.cat\/altemporda\/wp-json\/wp\/v2\/categories?post=14741"},{"taxonomy":"post_tag","embeddable":true,"href":"https:\/\/serveiseducatius.xtec.cat\/altemporda\/wp-json\/wp\/v2\/tags?post=14741"}],"curies":[{"name":"wp","href":"https:\/\/api.w.org\/{rel}","templated":true}]}}