{"id":14738,"date":"2021-11-03T18:57:15","date_gmt":"2021-11-03T17:57:15","guid":{"rendered":"https:\/\/serveiseducatius.xtec.cat\/altemporda\/?p=14738"},"modified":"2021-11-03T18:57:15","modified_gmt":"2021-11-03T17:57:15","slug":"jana-moron-de-lalexandre-deulofeu-guanya-el-concurs-doratoria-de-lalt-emporda","status":"publish","type":"post","link":"https:\/\/serveiseducatius.xtec.cat\/altemporda\/oratoria\/jana-moron-de-lalexandre-deulofeu-guanya-el-concurs-doratoria-de-lalt-emporda\/","title":{"rendered":"Jana Mor\u00f3n, de l&#8217;Alexandre Deulofeu, guanya el Concurs d&#8217;Orat\u00f2ria de l&#8217;Alt Empord\u00e0"},"content":{"rendered":"<div style=\"display: inline; float: left; margin: 5px 10px 0px 0px;\"><a href=\"https:\/\/sites.google.com\/a\/xtec.cat\/concurs-d-oratoria-juvenil-de-l-alt-emporda\/punt-de-trobada\/noticies-1\/janamorondelalexandredeulofeuguanyaelconcursdoratoriadelaltemporda\/esq-a-dreta-mohamed-el-aboussi-quim-mas-jana-moro769n-helena-savall-vi769ctor-pe769rez-1.jpg?attredirects=0\"><img loading=\"lazy\" decoding=\"async\" src=\"https:\/\/sites.google.com\/a\/xtec.cat\/concurs-d-oratoria-juvenil-de-l-alt-emporda\/punt-de-trobada\/noticies-1\/janamorondelalexandredeulofeuguanyaelconcursdoratoriadelaltemporda\/esq-a-dreta-mohamed-el-aboussi-quim-mas-jana-moro769n-helena-savall-vi769ctor-pe769rez-1.jpg\" width=\"200\" height=\"89\" border=\"0\" \/><\/a><\/div>\n<p><span style=\"font-family: verdana, sans-serif; font-size: xx-small;\">L&#8217;<span style=\"color: #000000; background-color: transparent;\">&#8216;Espai Armengol de Vilaju\u00efga ha reunit 26 estudiants de 4t d&#8217;ESO en la quarta edici\u00f3 de la convocat\u00f2ria.<\/span><\/span><\/p>\n<div>\n<p style=\"color: #3a3a3a; font-stretch: normal; font-size: 15px; line-height: 24px; font-family: robotoregular,Arial,Tahoma,Geneva,sans-serif; margin: 30px 0px; padding: 0px;\">L&#8217;alumna de l&#8217;Institut Alexandre Deulofeu de Figueres Jana Mor\u00f3n Roca ha estat la guanyadora de la 4a edici\u00f3 del Concurs d\u00b4Orat\u00f2ria Juvenil de l&#8217;Alt Empord\u00e0 que s&#8217;ha celebrat aquest cap de setmana a Vilaju\u00efga, organitzat per l&#8217;Espai Armengol i el Servei Educatiu de l&#8217;Alt Empord\u00e0, del Departament d&#8217;Ensenyament.\u00a0<span style=\"background-color: transparent;\">La iniciativa, que ja est\u00e0 consolidada i que aquest any arriba a la quarta edici\u00f3, t\u00e9 per objectiu conscienciar i promoure entre l&#8217;alumnat i les seves fam\u00edlies la necessitat de millorar l&#8217;expressi\u00f3 oral i la import\u00e0ncia de saber expressar-se en p\u00fablic amb naturalitat i efic\u00e0cia, tot utilitzant els recursos argumentatius i ret\u00f2rics adients.<\/span><\/p>\n<p style=\"color: #3a3a3a; font-stretch: normal; font-size: 15px; line-height: 24px; font-family: robotoregular,Arial,Tahoma,Geneva,sans-serif; margin: 30px 0px; padding: 0px;\">Al concurs van participar 26 alumnes dels 16 instituts p\u00fablics i concertats que hi ha a la comarca de l&#8217;Alt Empord\u00e0 que havien estat seleccionats durant els darrers mesos entre m\u00e9s de 1.000 alumnes de 4t d&#8217;ESO de la comarca que hi han concursat.<\/p>\n<p style=\"color: #3a3a3a; font-stretch: normal; font-size: 15px; line-height: 24px; font-family: robotoregular,Arial,Tahoma,Geneva,sans-serif; margin: 30px 0px; padding: 0px;\"><span style=\"background-color: transparent;\">Els 26 nois i noies, de 15 i 16 anys, van disputar una semifinal en la qu\u00e8 van haver d&#8217;exposar un discurs de 3 minuts sobre un d&#8217;aquests dos temes, que se&#8217;ls hi va comunicar 24h abans: &#8220;Qu\u00e8 \u00e9s per a tu la creativitat?&#8221; o &#8220;Informats, desinformats, sobreinformats&#8221;.<\/span><\/p>\n<p style=\"color: #3a3a3a; font-stretch: normal; font-size: 15px; line-height: 24px; font-family: robotoregular,Arial,Tahoma,Geneva,sans-serif; margin: 30px 0px; padding: 0px;\">Dels 26 semifinalistes el jurat va escollir-se els 5 millors que van disputar la final. A la final els estudiants van disposar de 15 minuts per a preparar-se un discurs de tamb\u00e9 3 minuts sobre el tema &#8220;La feina de la meva vida&#8221;.\u00a0<span style=\"background-color: transparent;\">Despr\u00e9s d&#8217;una decisi\u00f3 ajustada, el jurat va resoldre que l&#8217;alumna Jana Mor\u00f3n Roca de l&#8217;Institut Alexandre Deulofeu de Figueres va ser la millor oradora d&#8217;aquesta edici\u00f3 del concurs. La segona posici\u00f3 va ser per Quim Mas, de l&#8217;Institut El Pedr\u00f3 de l&#8217;Escala, mentre que el tercer lloc va ser per Helena Savall, de l&#8217;Institut Ramon Muntaner de Figueres. En quart lloc es va classificar V\u00edctor P\u00e9rez de l&#8217;Institut La Jonquera, i la cinquena posici\u00f3 va ser per a Mohamed El Aboussi, de l&#8217;Institut Monturiol de Figueres.<\/span><\/p>\n<p style=\"color: #3a3a3a; font-stretch: normal; font-size: 15px; line-height: 24px; font-family: robotoregular,Arial,Tahoma,Geneva,sans-serif; margin: 30px 0px; padding: 0px;\">La jornada del Concurs d&#8217;Orat\u00f2ria ha comptat amb la participaci\u00f3 del periodista, guionista i presentador de TV3 Pol Izquierdo, que ha ofert la confer\u00e8ncia &#8220;L&#8217;art de parlar en p\u00fablic&#8221;, i ha proporcionat als joves alguns consells per a les seves presentacions orals. (<a href=\"http:\/\/www.emporda.info\/comarca\/2018\/04\/08\/jana-moron-lalexandre-deulofeu-guanya\/389077.html\" target=\"_blank\" rel=\"noopener\">+ info<\/a>).<\/p>\n<hr \/>\n<\/div>\n","protected":false},"excerpt":{"rendered":"<p>L&#8217;&#8216;Espai Armengol de Vilaju\u00efga ha reunit 26 estudiants de 4t d&#8217;ESO en la quarta edici\u00f3 de la convocat\u00f2ria. L&#8217;alumna de l&#8217;Institut Alexandre Deulofeu de Figueres Jana Mor\u00f3n Roca ha estat la guanyadora de la 4a edici\u00f3 del Concurs d\u00b4Orat\u00f2ria Juvenil de l&#8217;Alt Empord\u00e0 que s&#8217;ha celebrat aquest cap de setmana a Vilaju\u00efga, organitzat per l&#8217;Espai [&hellip;]<\/p>\n","protected":false},"author":71,"featured_media":14739,"comment_status":"closed","ping_status":"closed","sticky":false,"template":"","format":"standard","meta":{"_bbp_topic_count":0,"_bbp_reply_count":0,"_bbp_total_topic_count":0,"_bbp_total_reply_count":0,"_bbp_voice_count":0,"_bbp_anonymous_reply_count":0,"_bbp_topic_count_hidden":0,"_bbp_reply_count_hidden":0,"_bbp_forum_subforum_count":0,"site-sidebar-layout":"default","site-content-layout":"","ast-site-content-layout":"","site-content-style":"default","site-sidebar-style":"default","ast-global-header-display":"","ast-banner-title-visibility":"","ast-main-header-display":"","ast-hfb-above-header-display":"","ast-hfb-below-header-display":"","ast-hfb-mobile-header-display":"","site-post-title":"","ast-breadcrumbs-content":"","ast-featured-img":"","footer-sml-layout":"","theme-transparent-header-meta":"","adv-header-id-meta":"","stick-header-meta":"","header-above-stick-meta":"","header-main-stick-meta":"","header-below-stick-meta":"","astra-migrate-meta-layouts":"default","ast-page-background-enabled":"default","ast-page-background-meta":{"desktop":{"background-color":"var(--ast-global-color-4)","background-image":"","background-repeat":"repeat","background-position":"center center","background-size":"auto","background-attachment":"scroll","background-type":"","background-media":"","overlay-type":"","overlay-color":"","overlay-opacity":"","overlay-gradient":""},"tablet":{"background-color":"","background-image":"","background-repeat":"repeat","background-position":"center center","background-size":"auto","background-attachment":"scroll","background-type":"","background-media":"","overlay-type":"","overlay-color":"","overlay-opacity":"","overlay-gradient":""},"mobile":{"background-color":"","background-image":"","background-repeat":"repeat","background-position":"center center","background-size":"auto","background-attachment":"scroll","background-type":"","background-media":"","overlay-type":"","overlay-color":"","overlay-opacity":"","overlay-gradient":""}},"ast-content-background-meta":{"desktop":{"background-color":"var(--ast-global-color-5)","background-image":"","background-repeat":"repeat","background-position":"center center","background-size":"auto","background-attachment":"scroll","background-type":"","background-media":"","overlay-type":"","overlay-color":"","overlay-opacity":"","overlay-gradient":""},"tablet":{"background-color":"var(--ast-global-color-5)","background-image":"","background-repeat":"repeat","background-position":"center center","background-size":"auto","background-attachment":"scroll","background-type":"","background-media":"","overlay-type":"","overlay-color":"","overlay-opacity":"","overlay-gradient":""},"mobile":{"background-color":"var(--ast-global-color-5)","background-image":"","background-repeat":"repeat","background-position":"center center","background-size":"auto","background-attachment":"scroll","background-type":"","background-media":"","overlay-type":"","overlay-color":"","overlay-opacity":"","overlay-gradient":""}},"footnotes":""},"categories":[413],"tags":[],"class_list":["post-14738","post","type-post","status-publish","format-standard","has-post-thumbnail","hentry","category-oratoria"],"post_mailing_queue_ids":[],"_links":{"self":[{"href":"https:\/\/serveiseducatius.xtec.cat\/altemporda\/wp-json\/wp\/v2\/posts\/14738","targetHints":{"allow":["GET"]}}],"collection":[{"href":"https:\/\/serveiseducatius.xtec.cat\/altemporda\/wp-json\/wp\/v2\/posts"}],"about":[{"href":"https:\/\/serveiseducatius.xtec.cat\/altemporda\/wp-json\/wp\/v2\/types\/post"}],"author":[{"embeddable":true,"href":"https:\/\/serveiseducatius.xtec.cat\/altemporda\/wp-json\/wp\/v2\/users\/71"}],"replies":[{"embeddable":true,"href":"https:\/\/serveiseducatius.xtec.cat\/altemporda\/wp-json\/wp\/v2\/comments?post=14738"}],"version-history":[{"count":1,"href":"https:\/\/serveiseducatius.xtec.cat\/altemporda\/wp-json\/wp\/v2\/posts\/14738\/revisions"}],"predecessor-version":[{"id":14740,"href":"https:\/\/serveiseducatius.xtec.cat\/altemporda\/wp-json\/wp\/v2\/posts\/14738\/revisions\/14740"}],"wp:featuredmedia":[{"embeddable":true,"href":"https:\/\/serveiseducatius.xtec.cat\/altemporda\/wp-json\/wp\/v2\/media\/14739"}],"wp:attachment":[{"href":"https:\/\/serveiseducatius.xtec.cat\/altemporda\/wp-json\/wp\/v2\/media?parent=14738"}],"wp:term":[{"taxonomy":"category","embeddable":true,"href":"https:\/\/serveiseducatius.xtec.cat\/altemporda\/wp-json\/wp\/v2\/categories?post=14738"},{"taxonomy":"post_tag","embeddable":true,"href":"https:\/\/serveiseducatius.xtec.cat\/altemporda\/wp-json\/wp\/v2\/tags?post=14738"}],"curies":[{"name":"wp","href":"https:\/\/api.w.org\/{rel}","templated":true}]}}