{"id":14720,"date":"2021-11-03T18:45:05","date_gmt":"2021-11-03T17:45:05","guid":{"rendered":"https:\/\/serveiseducatius.xtec.cat\/altemporda\/?p=14720"},"modified":"2021-11-03T18:45:05","modified_gmt":"2021-11-03T17:45:05","slug":"tres-figuerencs-opten-a-ser-el-millor-orador-jove-de-catalunya","status":"publish","type":"post","link":"https:\/\/serveiseducatius.xtec.cat\/altemporda\/oratoria\/tres-figuerencs-opten-a-ser-el-millor-orador-jove-de-catalunya\/","title":{"rendered":"Tres figuerencs opten a ser el millor orador jove de Catalunya"},"content":{"rendered":"<div>\n<div style=\"display: inline; float: left; margin: 5px 10px 0px 0px;\"><a href=\"https:\/\/sites.google.com\/a\/xtec.cat\/concurs-d-oratoria-juvenil-de-l-alt-emporda\/punt-de-trobada\/noticies-1\/tresfiguerencsoptenaserelmillororadorjovedecatalunya\/Pagina_45_foto1_el_got_aigua.jpg?attredirects=0\"><img loading=\"lazy\" decoding=\"async\" src=\"https:\/\/sites.google.com\/a\/xtec.cat\/concurs-d-oratoria-juvenil-de-l-alt-emporda\/punt-de-trobada\/noticies-1\/tresfiguerencsoptenaserelmillororadorjovedecatalunya\/Pagina_45_foto1_el_got_aigua.jpg\" width=\"200\" height=\"150\" border=\"0\" \/><\/a><\/div>\n<\/div>\n<div><span style=\"font-size: x-small; color: #000000; font-family: roboto_condensedregular,Arial,Helvetica,sans-serif; background-color: transparent;\">Olma Gir\u00f3, Anna Batlle i Moha Laloud participen en el nou programa de TV3, \u00abEl got d&#8217;aigua&#8221;.<\/span><\/div>\n<div>\n<p style=\"color: #3a3a3a; font-stretch: normal; font-size: 15px; line-height: 24px; font-family: robotoregular,Arial,Tahoma,Geneva,sans-serif; margin: 30px 0px; padding: 0px;\"><strong>L&#8217;orat\u00f2ria arrela en els temps de l\u00b4antiga Gr\u00e8cia i Roma<\/strong>\u00a0on la destresa en la comunicaci\u00f3 ling\u00fc\u00edstica era de les principals habilitats a l\u00b4hora de garantir un futur pol\u00edtic. Ara, TV3 impulsa un concurs per trobar el millor orador jove de Catalunya, que podria ser altempordan\u00e8s.<\/p>\n<p style=\"color: #3a3a3a; font-stretch: normal; font-size: 15px; line-height: 24px; font-family: robotoregular,Arial,Tahoma,Geneva,sans-serif; margin: 30px 0px; padding: 0px;\">\u00abNo importa la professi\u00f3 que exerceixis, en totes elles us haureu de comunicar\u00bb. Aquest \u00e9s el missatge que els transmet la professora de llengua catalana de l\u00b4<strong>institut Ramon Muntaner de Figueres<\/strong>\u00a0als seus alumnes d\u00b4orat\u00f2ria. Un missatge que tenen ben clar els joves figuerencs\u00a0<strong>Olma Gir\u00f3, Anna Batlle i Moha Laloud<\/strong>. Tots tres participen en el nou programa de TV3, &#8216;<strong>El got d\u00b4aigua<\/strong>&#8216;, que es va estrenar aquest diumenge passat al vespre en prime time, dedicat a l\u00b4orat\u00f2ria i que t\u00e9 per objectiu trobar el millor orador de Catalunya.<\/p>\n<div style=\"color: #555555; font-family: robotoregular,Arial,Tahoma,Geneva,sans-serif; font-size: 15px;\"><\/div>\n<p style=\"color: #3a3a3a; font-stretch: normal; font-size: 15px; line-height: 24px; font-family: robotoregular,Arial,Tahoma,Geneva,sans-serif; margin: 30px 0px; padding: 0px;\">Dels m\u00e9s de mig miler de candidats, d\u00b4entre\u00a0<strong>15 i 22 anys<\/strong>, que van presentar-se al c\u00e0sting, nom\u00e9s 30 van superar les proves d\u00b4improvisaci\u00f3 i de realitzar un discurs d\u00b4un minut i mig. D\u00b4aquests, nom\u00e9s una vintena han arribat a la fase del concurs que s\u00b4estructura en cap\u00edtols, on participen cinc concursants, els quals viuen una experi\u00e8ncia durant un dia sencer i, fruit d\u00b4aquesta, elaboren un discurs que, ja a plat\u00f3, pronunciaran davant un jurat i un p\u00fablic. Per arribar a aquest punt, tenen el suport de dos coachs:\u00a0<strong>Gemma Lligades<\/strong>, advocada i experta en argumentaci\u00f3, i l\u00b4actriu\u00a0<strong>Alba Florejachs<\/strong>, per la interpretaci\u00f3.<\/p>\n<p style=\"color: #3a3a3a; font-stretch: normal; font-size: 15px; line-height: 24px; font-family: robotoregular,Arial,Tahoma,Geneva,sans-serif; margin: 30px 0px; padding: 0px;\">Olma Gir\u00f3, de 18 anys, est\u00e0 estudiant segon del doble grau de Periodisme i Ci\u00e8ncies Pol\u00edtiques a la\u00a0<strong>Universitat Pompeu Fabra<\/strong>. Vol ser reportera de guerra \u00abper sortir d\u00b4aquesta bombolla informativa\u00bb. Reconeix que \u00abl\u00b4orat\u00f2ria sempre m\u00b4ha fascinat, m\u00b4agrada debatre, transmetre el meu punt de vista\u00bb i anar al programa ha estat una gran experi\u00e8ncia perqu\u00e8 \u00abhe apr\u00e8s que tothom t\u00e9 aquest do especial i el pot transmetre amb l\u00b4orat\u00f2ria\u00bb. Assegura que \u00abl\u00b4orat\u00f2ria estava molt poc visibilitzada\u00bb quan ella anava a l\u00b4institut \u2013el Ramon Muntaner\u2013 ja que, aleshores, encara no es dedicava un temps concret. Tot i aix\u00f2, Gir\u00f3 va guanyar el\u00a0<strong>Concurs d\u00b4Orat\u00f2ria Juvenil de l\u00b4Alt Empord\u00e0<\/strong>, en el qual Anna Batlle, que ara estudia 2n de Batxillerat, tamb\u00e9 al Muntaner, va quedar en segona posici\u00f3..<\/p>\n<p><strong style=\"color: #3a3a3a; font-family: robotoregular,Arial,Tahoma,Geneva,sans-serif; font-size: 15px; background-color: transparent;\">El poder de la paraula<\/strong><\/p>\n<p style=\"color: #3a3a3a; font-stretch: normal; font-size: 15px; line-height: 24px; font-family: robotoregular,Arial,Tahoma,Geneva,sans-serif; margin: 30px 0px; padding: 0px;\">De l\u00b4orat\u00f2ria, a Batlle li interessa el que \u00abla paraula pot tenir de poder i d\u00b4influ\u00e8ncia i la import\u00e0ncia del llenguatge no textual\u00bb. All\u00f2 que la sorprengu\u00e9 durant la gravaci\u00f3 \u00e9s com, partint d\u00b4una mateixa experi\u00e8ncia, es poden generar tantes mirades diferents. Tamb\u00e9 destaca el treball amb les coachs: \u00abEm van ajudar molt\u00edssim\u00bb.<\/p>\n<p style=\"color: #3a3a3a; font-stretch: normal; font-size: 15px; line-height: 24px; font-family: robotoregular,Arial,Tahoma,Geneva,sans-serif; margin: 30px 0px; padding: 0px;\">En el cas de Moha Laloud, que estudia segon de\u00a0<strong>Ci\u00e8ncies Pol\u00edtiques a la UdG<\/strong>\u00a0i va ser alumne de l\u00b4INS Cendrassos de Figueres, l\u00b4experi\u00e8ncia ha estat molt positiva, ja que li ha perm\u00e8s \u00abdescobrir un m\u00f3n que desconeixia, el de les grans ciutats, ha estat com una bufetada a la realitat\u00bb. Des dels 14 anys, Lalouh s\u00b4interessa per la pol\u00edtica i els debats i, sobretot, el vessant comunicatiu d\u00b4aquesta. \u00abNo saber comunicar \u00e9s no saber res, per moltes actituds que tinguis\u00bb, assegura tot afegint que l\u00b4orat\u00f2ria s\u00b4hauria de fomentar m\u00e9s.<\/p>\n<p style=\"color: #3a3a3a; font-stretch: normal; font-size: 15px; line-height: 24px; font-family: robotoregular,Arial,Tahoma,Geneva,sans-serif; margin: 30px 0px; padding: 0px;\">Olma Gir\u00f3 creu que un bon orador \u00absempre ha de treballar des de la veritat, des del que realment sent\u00bb. \u00abSaber parlar \u00e9s la clau per entendre\u00b4t amb la gent\u00bb, conclou. Per a Batlle,<strong>\u00a0&#8216;El got d\u00b4aigua&#8217; ha estat \u00abmolt m\u00e9s\u00bb que un concurs<\/strong>\u00a0i, fins i tot, l\u00b4ha sedu\u00eft per, potser, reconduir els seus estudis de Dret a Periodisme. (<a href=\"https:\/\/www.emporda.info\/cultura\/2018\/10\/10\/tres-figuerencs-opten-millor-orador\/409707.html\" target=\"_blank\" rel=\"noopener\">Setmanari Empord\u00e0<\/a>).<\/p>\n<\/div>\n<div><img loading=\"lazy\" decoding=\"async\" class=\"igm\" style=\"display: block; margin: 5px auto; text-align: center;\" src=\"https:\/\/www.google.com\/chart?chc=sites&amp;cht=d&amp;chdp=sites&amp;chl=%5B%5BGadget+de+Google'%3D20'f%5Cv'a%5C%3D0'10'%3D599'0'dim'%5Cbox1'b%5CF6F6F6'fC%5CF6F6F6'eC%5C0'sk'%5C%5B%22Include+gadget+(iframe)%22'%5D'a%5CV%5C%3D12'f%5C%5DV%5Cta%5C%3D10'%3D0'%3D600'%3D797'dim'%5C%3D10'%3D10'%3D600'%3D797'vdim'%5Cbox1'b%5Cva%5CF6F6F6'fC%5CC8C8C8'eC%5C'a%5C%5Do%5CLauto'f%5C&amp;sig=YgoTHaXyt45VOwonUm0giesI45s\" width=\"600\" height=\"800\" data-igsrc=\"http:\/\/62.gmodules.com\/ig\/ifr?mid=62&amp;synd=trogedit&amp;url=http%3A%2F%2Fhosting.gmodules.com%2Fig%2Fgadgets%2Ffile%2F106581606564100174314%2Fiframe.xml&amp;up_iframeURL=https%3A%2F%2Fdrive.google.com%2Ffile%2Fd%2F1AIS6mWYKFpg67fneBgqdmMYNl53xmIz0%2Fpreview&amp;up_scroll=auto&amp;h=800&amp;w=600\" data-type=\"ggs-gadget\" data-props=\"align:center;borderTitle:Include gadget (iframe);height:800;igsrc:http#58\/\/62.gmodules.com\/ig\/ifr?mid=62&amp;synd=trogedit&amp;url=http%3A%2F%2Fhosting.gmodules.com%2Fig%2Fgadgets%2Ffile%2F106581606564100174314%2Fiframe.xml&amp;up_iframeURL=https%3A%2F%2Fdrive.google.com%2Ffile%2Fd%2F1AIS6mWYKFpg67fneBgqdmMYNl53xmIz0%2Fpreview&amp;up_scroll=auto&amp;h=800&amp;w=600;mid:62;scrolling:no;showBorder:true;showBorderTitle:null;spec:http#58\/\/hosting.gmodules.com\/ig\/gadgets\/file\/106581606564100174314\/iframe.xml;up_iframeURL:https#58\/\/drive.google.com\/file\/d\/1AIS6mWYKFpg67fneBgqdmMYNl53xmIz0\/preview;up_scroll:auto;view:default;width:600;wrap:false;\" \/><\/div>\n","protected":false},"excerpt":{"rendered":"<p>Olma Gir\u00f3, Anna Batlle i Moha Laloud participen en el nou programa de TV3, \u00abEl got d&#8217;aigua&#8221;. L&#8217;orat\u00f2ria arrela en els temps de l\u00b4antiga Gr\u00e8cia i Roma\u00a0on la destresa en la comunicaci\u00f3 ling\u00fc\u00edstica era de les principals habilitats a l\u00b4hora de garantir un futur pol\u00edtic. Ara, TV3 impulsa un concurs per trobar el millor orador [&hellip;]<\/p>\n","protected":false},"author":71,"featured_media":14721,"comment_status":"closed","ping_status":"closed","sticky":false,"template":"","format":"standard","meta":{"_bbp_topic_count":0,"_bbp_reply_count":0,"_bbp_total_topic_count":0,"_bbp_total_reply_count":0,"_bbp_voice_count":0,"_bbp_anonymous_reply_count":0,"_bbp_topic_count_hidden":0,"_bbp_reply_count_hidden":0,"_bbp_forum_subforum_count":0,"site-sidebar-layout":"default","site-content-layout":"","ast-site-content-layout":"","site-content-style":"default","site-sidebar-style":"default","ast-global-header-display":"","ast-banner-title-visibility":"","ast-main-header-display":"","ast-hfb-above-header-display":"","ast-hfb-below-header-display":"","ast-hfb-mobile-header-display":"","site-post-title":"","ast-breadcrumbs-content":"","ast-featured-img":"","footer-sml-layout":"","theme-transparent-header-meta":"","adv-header-id-meta":"","stick-header-meta":"","header-above-stick-meta":"","header-main-stick-meta":"","header-below-stick-meta":"","astra-migrate-meta-layouts":"default","ast-page-background-enabled":"default","ast-page-background-meta":{"desktop":{"background-color":"var(--ast-global-color-4)","background-image":"","background-repeat":"repeat","background-position":"center center","background-size":"auto","background-attachment":"scroll","background-type":"","background-media":"","overlay-type":"","overlay-color":"","overlay-opacity":"","overlay-gradient":""},"tablet":{"background-color":"","background-image":"","background-repeat":"repeat","background-position":"center center","background-size":"auto","background-attachment":"scroll","background-type":"","background-media":"","overlay-type":"","overlay-color":"","overlay-opacity":"","overlay-gradient":""},"mobile":{"background-color":"","background-image":"","background-repeat":"repeat","background-position":"center center","background-size":"auto","background-attachment":"scroll","background-type":"","background-media":"","overlay-type":"","overlay-color":"","overlay-opacity":"","overlay-gradient":""}},"ast-content-background-meta":{"desktop":{"background-color":"var(--ast-global-color-5)","background-image":"","background-repeat":"repeat","background-position":"center center","background-size":"auto","background-attachment":"scroll","background-type":"","background-media":"","overlay-type":"","overlay-color":"","overlay-opacity":"","overlay-gradient":""},"tablet":{"background-color":"var(--ast-global-color-5)","background-image":"","background-repeat":"repeat","background-position":"center center","background-size":"auto","background-attachment":"scroll","background-type":"","background-media":"","overlay-type":"","overlay-color":"","overlay-opacity":"","overlay-gradient":""},"mobile":{"background-color":"var(--ast-global-color-5)","background-image":"","background-repeat":"repeat","background-position":"center center","background-size":"auto","background-attachment":"scroll","background-type":"","background-media":"","overlay-type":"","overlay-color":"","overlay-opacity":"","overlay-gradient":""}},"footnotes":""},"categories":[413],"tags":[],"class_list":["post-14720","post","type-post","status-publish","format-standard","has-post-thumbnail","hentry","category-oratoria"],"post_mailing_queue_ids":[],"_links":{"self":[{"href":"https:\/\/serveiseducatius.xtec.cat\/altemporda\/wp-json\/wp\/v2\/posts\/14720","targetHints":{"allow":["GET"]}}],"collection":[{"href":"https:\/\/serveiseducatius.xtec.cat\/altemporda\/wp-json\/wp\/v2\/posts"}],"about":[{"href":"https:\/\/serveiseducatius.xtec.cat\/altemporda\/wp-json\/wp\/v2\/types\/post"}],"author":[{"embeddable":true,"href":"https:\/\/serveiseducatius.xtec.cat\/altemporda\/wp-json\/wp\/v2\/users\/71"}],"replies":[{"embeddable":true,"href":"https:\/\/serveiseducatius.xtec.cat\/altemporda\/wp-json\/wp\/v2\/comments?post=14720"}],"version-history":[{"count":1,"href":"https:\/\/serveiseducatius.xtec.cat\/altemporda\/wp-json\/wp\/v2\/posts\/14720\/revisions"}],"predecessor-version":[{"id":14722,"href":"https:\/\/serveiseducatius.xtec.cat\/altemporda\/wp-json\/wp\/v2\/posts\/14720\/revisions\/14722"}],"wp:featuredmedia":[{"embeddable":true,"href":"https:\/\/serveiseducatius.xtec.cat\/altemporda\/wp-json\/wp\/v2\/media\/14721"}],"wp:attachment":[{"href":"https:\/\/serveiseducatius.xtec.cat\/altemporda\/wp-json\/wp\/v2\/media?parent=14720"}],"wp:term":[{"taxonomy":"category","embeddable":true,"href":"https:\/\/serveiseducatius.xtec.cat\/altemporda\/wp-json\/wp\/v2\/categories?post=14720"},{"taxonomy":"post_tag","embeddable":true,"href":"https:\/\/serveiseducatius.xtec.cat\/altemporda\/wp-json\/wp\/v2\/tags?post=14720"}],"curies":[{"name":"wp","href":"https:\/\/api.w.org\/{rel}","templated":true}]}}