{"id":14714,"date":"2021-11-03T18:41:07","date_gmt":"2021-11-03T17:41:07","guid":{"rendered":"https:\/\/serveiseducatius.xtec.cat\/altemporda\/?p=14714"},"modified":"2021-11-03T18:41:07","modified_gmt":"2021-11-03T17:41:07","slug":"conferencia-de-samantha-vall-a-la-v-edicio-del-concurs-doratoria-juvenil-de-ae","status":"publish","type":"post","link":"https:\/\/serveiseducatius.xtec.cat\/altemporda\/oratoria\/conferencia-de-samantha-vall-a-la-v-edicio-del-concurs-doratoria-juvenil-de-ae\/","title":{"rendered":"Confer\u00e8ncia de Samantha Vall a la V edici\u00f3 del concurs d&#8217;orat\u00f2ria juvenil de AE"},"content":{"rendered":"<div style=\"display: inline; float: left; margin: 5px 10px 0px 0px;\"><a href=\"https:\/\/sites.google.com\/a\/xtec.cat\/concurs-d-oratoria-juvenil-de-l-alt-emporda\/punt-de-trobada\/noticies-1\/samanthavallsrealitzaralaconferenciainauguraldelaveediciodelconcursdelae\/el-got-d-aigua-tv3_15_630x420.jpeg?attredirects=0\"><img loading=\"lazy\" decoding=\"async\" src=\"https:\/\/sites.google.com\/a\/xtec.cat\/concurs-d-oratoria-juvenil-de-l-alt-emporda\/punt-de-trobada\/noticies-1\/samanthavallsrealitzaralaconferenciainauguraldelaveediciodelconcursdelae\/el-got-d-aigua-tv3_15_630x420.jpeg\" width=\"200\" height=\"133\" border=\"0\" \/><\/a><\/div>\n<p><b>Samantha Vall<\/b>, presentadora del programa &#8220;El got d&#8217;aigua&#8221; de TV3 confirma la seva\u00a0 pres\u00e8ncia a la <b>V<span style=\"font-size: xx-small;\">ena<\/span> edici\u00f3 del Concurs d&#8217;Orat\u00f2ria Juvenil de l&#8217;Alt Empord\u00e0<\/b> que tindr\u00e0 lloc el proper dissabte 6 d&#8217;abril al <b>Convent dels Caputxins de Figueres<\/b>.<\/p>\n<div><\/div>\n<div><\/div>\n<div><\/div>\n<div><\/div>\n<div>\n<div style=\"display: block; text-align: left;\"><a href=\"https:\/\/sites.google.com\/a\/xtec.cat\/concurs-d-oratoria-juvenil-de-l-alt-emporda\/punt-de-trobada\/noticies-1\/samanthavallsrealitzaralaconferenciainauguraldelaveediciodelconcursdelae\/Captura.PNG?attredirects=0\"><img decoding=\"async\" style=\"width: 100%;\" src=\"https:\/\/sites.google.com\/a\/xtec.cat\/concurs-d-oratoria-juvenil-de-l-alt-emporda\/punt-de-trobada\/noticies-1\/samanthavallsrealitzaralaconferenciainauguraldelaveediciodelconcursdelae\/Captura.PNG\" border=\"0\" \/><\/a><\/div>\n<p>&nbsp;<\/p>\n<div><\/div>\n<div>\n<p>&nbsp;<\/p>\n<div>\n<hr \/>\n<\/div>\n<\/div>\n<\/div>\n","protected":false},"excerpt":{"rendered":"<p>Samantha Vall, presentadora del programa &#8220;El got d&#8217;aigua&#8221; de TV3 confirma la seva\u00a0 pres\u00e8ncia a la Vena edici\u00f3 del Concurs d&#8217;Orat\u00f2ria Juvenil de l&#8217;Alt Empord\u00e0 que tindr\u00e0 lloc el proper dissabte 6 d&#8217;abril al Convent dels Caputxins de Figueres. &nbsp; &nbsp;<\/p>\n","protected":false},"author":71,"featured_media":14715,"comment_status":"closed","ping_status":"closed","sticky":false,"template":"","format":"standard","meta":{"_bbp_topic_count":0,"_bbp_reply_count":0,"_bbp_total_topic_count":0,"_bbp_total_reply_count":0,"_bbp_voice_count":0,"_bbp_anonymous_reply_count":0,"_bbp_topic_count_hidden":0,"_bbp_reply_count_hidden":0,"_bbp_forum_subforum_count":0,"site-sidebar-layout":"default","site-content-layout":"","ast-site-content-layout":"","site-content-style":"default","site-sidebar-style":"default","ast-global-header-display":"","ast-banner-title-visibility":"","ast-main-header-display":"","ast-hfb-above-header-display":"","ast-hfb-below-header-display":"","ast-hfb-mobile-header-display":"","site-post-title":"","ast-breadcrumbs-content":"","ast-featured-img":"","footer-sml-layout":"","theme-transparent-header-meta":"","adv-header-id-meta":"","stick-header-meta":"","header-above-stick-meta":"","header-main-stick-meta":"","header-below-stick-meta":"","astra-migrate-meta-layouts":"default","ast-page-background-enabled":"default","ast-page-background-meta":{"desktop":{"background-color":"var(--ast-global-color-4)","background-image":"","background-repeat":"repeat","background-position":"center center","background-size":"auto","background-attachment":"scroll","background-type":"","background-media":"","overlay-type":"","overlay-color":"","overlay-opacity":"","overlay-gradient":""},"tablet":{"background-color":"","background-image":"","background-repeat":"repeat","background-position":"center center","background-size":"auto","background-attachment":"scroll","background-type":"","background-media":"","overlay-type":"","overlay-color":"","overlay-opacity":"","overlay-gradient":""},"mobile":{"background-color":"","background-image":"","background-repeat":"repeat","background-position":"center center","background-size":"auto","background-attachment":"scroll","background-type":"","background-media":"","overlay-type":"","overlay-color":"","overlay-opacity":"","overlay-gradient":""}},"ast-content-background-meta":{"desktop":{"background-color":"var(--ast-global-color-5)","background-image":"","background-repeat":"repeat","background-position":"center center","background-size":"auto","background-attachment":"scroll","background-type":"","background-media":"","overlay-type":"","overlay-color":"","overlay-opacity":"","overlay-gradient":""},"tablet":{"background-color":"var(--ast-global-color-5)","background-image":"","background-repeat":"repeat","background-position":"center center","background-size":"auto","background-attachment":"scroll","background-type":"","background-media":"","overlay-type":"","overlay-color":"","overlay-opacity":"","overlay-gradient":""},"mobile":{"background-color":"var(--ast-global-color-5)","background-image":"","background-repeat":"repeat","background-position":"center center","background-size":"auto","background-attachment":"scroll","background-type":"","background-media":"","overlay-type":"","overlay-color":"","overlay-opacity":"","overlay-gradient":""}},"footnotes":""},"categories":[413],"tags":[],"class_list":["post-14714","post","type-post","status-publish","format-standard","has-post-thumbnail","hentry","category-oratoria"],"post_mailing_queue_ids":[],"_links":{"self":[{"href":"https:\/\/serveiseducatius.xtec.cat\/altemporda\/wp-json\/wp\/v2\/posts\/14714","targetHints":{"allow":["GET"]}}],"collection":[{"href":"https:\/\/serveiseducatius.xtec.cat\/altemporda\/wp-json\/wp\/v2\/posts"}],"about":[{"href":"https:\/\/serveiseducatius.xtec.cat\/altemporda\/wp-json\/wp\/v2\/types\/post"}],"author":[{"embeddable":true,"href":"https:\/\/serveiseducatius.xtec.cat\/altemporda\/wp-json\/wp\/v2\/users\/71"}],"replies":[{"embeddable":true,"href":"https:\/\/serveiseducatius.xtec.cat\/altemporda\/wp-json\/wp\/v2\/comments?post=14714"}],"version-history":[{"count":1,"href":"https:\/\/serveiseducatius.xtec.cat\/altemporda\/wp-json\/wp\/v2\/posts\/14714\/revisions"}],"predecessor-version":[{"id":14716,"href":"https:\/\/serveiseducatius.xtec.cat\/altemporda\/wp-json\/wp\/v2\/posts\/14714\/revisions\/14716"}],"wp:featuredmedia":[{"embeddable":true,"href":"https:\/\/serveiseducatius.xtec.cat\/altemporda\/wp-json\/wp\/v2\/media\/14715"}],"wp:attachment":[{"href":"https:\/\/serveiseducatius.xtec.cat\/altemporda\/wp-json\/wp\/v2\/media?parent=14714"}],"wp:term":[{"taxonomy":"category","embeddable":true,"href":"https:\/\/serveiseducatius.xtec.cat\/altemporda\/wp-json\/wp\/v2\/categories?post=14714"},{"taxonomy":"post_tag","embeddable":true,"href":"https:\/\/serveiseducatius.xtec.cat\/altemporda\/wp-json\/wp\/v2\/tags?post=14714"}],"curies":[{"name":"wp","href":"https:\/\/api.w.org\/{rel}","templated":true}]}}