{"id":14711,"date":"2021-11-03T18:37:33","date_gmt":"2021-11-03T17:37:33","guid":{"rendered":"https:\/\/serveiseducatius.xtec.cat\/altemporda\/?p=14711"},"modified":"2021-11-03T18:37:33","modified_gmt":"2021-11-03T17:37:33","slug":"el-missatge-colpidor-duna-nena-sacseja-la-cimera-mundial-del-canvi-climatic","status":"publish","type":"post","link":"https:\/\/serveiseducatius.xtec.cat\/altemporda\/oratoria\/el-missatge-colpidor-duna-nena-sacseja-la-cimera-mundial-del-canvi-climatic\/","title":{"rendered":"El missatge colpidor d&#8217;una nena sacseja la cimera mundial del canvi clim\u00e0tic"},"content":{"rendered":"<div style=\"display: inline; float: left; margin: 5px 10px 0px 0px;\"><a href=\"https:\/\/sites.google.com\/a\/xtec.cat\/concurs-d-oratoria-juvenil-de-l-alt-emporda\/punt-de-trobada\/noticies\/elmissatgecolpidordunanenasacsejalacimeramundialdelcanviclimatic\/Captura.PNG?attredirects=0\"><img loading=\"lazy\" decoding=\"async\" src=\"https:\/\/sites.google.com\/a\/xtec.cat\/concurs-d-oratoria-juvenil-de-l-alt-emporda\/punt-de-trobada\/noticies\/elmissatgecolpidordunanenasacsejalacimeramundialdelcanviclimatic\/Captura.PNG\" width=\"200\" height=\"134\" border=\"0\" \/><\/a><\/div>\n<p><span style=\"font-family: arial, sans-serif; font-size: small;\">Amb nom\u00e9s 15 anys, Greta Thunberg ha aconseguit que el seu discurs faci la volta al m\u00f3n. Es diu <a href=\"https:\/\/twitter.com\/GretaThunberg\">Greta Thunberg<\/a> i amb nom\u00e9s 15 anys s\u2019ha convertit en un s\u00edmbol de l&#8217;activisme contra l&#8217;escalfament global. Aquesta setmana la jove va fer un discurs colpidor a la cimera sobre el canvi clim\u00e0tic COP24 de Katowice per protestar davant les poques mesures que s\u2019estan adoptant per combatre el canvi clim\u00e0tic. Des de fa setmanes fa <a href=\"https:\/\/www.ccma.cat\/el-temps\/el-missatge-colpidor-de-la-jove-activista-greta-thunberg-a-cimera-sobre-canvi-climatic-cop24-de-katowice\/noticia\/2893034\/\" target=\"_blank\" rel=\"noopener\">vaga d&#8217;escola<\/a> els divendres per protestar davant del Parlament suec.<br \/>\nGreta Thunberg va retreure als pol\u00edtics que estiguessin de bra\u00e7os plegats mentre la contaminaci\u00f3 no parava de cr\u00e9ixer. No va tenir cap contemplaci\u00f3.<\/span><br \/>\nVal la pena llegir tot el text, amb tots els ets i uts, perqu\u00e8 el missatge \u00e9s conc\u00eds, contundent i demolidor:<br \/>\n&#8220;Em dic Greta Thunberg. Tinc 15 anys i soc de Su\u00e8cia. Parlo en nom de <a href=\"https:\/\/climatejusticenow.org\/\">Climate Justice Now!<\/a>. Molta gent diu que Su\u00e8cia \u00e9s nom\u00e9s un pa\u00eds petit, i no importa el que fem. Per\u00f2 he apr\u00e8s que mai s&#8217;\u00e9s massa petit per marcar la difer\u00e8ncia. I si alguns nens poden ocupar titulars a tot el m\u00f3n pel fet de no anar a l&#8217;escola, imaginin el que podr\u00edem fer tots junts si realment volgu\u00e9ssim.<br \/>\nPer\u00f2 per fer aix\u00f2, hem de parlar amb claredat, per molt inc\u00f2mode que sigui. Nom\u00e9s parleu d&#8217;un creixement econ\u00f2mic verd etern, perqu\u00e8 teniu massa por de ser impopulars. Nom\u00e9s parleu de seguir endavant amb les mateixes males idees que ens han portat a aquest desastre, fins i tot quan l&#8217;\u00fanica cosa sensata a fer \u00e9s estirar el fre d&#8217;emerg\u00e8ncia. No sou prou madurs per dir-ho clarament. Fins i tot aquesta c\u00e0rrega se&#8217;ns deixa als nens.<br \/>\nPer\u00f2 no m&#8217;importa ser impopular. Em preocupa la just\u00edcia clim\u00e0tica i el planeta viu. La nostra civilitzaci\u00f3 est\u00e0 sent sacrificada perqu\u00e8 un nombre molt redu\u00eft de persones continu\u00efn guanyant enormes quantitats de diners. La nostra biosfera s&#8217;est\u00e0 sacrificant perqu\u00e8 els habitants rics de pa\u00efsos com el meu puguin viure en el luxe. Els sofriments de molts paguen pels luxes d&#8217;uns pocs.<br \/>\nL&#8217;any 2078 celebrar\u00e9 el meu 75 aniversari. Si tinc fills, potser passaran aquest dia amb mi. Potser em preguntaran sobre vosaltres. Potser preguntaran per qu\u00e8 no vau fer res mentre encara hi havia temps per actuar. Vosaltres dieu que estimeu els vostres fills per damunt de tot, per\u00f2 els esteu robant el seu futur davant dels seus ulls.<br \/>\nFins que comenceu a centrar-nos en el que cal fer, m\u00e9s que en el que \u00e9s pol\u00edticament possible, no hi ha esperan\u00e7a. No podem resoldre una crisi sense tractar-la com una crisi. Hem de mantenir els combustibles f\u00f2ssils soterrats, i ens hem de centrar en l&#8217;equitat. I si les solucions dins del sistema s\u00f3n tan dif\u00edcils de trobar, potser haur\u00edem de canviar el sistema.<br \/>\nNo hem vingut a suplicar als l\u00edders mundials que es preocupin. Ens heu ignorat en el passat i ens tornareu a ignorar. Ens hem quedat sense excuses i ens quedem sense temps. Hem vingut aqu\u00ed per fer-vos saber que el canvi arriba, tant si us agrada o no. El poder real pertany a la gent. Gr\u00e0cies.<\/p>\n<div>\n<div><img loading=\"lazy\" decoding=\"async\" style=\"display: block; margin: 5px auto; text-align: center;\" src=\"https:\/\/www.google.com\/chart?chc=sites&amp;cht=d&amp;chdp=sites&amp;chl=%5B%5BV%C3%ADdeo+de+YouTube'%3D20'f%5Cv'a%5C%3D0'10'%3D479'0'dim'%5Cbox1'b%5CF6F6F6'fC%5CF6F6F6'eC%5C0'sk'%5C%5B%22V%C3%ADdeo+de+YouTube%22'%5D'a%5CV%5C%3D12'f%5C%5DV%5Cta%5C%3D10'%3D0'%3D480'%3D267'dim'%5C%3D10'%3D10'%3D480'%3D267'vdim'%5Cbox1'b%5Cva%5CF6F6F6'fC%5CC8C8C8'eC%5C'a%5C%5Do%5CLauto'f%5C&amp;sig=8YFd2qCpu-UeUefoLuEphG43D3o\" width=\"480\" height=\"270\" data-origsrc=\"HzeekxtyFOY\" data-type=\"youtube\" data-props=\"align:center;borderTitle:V\u00eddeo de YouTube;height:270;showBorder:true;showBorderTitle:false;width:480;wrap:false;\" \/><\/div>\n<p>&nbsp;<\/p>\n<div style=\"text-align: center;\"><a href=\"https:\/\/www.ccma.cat\/el-temps\/el-missatge-colpidor-de-la-jove-activista-greta-thunberg-a-cimera-sobre-canvi-climatic-cop24-de-katowice\/noticia\/2893034\/\" target=\"_blank\" rel=\"noopener\">Discurs subtitulat en catal\u00e0<\/a><\/div>\n<div>\n<hr \/>\n<div><\/div>\n<\/div>\n<\/div>\n","protected":false},"excerpt":{"rendered":"<p>Amb nom\u00e9s 15 anys, Greta Thunberg ha aconseguit que el seu discurs faci la volta al m\u00f3n. Es diu Greta Thunberg i amb nom\u00e9s 15 anys s\u2019ha convertit en un s\u00edmbol de l&#8217;activisme contra l&#8217;escalfament global. Aquesta setmana la jove va fer un discurs colpidor a la cimera sobre el canvi clim\u00e0tic COP24 de Katowice [&hellip;]<\/p>\n","protected":false},"author":71,"featured_media":14712,"comment_status":"closed","ping_status":"closed","sticky":false,"template":"","format":"standard","meta":{"_bbp_topic_count":0,"_bbp_reply_count":0,"_bbp_total_topic_count":0,"_bbp_total_reply_count":0,"_bbp_voice_count":0,"_bbp_anonymous_reply_count":0,"_bbp_topic_count_hidden":0,"_bbp_reply_count_hidden":0,"_bbp_forum_subforum_count":0,"site-sidebar-layout":"default","site-content-layout":"","ast-site-content-layout":"","site-content-style":"default","site-sidebar-style":"default","ast-global-header-display":"","ast-banner-title-visibility":"","ast-main-header-display":"","ast-hfb-above-header-display":"","ast-hfb-below-header-display":"","ast-hfb-mobile-header-display":"","site-post-title":"","ast-breadcrumbs-content":"","ast-featured-img":"","footer-sml-layout":"","theme-transparent-header-meta":"","adv-header-id-meta":"","stick-header-meta":"","header-above-stick-meta":"","header-main-stick-meta":"","header-below-stick-meta":"","astra-migrate-meta-layouts":"default","ast-page-background-enabled":"default","ast-page-background-meta":{"desktop":{"background-color":"var(--ast-global-color-4)","background-image":"","background-repeat":"repeat","background-position":"center center","background-size":"auto","background-attachment":"scroll","background-type":"","background-media":"","overlay-type":"","overlay-color":"","overlay-opacity":"","overlay-gradient":""},"tablet":{"background-color":"","background-image":"","background-repeat":"repeat","background-position":"center center","background-size":"auto","background-attachment":"scroll","background-type":"","background-media":"","overlay-type":"","overlay-color":"","overlay-opacity":"","overlay-gradient":""},"mobile":{"background-color":"","background-image":"","background-repeat":"repeat","background-position":"center center","background-size":"auto","background-attachment":"scroll","background-type":"","background-media":"","overlay-type":"","overlay-color":"","overlay-opacity":"","overlay-gradient":""}},"ast-content-background-meta":{"desktop":{"background-color":"var(--ast-global-color-5)","background-image":"","background-repeat":"repeat","background-position":"center center","background-size":"auto","background-attachment":"scroll","background-type":"","background-media":"","overlay-type":"","overlay-color":"","overlay-opacity":"","overlay-gradient":""},"tablet":{"background-color":"var(--ast-global-color-5)","background-image":"","background-repeat":"repeat","background-position":"center center","background-size":"auto","background-attachment":"scroll","background-type":"","background-media":"","overlay-type":"","overlay-color":"","overlay-opacity":"","overlay-gradient":""},"mobile":{"background-color":"var(--ast-global-color-5)","background-image":"","background-repeat":"repeat","background-position":"center center","background-size":"auto","background-attachment":"scroll","background-type":"","background-media":"","overlay-type":"","overlay-color":"","overlay-opacity":"","overlay-gradient":""}},"footnotes":""},"categories":[413],"tags":[],"class_list":["post-14711","post","type-post","status-publish","format-standard","has-post-thumbnail","hentry","category-oratoria"],"post_mailing_queue_ids":[],"_links":{"self":[{"href":"https:\/\/serveiseducatius.xtec.cat\/altemporda\/wp-json\/wp\/v2\/posts\/14711","targetHints":{"allow":["GET"]}}],"collection":[{"href":"https:\/\/serveiseducatius.xtec.cat\/altemporda\/wp-json\/wp\/v2\/posts"}],"about":[{"href":"https:\/\/serveiseducatius.xtec.cat\/altemporda\/wp-json\/wp\/v2\/types\/post"}],"author":[{"embeddable":true,"href":"https:\/\/serveiseducatius.xtec.cat\/altemporda\/wp-json\/wp\/v2\/users\/71"}],"replies":[{"embeddable":true,"href":"https:\/\/serveiseducatius.xtec.cat\/altemporda\/wp-json\/wp\/v2\/comments?post=14711"}],"version-history":[{"count":1,"href":"https:\/\/serveiseducatius.xtec.cat\/altemporda\/wp-json\/wp\/v2\/posts\/14711\/revisions"}],"predecessor-version":[{"id":14713,"href":"https:\/\/serveiseducatius.xtec.cat\/altemporda\/wp-json\/wp\/v2\/posts\/14711\/revisions\/14713"}],"wp:featuredmedia":[{"embeddable":true,"href":"https:\/\/serveiseducatius.xtec.cat\/altemporda\/wp-json\/wp\/v2\/media\/14712"}],"wp:attachment":[{"href":"https:\/\/serveiseducatius.xtec.cat\/altemporda\/wp-json\/wp\/v2\/media?parent=14711"}],"wp:term":[{"taxonomy":"category","embeddable":true,"href":"https:\/\/serveiseducatius.xtec.cat\/altemporda\/wp-json\/wp\/v2\/categories?post=14711"},{"taxonomy":"post_tag","embeddable":true,"href":"https:\/\/serveiseducatius.xtec.cat\/altemporda\/wp-json\/wp\/v2\/tags?post=14711"}],"curies":[{"name":"wp","href":"https:\/\/api.w.org\/{rel}","templated":true}]}}