{"id":14289,"date":"2021-10-20T13:20:50","date_gmt":"2021-10-20T11:20:50","guid":{"rendered":"https:\/\/serveiseducatius.xtec.cat\/altemporda\/?p=14289"},"modified":"2021-11-20T22:12:05","modified_gmt":"2021-11-20T21:12:05","slug":"guia-de-descoberta-del-paratge-de-tudela-cadaques","status":"publish","type":"post","link":"https:\/\/serveiseducatius.xtec.cat\/altemporda\/xarxa-escoles-cap-de-creus\/guia-de-descoberta-del-paratge-de-tudela-cadaques\/","title":{"rendered":"Guia del paratge de Tudela-Cadaqu\u00e9s."},"content":{"rendered":"<p style=\"text-align: justify;\"><a href=\"https:\/\/serveiseducatius.xtec.cat\/altemporda\/wp-content\/uploads\/usu1156\/2021\/10\/9788499842745.jpg\"><img loading=\"lazy\" decoding=\"async\" class=\"wp-image-14290 alignleft\" src=\"https:\/\/serveiseducatius.xtec.cat\/altemporda\/wp-content\/uploads\/usu1156\/2021\/10\/9788499842745.jpg\" alt=\"\" width=\"185\" height=\"257\" srcset=\"https:\/\/serveiseducatius.xtec.cat\/altemporda\/wp-content\/uploads\/usu1156\/2021\/10\/9788499842745.jpg 229w, https:\/\/serveiseducatius.xtec.cat\/altemporda\/wp-content\/uploads\/usu1156\/2021\/10\/9788499842745-216x300.jpg 216w\" sizes=\"auto, (max-width: 185px) 100vw, 185px\" \/><\/a> A trav\u00e9s d&#8217;aquesta guia de la <strong>Marta PUIGURIGUER<\/strong> es dona a con\u00e8ixer el Paratge de Tudela, dins del context del Parc Natural de Cap de Cap de Creus. Estructurada en diversos cap\u00edtols la guia tracta de la Gea, la bot\u00e0nica, la fauna i la hist\u00f2ria d&#8217;aquest espai, que tot i que ara natural en un temps no massa lluny\u00e0 va estar ocupat per una ciutat de vacances privada. Tamb\u00e9 fa una t\u00edmida pinzellada als paisatges que van inspirar a Salvador Dal\u00ed. La guia pret\u00e9n dotar al visitant d&#8217;una informaci\u00f3 que li permeti con\u00e8ixer aquest espai i entendre la ciclicitat que hi amaga, doncs aqu\u00ed tots els elements estan relacionats i en perfecta harmonia. Els dos primers cap\u00edtols estan estructurats per poder fer una visita autoguiada pel Paratge de Tudela i la punta de Cap de Creus.<\/p>\n","protected":false},"excerpt":{"rendered":"<p>A trav\u00e9s d&#8217;aquesta guia <\/p>\n","protected":false},"author":1,"featured_media":14290,"comment_status":"closed","ping_status":"closed","sticky":false,"template":"","format":"standard","meta":{"_bbp_topic_count":0,"_bbp_reply_count":0,"_bbp_total_topic_count":0,"_bbp_total_reply_count":0,"_bbp_voice_count":0,"_bbp_anonymous_reply_count":0,"_bbp_topic_count_hidden":0,"_bbp_reply_count_hidden":0,"_bbp_forum_subforum_count":0,"site-sidebar-layout":"default","site-content-layout":"","ast-site-content-layout":"","site-content-style":"default","site-sidebar-style":"default","ast-global-header-display":"","ast-banner-title-visibility":"","ast-main-header-display":"","ast-hfb-above-header-display":"","ast-hfb-below-header-display":"","ast-hfb-mobile-header-display":"","site-post-title":"","ast-breadcrumbs-content":"","ast-featured-img":"","footer-sml-layout":"","theme-transparent-header-meta":"","adv-header-id-meta":"","stick-header-meta":"","header-above-stick-meta":"","header-main-stick-meta":"","header-below-stick-meta":"","astra-migrate-meta-layouts":"default","ast-page-background-enabled":"default","ast-page-background-meta":{"desktop":{"background-color":"var(--ast-global-color-4)","background-image":"","background-repeat":"repeat","background-position":"center center","background-size":"auto","background-attachment":"scroll","background-type":"","background-media":"","overlay-type":"","overlay-color":"","overlay-opacity":"","overlay-gradient":""},"tablet":{"background-color":"","background-image":"","background-repeat":"repeat","background-position":"center center","background-size":"auto","background-attachment":"scroll","background-type":"","background-media":"","overlay-type":"","overlay-color":"","overlay-opacity":"","overlay-gradient":""},"mobile":{"background-color":"","background-image":"","background-repeat":"repeat","background-position":"center center","background-size":"auto","background-attachment":"scroll","background-type":"","background-media":"","overlay-type":"","overlay-color":"","overlay-opacity":"","overlay-gradient":""}},"ast-content-background-meta":{"desktop":{"background-color":"var(--ast-global-color-5)","background-image":"","background-repeat":"repeat","background-position":"center center","background-size":"auto","background-attachment":"scroll","background-type":"","background-media":"","overlay-type":"","overlay-color":"","overlay-opacity":"","overlay-gradient":""},"tablet":{"background-color":"var(--ast-global-color-5)","background-image":"","background-repeat":"repeat","background-position":"center center","background-size":"auto","background-attachment":"scroll","background-type":"","background-media":"","overlay-type":"","overlay-color":"","overlay-opacity":"","overlay-gradient":""},"mobile":{"background-color":"var(--ast-global-color-5)","background-image":"","background-repeat":"repeat","background-position":"center center","background-size":"auto","background-attachment":"scroll","background-type":"","background-media":"","overlay-type":"","overlay-color":"","overlay-opacity":"","overlay-gradient":""}},"footnotes":""},"categories":[361],"tags":[411,412],"class_list":["post-14289","post","type-post","status-publish","format-standard","has-post-thumbnail","hentry","category-xarxa-escoles-cap-de-creus","tag-medi-natural","tag-pncc"],"post_mailing_queue_ids":[],"_links":{"self":[{"href":"https:\/\/serveiseducatius.xtec.cat\/altemporda\/wp-json\/wp\/v2\/posts\/14289","targetHints":{"allow":["GET"]}}],"collection":[{"href":"https:\/\/serveiseducatius.xtec.cat\/altemporda\/wp-json\/wp\/v2\/posts"}],"about":[{"href":"https:\/\/serveiseducatius.xtec.cat\/altemporda\/wp-json\/wp\/v2\/types\/post"}],"author":[{"embeddable":true,"href":"https:\/\/serveiseducatius.xtec.cat\/altemporda\/wp-json\/wp\/v2\/users\/1"}],"replies":[{"embeddable":true,"href":"https:\/\/serveiseducatius.xtec.cat\/altemporda\/wp-json\/wp\/v2\/comments?post=14289"}],"version-history":[{"count":3,"href":"https:\/\/serveiseducatius.xtec.cat\/altemporda\/wp-json\/wp\/v2\/posts\/14289\/revisions"}],"predecessor-version":[{"id":15038,"href":"https:\/\/serveiseducatius.xtec.cat\/altemporda\/wp-json\/wp\/v2\/posts\/14289\/revisions\/15038"}],"wp:featuredmedia":[{"embeddable":true,"href":"https:\/\/serveiseducatius.xtec.cat\/altemporda\/wp-json\/wp\/v2\/media\/14290"}],"wp:attachment":[{"href":"https:\/\/serveiseducatius.xtec.cat\/altemporda\/wp-json\/wp\/v2\/media?parent=14289"}],"wp:term":[{"taxonomy":"category","embeddable":true,"href":"https:\/\/serveiseducatius.xtec.cat\/altemporda\/wp-json\/wp\/v2\/categories?post=14289"},{"taxonomy":"post_tag","embeddable":true,"href":"https:\/\/serveiseducatius.xtec.cat\/altemporda\/wp-json\/wp\/v2\/tags?post=14289"}],"curies":[{"name":"wp","href":"https:\/\/api.w.org\/{rel}","templated":true}]}}