{"id":14222,"date":"2021-10-08T09:33:15","date_gmt":"2021-10-08T07:33:15","guid":{"rendered":"https:\/\/serveiseducatius.xtec.cat\/altemporda\/?p=14222"},"modified":"2021-10-08T09:33:15","modified_gmt":"2021-10-08T07:33:15","slug":"vi-jornades-tic-i-educacio-gamifiquem-laprenentatge","status":"publish","type":"post","link":"https:\/\/serveiseducatius.xtec.cat\/altemporda\/portada\/vi-jornades-tic-i-educacio-gamifiquem-laprenentatge\/","title":{"rendered":"VI Jornades TIC i Educaci\u00f3: Gamifiquem l&#8217;aprenentatge"},"content":{"rendered":"<p><img loading=\"lazy\" decoding=\"async\" class=\"wp-image-14223 alignleft\" src=\"https:\/\/serveiseducatius.xtec.cat\/altemporda\/wp-content\/uploads\/usu1156\/2021\/10\/image003.png\" alt=\"\" width=\"478\" height=\"113\" srcset=\"https:\/\/serveiseducatius.xtec.cat\/altemporda\/wp-content\/uploads\/usu1156\/2021\/10\/image003.png 799w, https:\/\/serveiseducatius.xtec.cat\/altemporda\/wp-content\/uploads\/usu1156\/2021\/10\/image003-300x71.png 300w, https:\/\/serveiseducatius.xtec.cat\/altemporda\/wp-content\/uploads\/usu1156\/2021\/10\/image003-768x182.png 768w\" sizes=\"auto, (max-width: 478px) 100vw, 478px\" \/><\/p>\n<p>Volem sacsejar a trav\u00e9s de la <strong><em>gamificaci\u00f3 de l\u2019aprenentatge<\/em><\/strong> les pr\u00e0ctiques educatives durant les \u00a0<a href=\"https:\/\/6ticedu.udg.edu\/\" data-saferedirecturl=\"https:\/\/www.google.com\/url?q=https:\/\/6ticedu.udg.edu\/&amp;source=gmail&amp;ust=1633762788700000&amp;usg=AFQjCNFTzG16-sY_W-Q5xkQJFYzhiCFp7g\"><strong>VI Jornades de TIC i Educaci\u00f3<\/strong><\/a> que tindran lloc en format <em>no presencial <\/em>el <strong>15 i 16 d\u2019octubre de 2021<\/strong><strong>.<\/strong><\/p>\n<p>&nbsp;<\/p>\n<p style=\"text-align: center;\">Informaci\u00f3, tallers, comunicacions, pon\u00e8ncies i inscripci\u00f3 a <a href=\"https:\/\/6ticedu.udg.edu\/\" data-saferedirecturl=\"https:\/\/www.google.com\/url?q=https:\/\/6ticedu.udg.edu\/&amp;source=gmail&amp;ust=1633762788700000&amp;usg=AFQjCNFTzG16-sY_W-Q5xkQJFYzhiCFp7g\">https:\/\/6ticedu.udg.edu\/<\/a><\/p>\n","protected":false},"excerpt":{"rendered":"<p>VI Jornades de TIC i Educaci\u00f3 que tindran lloc en format no presencial el 15 i 16 d\u2019octubre de 2021<\/p>\n","protected":false},"author":4,"featured_media":14223,"comment_status":"closed","ping_status":"closed","sticky":false,"template":"","format":"standard","meta":{"_bbp_topic_count":0,"_bbp_reply_count":0,"_bbp_total_topic_count":0,"_bbp_total_reply_count":0,"_bbp_voice_count":0,"_bbp_anonymous_reply_count":0,"_bbp_topic_count_hidden":0,"_bbp_reply_count_hidden":0,"_bbp_forum_subforum_count":0,"site-sidebar-layout":"default","site-content-layout":"","ast-site-content-layout":"","site-content-style":"default","site-sidebar-style":"default","ast-global-header-display":"","ast-banner-title-visibility":"","ast-main-header-display":"","ast-hfb-above-header-display":"","ast-hfb-below-header-display":"","ast-hfb-mobile-header-display":"","site-post-title":"","ast-breadcrumbs-content":"","ast-featured-img":"","footer-sml-layout":"","theme-transparent-header-meta":"","adv-header-id-meta":"","stick-header-meta":"","header-above-stick-meta":"","header-main-stick-meta":"","header-below-stick-meta":"","astra-migrate-meta-layouts":"default","ast-page-background-enabled":"default","ast-page-background-meta":{"desktop":{"background-color":"var(--ast-global-color-4)","background-image":"","background-repeat":"repeat","background-position":"center center","background-size":"auto","background-attachment":"scroll","background-type":"","background-media":"","overlay-type":"","overlay-color":"","overlay-opacity":"","overlay-gradient":""},"tablet":{"background-color":"","background-image":"","background-repeat":"repeat","background-position":"center center","background-size":"auto","background-attachment":"scroll","background-type":"","background-media":"","overlay-type":"","overlay-color":"","overlay-opacity":"","overlay-gradient":""},"mobile":{"background-color":"","background-image":"","background-repeat":"repeat","background-position":"center center","background-size":"auto","background-attachment":"scroll","background-type":"","background-media":"","overlay-type":"","overlay-color":"","overlay-opacity":"","overlay-gradient":""}},"ast-content-background-meta":{"desktop":{"background-color":"var(--ast-global-color-5)","background-image":"","background-repeat":"repeat","background-position":"center center","background-size":"auto","background-attachment":"scroll","background-type":"","background-media":"","overlay-type":"","overlay-color":"","overlay-opacity":"","overlay-gradient":""},"tablet":{"background-color":"var(--ast-global-color-5)","background-image":"","background-repeat":"repeat","background-position":"center center","background-size":"auto","background-attachment":"scroll","background-type":"","background-media":"","overlay-type":"","overlay-color":"","overlay-opacity":"","overlay-gradient":""},"mobile":{"background-color":"var(--ast-global-color-5)","background-image":"","background-repeat":"repeat","background-position":"center center","background-size":"auto","background-attachment":"scroll","background-type":"","background-media":"","overlay-type":"","overlay-color":"","overlay-opacity":"","overlay-gradient":""}},"footnotes":""},"categories":[328,29],"tags":[],"class_list":["post-14222","post","type-post","status-publish","format-standard","has-post-thumbnail","hentry","category-cultura-digital","category-portada"],"post_mailing_queue_ids":[],"_links":{"self":[{"href":"https:\/\/serveiseducatius.xtec.cat\/altemporda\/wp-json\/wp\/v2\/posts\/14222","targetHints":{"allow":["GET"]}}],"collection":[{"href":"https:\/\/serveiseducatius.xtec.cat\/altemporda\/wp-json\/wp\/v2\/posts"}],"about":[{"href":"https:\/\/serveiseducatius.xtec.cat\/altemporda\/wp-json\/wp\/v2\/types\/post"}],"author":[{"embeddable":true,"href":"https:\/\/serveiseducatius.xtec.cat\/altemporda\/wp-json\/wp\/v2\/users\/4"}],"replies":[{"embeddable":true,"href":"https:\/\/serveiseducatius.xtec.cat\/altemporda\/wp-json\/wp\/v2\/comments?post=14222"}],"version-history":[{"count":1,"href":"https:\/\/serveiseducatius.xtec.cat\/altemporda\/wp-json\/wp\/v2\/posts\/14222\/revisions"}],"predecessor-version":[{"id":14224,"href":"https:\/\/serveiseducatius.xtec.cat\/altemporda\/wp-json\/wp\/v2\/posts\/14222\/revisions\/14224"}],"wp:featuredmedia":[{"embeddable":true,"href":"https:\/\/serveiseducatius.xtec.cat\/altemporda\/wp-json\/wp\/v2\/media\/14223"}],"wp:attachment":[{"href":"https:\/\/serveiseducatius.xtec.cat\/altemporda\/wp-json\/wp\/v2\/media?parent=14222"}],"wp:term":[{"taxonomy":"category","embeddable":true,"href":"https:\/\/serveiseducatius.xtec.cat\/altemporda\/wp-json\/wp\/v2\/categories?post=14222"},{"taxonomy":"post_tag","embeddable":true,"href":"https:\/\/serveiseducatius.xtec.cat\/altemporda\/wp-json\/wp\/v2\/tags?post=14222"}],"curies":[{"name":"wp","href":"https:\/\/api.w.org\/{rel}","templated":true}]}}