{"id":13170,"date":"2021-05-17T16:16:09","date_gmt":"2021-05-17T14:16:09","guid":{"rendered":"http:\/\/serveiseducatius.xtec.cat\/altemporda\/?p=13170"},"modified":"2021-05-17T16:16:09","modified_gmt":"2021-05-17T14:16:09","slug":"dia-internacional-contra-lhomofobia-la-transfobia-i-la-bifobia","status":"publish","type":"post","link":"https:\/\/serveiseducatius.xtec.cat\/altemporda\/portada\/dia-internacional-contra-lhomofobia-la-transfobia-i-la-bifobia\/","title":{"rendered":"Dia Internacional contra l\u2019Homof\u00f2bia, la Transf\u00f2bia i la Bif\u00f2bia"},"content":{"rendered":"<p>Cada\u00a0<strong>17 de maig<\/strong><img loading=\"lazy\" decoding=\"async\" class=\"attachment-266x266  alignleft\" src=\"https:\/\/projectes.xtec.cat\/secrp\/wp-content\/uploads\/usu2432\/2021\/05\/dia-contra-homofobia-transfobia.jpg_1595044798-300x300.jpg\" sizes=\"auto, (max-width: 266px) 100vw, 266px\" srcset=\"https:\/\/projectes.xtec.cat\/secrp\/wp-content\/uploads\/usu2432\/2021\/05\/dia-contra-homofobia-transfobia.jpg_1595044798-300x300.jpg 300w, https:\/\/projectes.xtec.cat\/secrp\/wp-content\/uploads\/usu2432\/2021\/05\/dia-contra-homofobia-transfobia.jpg_1595044798-150x150.jpg 150w, https:\/\/projectes.xtec.cat\/secrp\/wp-content\/uploads\/usu2432\/2021\/05\/dia-contra-homofobia-transfobia.jpg_1595044798-e1621180385136.jpg 200w\" alt=\"\" width=\"318\" height=\"318\" \/> es commemora la lluita contra l\u2019homof\u00f2bia (lesbof\u00f2bia i gaif\u00f2bia), la bif\u00f2bia, la transf\u00f2bia i la f\u00f2bia a la intersexualitat. Des del sistema educatiu, recordem que cal treballar per garantir els drets de les persones LGBTI a fi que la viv\u00e8ncia del g\u00e8nere sigui una viv\u00e8ncia saludable i empoderadora de totes les persones.<\/p>\n<p>Els centres educatius s\u00f3n espais de socialitzaci\u00f3 i, per tant, s\u00f3n un marc idoni per fomentar un esperit cr\u00edtic envers el sexisme, valorar el m\u00f3n de la cura i comprometre\u2019s amb els eixos de diversitat.<\/p>\n<p>Us suggerim propostes d\u2019actuaci\u00f3 i recursos espec\u00edfics a fi de promoure la conscienciaci\u00f3 de la diversitat de g\u00e8nere i la prevenci\u00f3 i l\u2019abordatge de l\u2019assetjament LGBTI.<\/p>\n<p>&nbsp;<\/p>\n<p>Un cop realitzada l\u2019activitat podeu fer la difusi\u00f3 amb fotografies, v\u00eddeos o enlla\u00e7os (a la vostra p\u00e0gina web o bloc), \u00a0al Twitter o Instagram amb les etiquetes\u00a0<strong>#stoplgbtifobia<\/strong>\u00a0<strong>#coeducat<\/strong>\u00a0<strong>#lesescoleslliuresdeviolencies<\/strong>\u00a0i amb la menci\u00f3\u00a0<span class=\"atwho-inserted\" contenteditable=\"false\" data-atwho-at-query=\"@xtec\"><a class=\"bp-suggestions-mention\" href=\"https:\/\/projectes.xtec.cat\/secrp\/membres\/xtecadmin\/\" rel=\"nofollow\">@xtecadmin<\/a><\/span><\/p>\n<p>Podeu trobar m\u00e9s informaci\u00f3 a:\u00a0<a href=\"http:\/\/xtec.gencat.cat\/ca\/centres\/celebracions\/2021\/dia-internacional-contra-lhomofobia-la-transfobia-i-la-bifobia\/\" target=\"_blank\" rel=\"noopener noreferrer\" data-saferedirecturl=\"https:\/\/www.google.com\/url?q=http:\/\/xtec.gencat.cat\/ca\/centres\/celebracions\/2021\/dia-internacional-contra-lhomofobia-la-transfobia-i-la-bifobia\/&amp;source=gmail&amp;ust=1621266552679000&amp;usg=AFQjCNHx3uS1OQYPrYm1nmtPX18khb-_KA\">http:\/\/xtec.gencat.cat\/ca\/<wbr \/>centres\/celebracions\/2021\/dia-<wbr \/>internacional-contra-<wbr \/>lhomofobia-la-transfobia-i-la-<wbr \/>bifobia\/<\/a><\/p>\n","protected":false},"excerpt":{"rendered":"<p>Cada\u00a017 de maig es commemora la lluita contra l\u2019homof\u00f2bia (lesbof\u00f2bia i gaif\u00f2bia), la bif\u00f2bia, la transf\u00f2bia i la f\u00f2bia a la intersexualitat<\/p>\n","protected":false},"author":4,"featured_media":13171,"comment_status":"closed","ping_status":"closed","sticky":false,"template":"","format":"standard","meta":{"_bbp_topic_count":0,"_bbp_reply_count":0,"_bbp_total_topic_count":0,"_bbp_total_reply_count":0,"_bbp_voice_count":0,"_bbp_anonymous_reply_count":0,"_bbp_topic_count_hidden":0,"_bbp_reply_count_hidden":0,"_bbp_forum_subforum_count":0,"site-sidebar-layout":"default","site-content-layout":"","ast-site-content-layout":"","site-content-style":"default","site-sidebar-style":"default","ast-global-header-display":"","ast-banner-title-visibility":"","ast-main-header-display":"","ast-hfb-above-header-display":"","ast-hfb-below-header-display":"","ast-hfb-mobile-header-display":"","site-post-title":"","ast-breadcrumbs-content":"","ast-featured-img":"","footer-sml-layout":"","theme-transparent-header-meta":"","adv-header-id-meta":"","stick-header-meta":"","header-above-stick-meta":"","header-main-stick-meta":"","header-below-stick-meta":"","astra-migrate-meta-layouts":"default","ast-page-background-enabled":"default","ast-page-background-meta":{"desktop":{"background-color":"var(--ast-global-color-4)","background-image":"","background-repeat":"repeat","background-position":"center center","background-size":"auto","background-attachment":"scroll","background-type":"","background-media":"","overlay-type":"","overlay-color":"","overlay-opacity":"","overlay-gradient":""},"tablet":{"background-color":"","background-image":"","background-repeat":"repeat","background-position":"center center","background-size":"auto","background-attachment":"scroll","background-type":"","background-media":"","overlay-type":"","overlay-color":"","overlay-opacity":"","overlay-gradient":""},"mobile":{"background-color":"","background-image":"","background-repeat":"repeat","background-position":"center center","background-size":"auto","background-attachment":"scroll","background-type":"","background-media":"","overlay-type":"","overlay-color":"","overlay-opacity":"","overlay-gradient":""}},"ast-content-background-meta":{"desktop":{"background-color":"var(--ast-global-color-5)","background-image":"","background-repeat":"repeat","background-position":"center center","background-size":"auto","background-attachment":"scroll","background-type":"","background-media":"","overlay-type":"","overlay-color":"","overlay-opacity":"","overlay-gradient":""},"tablet":{"background-color":"var(--ast-global-color-5)","background-image":"","background-repeat":"repeat","background-position":"center center","background-size":"auto","background-attachment":"scroll","background-type":"","background-media":"","overlay-type":"","overlay-color":"","overlay-opacity":"","overlay-gradient":""},"mobile":{"background-color":"var(--ast-global-color-5)","background-image":"","background-repeat":"repeat","background-position":"center center","background-size":"auto","background-attachment":"scroll","background-type":"","background-media":"","overlay-type":"","overlay-color":"","overlay-opacity":"","overlay-gradient":""}},"footnotes":""},"categories":[65,66,29],"tags":[],"class_list":["post-13170","post","type-post","status-publish","format-standard","has-post-thumbnail","hentry","category-crp","category-dinamitzacio","category-portada"],"post_mailing_queue_ids":[],"_links":{"self":[{"href":"https:\/\/serveiseducatius.xtec.cat\/altemporda\/wp-json\/wp\/v2\/posts\/13170","targetHints":{"allow":["GET"]}}],"collection":[{"href":"https:\/\/serveiseducatius.xtec.cat\/altemporda\/wp-json\/wp\/v2\/posts"}],"about":[{"href":"https:\/\/serveiseducatius.xtec.cat\/altemporda\/wp-json\/wp\/v2\/types\/post"}],"author":[{"embeddable":true,"href":"https:\/\/serveiseducatius.xtec.cat\/altemporda\/wp-json\/wp\/v2\/users\/4"}],"replies":[{"embeddable":true,"href":"https:\/\/serveiseducatius.xtec.cat\/altemporda\/wp-json\/wp\/v2\/comments?post=13170"}],"version-history":[{"count":1,"href":"https:\/\/serveiseducatius.xtec.cat\/altemporda\/wp-json\/wp\/v2\/posts\/13170\/revisions"}],"predecessor-version":[{"id":13172,"href":"https:\/\/serveiseducatius.xtec.cat\/altemporda\/wp-json\/wp\/v2\/posts\/13170\/revisions\/13172"}],"wp:featuredmedia":[{"embeddable":true,"href":"https:\/\/serveiseducatius.xtec.cat\/altemporda\/wp-json\/wp\/v2\/media\/13171"}],"wp:attachment":[{"href":"https:\/\/serveiseducatius.xtec.cat\/altemporda\/wp-json\/wp\/v2\/media?parent=13170"}],"wp:term":[{"taxonomy":"category","embeddable":true,"href":"https:\/\/serveiseducatius.xtec.cat\/altemporda\/wp-json\/wp\/v2\/categories?post=13170"},{"taxonomy":"post_tag","embeddable":true,"href":"https:\/\/serveiseducatius.xtec.cat\/altemporda\/wp-json\/wp\/v2\/tags?post=13170"}],"curies":[{"name":"wp","href":"https:\/\/api.w.org\/{rel}","templated":true}]}}