{"id":13029,"date":"2021-04-26T12:02:09","date_gmt":"2021-04-26T10:02:09","guid":{"rendered":"http:\/\/serveiseducatius.xtec.cat\/altemporda\/?p=13029"},"modified":"2021-04-26T12:06:25","modified_gmt":"2021-04-26T10:06:25","slug":"nova-aplicacio-de-prestec-del-seae","status":"publish","type":"post","link":"https:\/\/serveiseducatius.xtec.cat\/altemporda\/general\/nova-aplicacio-de-prestec-del-seae\/","title":{"rendered":"Nova aplicaci\u00f3 de pr\u00e9stec del SEAE"},"content":{"rendered":"<p><a href=\"https:\/\/www.mediateca.cat\/altemporda\/recursos\/\" target=\"_blank\" rel=\"noopener noreferrer\"><img loading=\"lazy\" decoding=\"async\" class=\"alignleft wp-image-13036 size-medium\" src=\"https:\/\/serveiseducatius.xtec.cat\/altemporda\/wp-content\/uploads\/usu1156\/2021\/04\/mediateca_logo-1-300x77.jpg\" alt=\"\" width=\"300\" height=\"77\" srcset=\"https:\/\/serveiseducatius.xtec.cat\/altemporda\/wp-content\/uploads\/usu1156\/2021\/04\/mediateca_logo-1-300x77.jpg 300w, https:\/\/serveiseducatius.xtec.cat\/altemporda\/wp-content\/uploads\/usu1156\/2021\/04\/mediateca_logo-1.jpg 512w\" sizes=\"auto, (max-width: 300px) 100vw, 300px\" \/><\/a>Us informem que hem engegat la nova aplicaci\u00f3 web de pr\u00e9stec de la mediateca del Servei Educatiu de l&#8217;Alt Empord\u00e0.<\/p>\n<p>Per accedir-hi, cal clicar al bot\u00f3 <strong>Pr\u00e9stec Mediateca<\/strong> que trobareu a la part superior dreta de la portada. Si no ho heu fet, per poder reservar, caldr\u00e0 que feu el registre al nou entorn web.<\/p>\n<p><span id=\"more-13041\"><\/span>L&#8217;espai s&#8217;organitza de la seg\u00fcent manera:<\/p>\n<ul>\n<li style=\"list-style-type: none;\">\n<ul>\n<li>Un <span style=\"color: #0000ff;\">men\u00fa horitzontal<\/span> que ofereix el format dels recursos: <strong>llibres<\/strong><strong>, maletes pedag\u00f2giques, DVD v\u00eddeos, jocs <\/strong>i tamb\u00e9<strong> materials<\/strong>.<\/li>\n<li>I un <span style=\"color: #0000ff;\">men\u00fa esquerre<\/span>, organitzat per \u00e0mbits de coneixement.<\/li>\n<\/ul>\n<\/li>\n<\/ul>\n<p>Us recordem que a conseq\u00fc\u00e8ncia de la situaci\u00f3 de pand\u00e8mia, el material prestat<strong>\u00a0nom\u00e9s pot ser manipulat pel docent.<\/strong><\/p>\n<p><a href=\"https:\/\/www.mediateca.cat\/altemporda\/recursos\/\" target=\"_blank\" rel=\"noopener noreferrer\">Acc\u00e9s a l\u2019aplicatiu de reserves \u00bb<\/a><\/p>\n","protected":false},"excerpt":{"rendered":"<p>Us informem que hem engegat la nova aplicaci\u00f3 web de pr\u00e9stec de la mediateca del Servei Educatiu de l&#8217;Alt Empord\u00e0.<\/p>\n","protected":false},"author":4,"featured_media":13036,"comment_status":"closed","ping_status":"closed","sticky":false,"template":"","format":"standard","meta":{"_bbp_topic_count":0,"_bbp_reply_count":0,"_bbp_total_topic_count":0,"_bbp_total_reply_count":0,"_bbp_voice_count":0,"_bbp_anonymous_reply_count":0,"_bbp_topic_count_hidden":0,"_bbp_reply_count_hidden":0,"_bbp_forum_subforum_count":0,"site-sidebar-layout":"default","site-content-layout":"","ast-site-content-layout":"","site-content-style":"default","site-sidebar-style":"default","ast-global-header-display":"","ast-banner-title-visibility":"","ast-main-header-display":"","ast-hfb-above-header-display":"","ast-hfb-below-header-display":"","ast-hfb-mobile-header-display":"","site-post-title":"","ast-breadcrumbs-content":"","ast-featured-img":"","footer-sml-layout":"","theme-transparent-header-meta":"","adv-header-id-meta":"","stick-header-meta":"","header-above-stick-meta":"","header-main-stick-meta":"","header-below-stick-meta":"","astra-migrate-meta-layouts":"default","ast-page-background-enabled":"default","ast-page-background-meta":{"desktop":{"background-color":"var(--ast-global-color-4)","background-image":"","background-repeat":"repeat","background-position":"center center","background-size":"auto","background-attachment":"scroll","background-type":"","background-media":"","overlay-type":"","overlay-color":"","overlay-opacity":"","overlay-gradient":""},"tablet":{"background-color":"","background-image":"","background-repeat":"repeat","background-position":"center center","background-size":"auto","background-attachment":"scroll","background-type":"","background-media":"","overlay-type":"","overlay-color":"","overlay-opacity":"","overlay-gradient":""},"mobile":{"background-color":"","background-image":"","background-repeat":"repeat","background-position":"center center","background-size":"auto","background-attachment":"scroll","background-type":"","background-media":"","overlay-type":"","overlay-color":"","overlay-opacity":"","overlay-gradient":""}},"ast-content-background-meta":{"desktop":{"background-color":"var(--ast-global-color-5)","background-image":"","background-repeat":"repeat","background-position":"center center","background-size":"auto","background-attachment":"scroll","background-type":"","background-media":"","overlay-type":"","overlay-color":"","overlay-opacity":"","overlay-gradient":""},"tablet":{"background-color":"var(--ast-global-color-5)","background-image":"","background-repeat":"repeat","background-position":"center center","background-size":"auto","background-attachment":"scroll","background-type":"","background-media":"","overlay-type":"","overlay-color":"","overlay-opacity":"","overlay-gradient":""},"mobile":{"background-color":"var(--ast-global-color-5)","background-image":"","background-repeat":"repeat","background-position":"center center","background-size":"auto","background-attachment":"scroll","background-type":"","background-media":"","overlay-type":"","overlay-color":"","overlay-opacity":"","overlay-gradient":""}},"footnotes":""},"categories":[1,29],"tags":[358,288],"class_list":["post-13029","post","type-post","status-publish","format-standard","has-post-thumbnail","hentry","category-general","category-portada","tag-mediateca","tag-serveis-educatius"],"post_mailing_queue_ids":[],"_links":{"self":[{"href":"https:\/\/serveiseducatius.xtec.cat\/altemporda\/wp-json\/wp\/v2\/posts\/13029","targetHints":{"allow":["GET"]}}],"collection":[{"href":"https:\/\/serveiseducatius.xtec.cat\/altemporda\/wp-json\/wp\/v2\/posts"}],"about":[{"href":"https:\/\/serveiseducatius.xtec.cat\/altemporda\/wp-json\/wp\/v2\/types\/post"}],"author":[{"embeddable":true,"href":"https:\/\/serveiseducatius.xtec.cat\/altemporda\/wp-json\/wp\/v2\/users\/4"}],"replies":[{"embeddable":true,"href":"https:\/\/serveiseducatius.xtec.cat\/altemporda\/wp-json\/wp\/v2\/comments?post=13029"}],"version-history":[{"count":3,"href":"https:\/\/serveiseducatius.xtec.cat\/altemporda\/wp-json\/wp\/v2\/posts\/13029\/revisions"}],"predecessor-version":[{"id":13041,"href":"https:\/\/serveiseducatius.xtec.cat\/altemporda\/wp-json\/wp\/v2\/posts\/13029\/revisions\/13041"}],"wp:featuredmedia":[{"embeddable":true,"href":"https:\/\/serveiseducatius.xtec.cat\/altemporda\/wp-json\/wp\/v2\/media\/13036"}],"wp:attachment":[{"href":"https:\/\/serveiseducatius.xtec.cat\/altemporda\/wp-json\/wp\/v2\/media?parent=13029"}],"wp:term":[{"taxonomy":"category","embeddable":true,"href":"https:\/\/serveiseducatius.xtec.cat\/altemporda\/wp-json\/wp\/v2\/categories?post=13029"},{"taxonomy":"post_tag","embeddable":true,"href":"https:\/\/serveiseducatius.xtec.cat\/altemporda\/wp-json\/wp\/v2\/tags?post=13029"}],"curies":[{"name":"wp","href":"https:\/\/api.w.org\/{rel}","templated":true}]}}