{"id":12372,"date":"2021-02-20T13:56:10","date_gmt":"2021-02-20T12:56:10","guid":{"rendered":"http:\/\/serveiseducatius.xtec.cat\/altemporda\/?p=12372"},"modified":"2022-01-20T00:32:22","modified_gmt":"2022-01-19T23:32:22","slug":"conferencia-exit-educatiu-una-accio-de-corresponsabilitat","status":"publish","type":"post","link":"https:\/\/serveiseducatius.xtec.cat\/altemporda\/general\/conferencia-exit-educatiu-una-accio-de-corresponsabilitat\/","title":{"rendered":"Confer\u00e8ncia \u00c8xit educatiu: una acci\u00f3 de corresponsabilitat"},"content":{"rendered":"<p><a href=\"https:\/\/serveiseducatius.xtec.cat\/altemporda\/wp-content\/uploads\/usu1156\/2021\/02\/JORDI-P\u00e0mies.jpg\"><img loading=\"lazy\" decoding=\"async\" class=\" wp-image-12373 alignleft\" src=\"https:\/\/serveiseducatius.xtec.cat\/altemporda\/wp-content\/uploads\/usu1156\/2021\/02\/JORDI-P\u00e0mies.jpg\" alt=\"\" width=\"195\" height=\"235\" srcset=\"https:\/\/serveiseducatius.xtec.cat\/altemporda\/wp-content\/uploads\/usu1156\/2021\/02\/JORDI-P\u00e0mies.jpg 566w, https:\/\/serveiseducatius.xtec.cat\/altemporda\/wp-content\/uploads\/usu1156\/2021\/02\/JORDI-P\u00e0mies-249x300.jpg 249w\" sizes=\"auto, (max-width: 195px) 100vw, 195px\" \/><\/a><strong>Dimecres 24 de febrer, de 6 a 7 de la tarda<\/strong>, tindr\u00e0 lloc la confer\u00e8ncia telem\u00e0tica\u00a0 <strong>\u00c8xit educatiu: una acci\u00f3 de corresponsabilitat. <\/strong>Va adre\u00e7ada als docents de Prim\u00e0ria i Secund\u00e0ria per <strong>reflexionar<\/strong> sobre la recerca de l\u2019\u00e8xit educatiu per a <strong>tothom<\/strong>, m\u00e9s enll\u00e0 d\u2019or\u00edgens i circumst\u00e0ncies de vida.<\/p>\n<p>Es parlar\u00e0 tamb\u00e9 de metodologies i estrat\u00e8gies que\u00a0 ajuden a aconseguir aquest \u00e8xit i, per contra, quines s\u2019ha demostrat que no ajuden malgrat que es continuen utilitzant.<\/p>\n<p>La confer\u00e8ncia ser\u00e0 impartida per en <strong>Jordi P\u00e0mies<\/strong>, Mestre, Llicenciat en Geografia i Hist\u00f2ria, Llicenciat en Publicitat i Relacions P\u00fabliques, M\u00e0ster en Antropologia Aplicada al Benestar Social i Doctor en Antropologia Social i Cultural per la Universitat Aut\u00f2noma de Barcelona. Director del Departament de Teories de l\u2019Educaci\u00f3 i Pedagogia Social i investigador del grup CER Migracions EMIGRA de la Universitat Aut\u00f2noma de Barcelona<\/p>\n<p>Ha estat mestre i professor d\u2019Educaci\u00f3 Prim\u00e0ria i Secund\u00e0ria durant 17 anys. Expert en acolliment de persones immigrades, en l\u2019estudi de sistemes educatius i com aquests s\u2019enfronten a les desigualtats socials o com busquen l\u2019equitat per a tots l\u2019alumnat.<\/p>\n<p>La llista d\u2019experi\u00e8ncies en el camp de la investigaci\u00f3 d\u2019en Jordi P\u00e0mies \u00e9s molt extensa. Les seves l\u00ednies de treball priorit\u00e0ries s\u00f3n educaci\u00f3 i migraci\u00f3, abandonament escolar i traject\u00f2ries acad\u00e8miques i socials d\u2019\u00e8xit d\u2019infants i joves d&#8217;origen estranger, relacions interculturals i integraci\u00f3 socioeducativa i pol\u00edtiques educatives adre\u00e7ades a la diversitat cultural. Col\u00b7labora en diverses investigacions i projectes que tenen com a objectiu aquests temes.<\/p>\n<p style=\"text-align: center;\"><a href=\"https:\/\/aplicacions.gestioeducativa.gencat.cat\/pls\/soloas\/pk_for_mod_ins.p_for_pre_cons_activitats?p_any=2020-2021&amp;p_codi=5011591501\" target=\"_blank\" rel=\"noopener noreferrer\">Inscripci\u00f3 (si no us hi heu pogut inscriure podeu accedir igualment a la confer\u00e8ncia)<\/a><\/p>\n<p style=\"text-align: center;\"><a href=\"https:\/\/meet.google.com\/xwp-adjc-rch\">ENLLA\u00c7 A LA CONFER\u00c8NCIA<\/a><\/p>\n<p><a href=\"https:\/\/serveiseducatius.xtec.cat\/altemporda\/wp-content\/uploads\/usu1156\/2021\/02\/\u00c8xit-educatiu.pptx.jpg\"><img loading=\"lazy\" decoding=\"async\" class=\" wp-image-12384 aligncenter\" src=\"https:\/\/serveiseducatius.xtec.cat\/altemporda\/wp-content\/uploads\/usu1156\/2021\/02\/\u00c8xit-educatiu.pptx.jpg\" alt=\"\" width=\"762\" height=\"571\" srcset=\"https:\/\/serveiseducatius.xtec.cat\/altemporda\/wp-content\/uploads\/usu1156\/2021\/02\/\u00c8xit-educatiu.pptx.jpg 960w, https:\/\/serveiseducatius.xtec.cat\/altemporda\/wp-content\/uploads\/usu1156\/2021\/02\/\u00c8xit-educatiu.pptx-300x225.jpg 300w, https:\/\/serveiseducatius.xtec.cat\/altemporda\/wp-content\/uploads\/usu1156\/2021\/02\/\u00c8xit-educatiu.pptx-768x576.jpg 768w, https:\/\/serveiseducatius.xtec.cat\/altemporda\/wp-content\/uploads\/usu1156\/2021\/02\/\u00c8xit-educatiu.pptx-200x150.jpg 200w\" sizes=\"auto, (max-width: 762px) 100vw, 762px\" \/><\/a><\/p>\n<p><strong>Documents de la confer\u00e8ncia:<\/strong><\/p>\n<p><a href=\"https:\/\/drive.google.com\/file\/d\/1tZNVvi3rhvXgr22KjhBXm5nxmuDmJlqB\/view?usp=sharing\"><img loading=\"lazy\" decoding=\"async\" class=\"alignnone wp-image-12541\" src=\"https:\/\/serveiseducatius.xtec.cat\/altemporda\/wp-content\/uploads\/usu1156\/2021\/02\/Presentaci\u00f3-Jordi-P\u00e0mies.png\" alt=\"\" width=\"279\" height=\"206\" srcset=\"https:\/\/serveiseducatius.xtec.cat\/altemporda\/wp-content\/uploads\/usu1156\/2021\/02\/Presentaci\u00f3-Jordi-P\u00e0mies.png 648w, https:\/\/serveiseducatius.xtec.cat\/altemporda\/wp-content\/uploads\/usu1156\/2021\/02\/Presentaci\u00f3-Jordi-P\u00e0mies-300x221.png 300w\" sizes=\"auto, (max-width: 279px) 100vw, 279px\" \/><\/a> \u00a0\u00a0 \u00a0\u00a0<a href=\"https:\/\/drive.google.com\/file\/d\/1XWbnoW0IDEaA9iEk1NZcL3IMwWCSzA1r\/view?usp=sharing\"><img loading=\"lazy\" decoding=\"async\" class=\"alignnone wp-image-12542\" src=\"https:\/\/serveiseducatius.xtec.cat\/altemporda\/wp-content\/uploads\/usu1156\/2021\/02\/revista-Jordi-P\u00e0mies.png\" alt=\"\" width=\"228\" height=\"208\" srcset=\"https:\/\/serveiseducatius.xtec.cat\/altemporda\/wp-content\/uploads\/usu1156\/2021\/02\/revista-Jordi-P\u00e0mies.png 415w, https:\/\/serveiseducatius.xtec.cat\/altemporda\/wp-content\/uploads\/usu1156\/2021\/02\/revista-Jordi-P\u00e0mies-300x273.png 300w\" sizes=\"auto, (max-width: 228px) 100vw, 228px\" \/><\/a><\/p>\n","protected":false},"excerpt":{"rendered":"<p>Dimecres 24 de febrer, de 6 a 7 de la tarda, tindr\u00e0 lloc la confer\u00e8ncia telem\u00e0tica\u00a0 \u00c8xit educatiu: una acci\u00f3 de corresponsabilitat. Va adre\u00e7ada als docents de Prim\u00e0ria i Secund\u00e0ria per reflexionar sobre la recerca de l\u2019\u00e8xit educatiu per a tothom, m\u00e9s enll\u00e0 d\u2019or\u00edgens i circumst\u00e0ncies de vida. Es parlar\u00e0 tamb\u00e9 de metodologies i estrat\u00e8gies [&hellip;]<\/p>\n","protected":false},"author":71,"featured_media":12373,"comment_status":"closed","ping_status":"closed","sticky":false,"template":"","format":"standard","meta":{"_bbp_topic_count":0,"_bbp_reply_count":0,"_bbp_total_topic_count":0,"_bbp_total_reply_count":0,"_bbp_voice_count":0,"_bbp_anonymous_reply_count":0,"_bbp_topic_count_hidden":0,"_bbp_reply_count_hidden":0,"_bbp_forum_subforum_count":0,"site-sidebar-layout":"default","site-content-layout":"","ast-site-content-layout":"","site-content-style":"default","site-sidebar-style":"default","ast-global-header-display":"","ast-banner-title-visibility":"","ast-main-header-display":"","ast-hfb-above-header-display":"","ast-hfb-below-header-display":"","ast-hfb-mobile-header-display":"","site-post-title":"","ast-breadcrumbs-content":"","ast-featured-img":"","footer-sml-layout":"","theme-transparent-header-meta":"","adv-header-id-meta":"","stick-header-meta":"","header-above-stick-meta":"","header-main-stick-meta":"","header-below-stick-meta":"","astra-migrate-meta-layouts":"default","ast-page-background-enabled":"default","ast-page-background-meta":{"desktop":{"background-color":"var(--ast-global-color-4)","background-image":"","background-repeat":"repeat","background-position":"center center","background-size":"auto","background-attachment":"scroll","background-type":"","background-media":"","overlay-type":"","overlay-color":"","overlay-opacity":"","overlay-gradient":""},"tablet":{"background-color":"","background-image":"","background-repeat":"repeat","background-position":"center center","background-size":"auto","background-attachment":"scroll","background-type":"","background-media":"","overlay-type":"","overlay-color":"","overlay-opacity":"","overlay-gradient":""},"mobile":{"background-color":"","background-image":"","background-repeat":"repeat","background-position":"center center","background-size":"auto","background-attachment":"scroll","background-type":"","background-media":"","overlay-type":"","overlay-color":"","overlay-opacity":"","overlay-gradient":""}},"ast-content-background-meta":{"desktop":{"background-color":"var(--ast-global-color-5)","background-image":"","background-repeat":"repeat","background-position":"center center","background-size":"auto","background-attachment":"scroll","background-type":"","background-media":"","overlay-type":"","overlay-color":"","overlay-opacity":"","overlay-gradient":""},"tablet":{"background-color":"var(--ast-global-color-5)","background-image":"","background-repeat":"repeat","background-position":"center center","background-size":"auto","background-attachment":"scroll","background-type":"","background-media":"","overlay-type":"","overlay-color":"","overlay-opacity":"","overlay-gradient":""},"mobile":{"background-color":"var(--ast-global-color-5)","background-image":"","background-repeat":"repeat","background-position":"center center","background-size":"auto","background-attachment":"scroll","background-type":"","background-media":"","overlay-type":"","overlay-color":"","overlay-opacity":"","overlay-gradient":""}},"footnotes":""},"categories":[347,66,68,1,29],"tags":[326,338],"class_list":["post-12372","post","type-post","status-publish","format-standard","has-post-thumbnail","hentry","category-dialoguem","category-dinamitzacio","category-elic","category-general","category-portada","tag-conferencia","tag-lic"],"post_mailing_queue_ids":[],"_links":{"self":[{"href":"https:\/\/serveiseducatius.xtec.cat\/altemporda\/wp-json\/wp\/v2\/posts\/12372","targetHints":{"allow":["GET"]}}],"collection":[{"href":"https:\/\/serveiseducatius.xtec.cat\/altemporda\/wp-json\/wp\/v2\/posts"}],"about":[{"href":"https:\/\/serveiseducatius.xtec.cat\/altemporda\/wp-json\/wp\/v2\/types\/post"}],"author":[{"embeddable":true,"href":"https:\/\/serveiseducatius.xtec.cat\/altemporda\/wp-json\/wp\/v2\/users\/71"}],"replies":[{"embeddable":true,"href":"https:\/\/serveiseducatius.xtec.cat\/altemporda\/wp-json\/wp\/v2\/comments?post=12372"}],"version-history":[{"count":3,"href":"https:\/\/serveiseducatius.xtec.cat\/altemporda\/wp-json\/wp\/v2\/posts\/12372\/revisions"}],"predecessor-version":[{"id":12545,"href":"https:\/\/serveiseducatius.xtec.cat\/altemporda\/wp-json\/wp\/v2\/posts\/12372\/revisions\/12545"}],"wp:featuredmedia":[{"embeddable":true,"href":"https:\/\/serveiseducatius.xtec.cat\/altemporda\/wp-json\/wp\/v2\/media\/12373"}],"wp:attachment":[{"href":"https:\/\/serveiseducatius.xtec.cat\/altemporda\/wp-json\/wp\/v2\/media?parent=12372"}],"wp:term":[{"taxonomy":"category","embeddable":true,"href":"https:\/\/serveiseducatius.xtec.cat\/altemporda\/wp-json\/wp\/v2\/categories?post=12372"},{"taxonomy":"post_tag","embeddable":true,"href":"https:\/\/serveiseducatius.xtec.cat\/altemporda\/wp-json\/wp\/v2\/tags?post=12372"}],"curies":[{"name":"wp","href":"https:\/\/api.w.org\/{rel}","templated":true}]}}