{"id":12326,"date":"2021-02-08T12:40:30","date_gmt":"2021-02-08T11:40:30","guid":{"rendered":"http:\/\/serveiseducatius.xtec.cat\/altemporda\/?p=12326"},"modified":"2021-02-08T13:01:11","modified_gmt":"2021-02-08T12:01:11","slug":"dia-de-la-internet-segura","status":"publish","type":"post","link":"https:\/\/serveiseducatius.xtec.cat\/altemporda\/portada\/dia-de-la-internet-segura\/","title":{"rendered":"Dia de la Internet segura"},"content":{"rendered":"<p><a href=\"https:\/\/internetsegura.cat\/definicio-projecte\/dia-internet-segura\/\" target=\"_blank\" rel=\"noopener noreferrer\"><img loading=\"lazy\" decoding=\"async\" class=\"alignleft\" src=\"https:\/\/internetsegura.cat\/wp-content\/uploads\/2021\/02\/DIS-2021_Web-Landing.png\" alt=\"\" width=\"447\" height=\"220\" \/><\/a>El\u00a0<strong>Dia de la Internet Segura 2021<\/strong>\u00a0se celebra el\u00a0<strong>9 de febrer<\/strong>. Aquesta cita d\u2019\u00e0mbit mundial t\u00e9 com a objectius:<\/p>\n<ul>\n<li>Promoure un \u00fas responsable, respectu\u00f3s, cr\u00edtic i creatiu de les noves tecnologies<\/li>\n<li>Aconseguir entre tots els actors socials i pol\u00edtics una Internet millor per a tothom.\u00a0 Difondre una Internet millor, segura i respectuosa per a tothom.<\/li>\n<li>Ajudar els docents i treballadors socials en la tasca pedag\u00f2gica d\u2019explicar Internet.<\/li>\n<\/ul>\n<p>Des d\u2019Internet Segura s&#8217;ofereix un seguit de continguts, adre\u00e7ats a Educadors, Fam\u00edlies, Joves i infants, i Ciutadania, que giren al voltant del frau i de les estafes en l\u2019\u00e0mbit digital. \u00a0<span style=\"color: #ff0000;\"><a style=\"color: #ff0000;\" href=\"https:\/\/internetsegura.cat\/definicio-projecte\/dia-internet-segura\/\" target=\"_blank\" rel=\"noopener noreferrer\">M\u00e9s informaci\u00f3<\/a><\/span>.<\/p>\n","protected":false},"excerpt":{"rendered":"<p><a href=\"https:\/\/internetsegura.cat\/definicio-projecte\/dia-internet-segura\/\"><br \/>\n<img decoding=\"async\" style=\"width: 650px;\" src=\"https:\/\/internetsegura.cat\/wp-content\/uploads\/2021\/02\/DIS-2021_Web-Landing.png\" alt=\"Internet Segura\" \/><br \/>\n<\/a><br \/>\nEl\u00a0Dia de la Internet Segura 2021\u00a0se celebra el\u00a09 de febrer<\/p>\n","protected":false},"author":4,"featured_media":0,"comment_status":"closed","ping_status":"closed","sticky":false,"template":"","format":"standard","meta":{"_bbp_topic_count":0,"_bbp_reply_count":0,"_bbp_total_topic_count":0,"_bbp_total_reply_count":0,"_bbp_voice_count":0,"_bbp_anonymous_reply_count":0,"_bbp_topic_count_hidden":0,"_bbp_reply_count_hidden":0,"_bbp_forum_subforum_count":0,"site-sidebar-layout":"default","site-content-layout":"","ast-site-content-layout":"","site-content-style":"default","site-sidebar-style":"default","ast-global-header-display":"","ast-banner-title-visibility":"","ast-main-header-display":"","ast-hfb-above-header-display":"","ast-hfb-below-header-display":"","ast-hfb-mobile-header-display":"","site-post-title":"","ast-breadcrumbs-content":"","ast-featured-img":"","footer-sml-layout":"","theme-transparent-header-meta":"","adv-header-id-meta":"","stick-header-meta":"","header-above-stick-meta":"","header-main-stick-meta":"","header-below-stick-meta":"","astra-migrate-meta-layouts":"default","ast-page-background-enabled":"default","ast-page-background-meta":{"desktop":{"background-color":"var(--ast-global-color-4)","background-image":"","background-repeat":"repeat","background-position":"center center","background-size":"auto","background-attachment":"scroll","background-type":"","background-media":"","overlay-type":"","overlay-color":"","overlay-opacity":"","overlay-gradient":""},"tablet":{"background-color":"","background-image":"","background-repeat":"repeat","background-position":"center center","background-size":"auto","background-attachment":"scroll","background-type":"","background-media":"","overlay-type":"","overlay-color":"","overlay-opacity":"","overlay-gradient":""},"mobile":{"background-color":"","background-image":"","background-repeat":"repeat","background-position":"center center","background-size":"auto","background-attachment":"scroll","background-type":"","background-media":"","overlay-type":"","overlay-color":"","overlay-opacity":"","overlay-gradient":""}},"ast-content-background-meta":{"desktop":{"background-color":"var(--ast-global-color-5)","background-image":"","background-repeat":"repeat","background-position":"center center","background-size":"auto","background-attachment":"scroll","background-type":"","background-media":"","overlay-type":"","overlay-color":"","overlay-opacity":"","overlay-gradient":""},"tablet":{"background-color":"var(--ast-global-color-5)","background-image":"","background-repeat":"repeat","background-position":"center center","background-size":"auto","background-attachment":"scroll","background-type":"","background-media":"","overlay-type":"","overlay-color":"","overlay-opacity":"","overlay-gradient":""},"mobile":{"background-color":"var(--ast-global-color-5)","background-image":"","background-repeat":"repeat","background-position":"center center","background-size":"auto","background-attachment":"scroll","background-type":"","background-media":"","overlay-type":"","overlay-color":"","overlay-opacity":"","overlay-gradient":""}},"footnotes":""},"categories":[328,66,29],"tags":[324,348,325],"class_list":["post-12326","post","type-post","status-publish","format-standard","hentry","category-cultura-digital","category-dinamitzacio","category-portada","tag-cultura-digital","tag-internet-segura","tag-xtcd"],"post_mailing_queue_ids":[],"_links":{"self":[{"href":"https:\/\/serveiseducatius.xtec.cat\/altemporda\/wp-json\/wp\/v2\/posts\/12326","targetHints":{"allow":["GET"]}}],"collection":[{"href":"https:\/\/serveiseducatius.xtec.cat\/altemporda\/wp-json\/wp\/v2\/posts"}],"about":[{"href":"https:\/\/serveiseducatius.xtec.cat\/altemporda\/wp-json\/wp\/v2\/types\/post"}],"author":[{"embeddable":true,"href":"https:\/\/serveiseducatius.xtec.cat\/altemporda\/wp-json\/wp\/v2\/users\/4"}],"replies":[{"embeddable":true,"href":"https:\/\/serveiseducatius.xtec.cat\/altemporda\/wp-json\/wp\/v2\/comments?post=12326"}],"version-history":[{"count":4,"href":"https:\/\/serveiseducatius.xtec.cat\/altemporda\/wp-json\/wp\/v2\/posts\/12326\/revisions"}],"predecessor-version":[{"id":12334,"href":"https:\/\/serveiseducatius.xtec.cat\/altemporda\/wp-json\/wp\/v2\/posts\/12326\/revisions\/12334"}],"wp:attachment":[{"href":"https:\/\/serveiseducatius.xtec.cat\/altemporda\/wp-json\/wp\/v2\/media?parent=12326"}],"wp:term":[{"taxonomy":"category","embeddable":true,"href":"https:\/\/serveiseducatius.xtec.cat\/altemporda\/wp-json\/wp\/v2\/categories?post=12326"},{"taxonomy":"post_tag","embeddable":true,"href":"https:\/\/serveiseducatius.xtec.cat\/altemporda\/wp-json\/wp\/v2\/tags?post=12326"}],"curies":[{"name":"wp","href":"https:\/\/api.w.org\/{rel}","templated":true}]}}