{"id":12260,"date":"2021-02-02T15:20:35","date_gmt":"2021-02-02T14:20:35","guid":{"rendered":"http:\/\/serveiseducatius.xtec.cat\/altemporda\/?p=12260"},"modified":"2021-02-02T15:20:35","modified_gmt":"2021-02-02T14:20:35","slug":"roser-torras-i-rosa-guitart-esc-salvador-dali-figueres","status":"publish","type":"post","link":"https:\/\/serveiseducatius.xtec.cat\/altemporda\/crp\/dialoguem\/roser-torras-i-rosa-guitart-esc-salvador-dali-figueres\/","title":{"rendered":"Roser Torras i Rosa Guitart. (Esc. Salvador Dal\u00ed. Figueres)"},"content":{"rendered":"<div style=\"display:inline;float:left;margin:5px 10px 0px 0px\"><a href=\"http:\/\/agora.xtec.cat\/ceipsalvadordali\/intranet\/index.php?module=iw_webbox&amp;ref=ratolinada\" imageanchor=\"1\" target=\"_blank\" rel=\"noopener noreferrer\"><img decoding=\"async\" src=\"https:\/\/sites.google.com\/a\/xtec.cat\/seae\/actualitza-t\/dialoguem-amb\/dialoguem-amb-recull\/rosertorrasirosaguitartescsalvadordalifigueres\/target%C3%B3%20de%20la%20ratolinada.JPG\" border=\"0\"><\/a><\/div>\n<p><b><span lang=\"CA\">Data: <\/span><\/b><span lang=\"CA\">28\/01\/2010<\/span><b><span lang=\"CA\"><br \/>\n<\/span><\/b><\/p>\n<p><b><span lang=\"CA\">Pon\u00e8ncia<\/span><\/b><span lang=\"CA\">:<\/span><span lang=\"CA\"> <\/span><span style=\"line-height:1.6;font-size:10pt\" lang=\"CA\"><b><span style=\"color:green\">La<br \/>\nratolinada. El gust per la lectura.<\/span><\/b><\/span><span lang=\"CA\"><span style=\"color:green\"> <br \/>\n<\/span><\/span><\/p>\n<p><b><span lang=\"CA\">Per<br \/>\nrespondre a la pregunta. <\/span><\/b><span lang=\"CA\"><font size=\"2\"><span style=\"font-family:arial,sans-serif\"><span lang=\"CA\">Com podem transmetre el plaer per la lectura?<\/span><\/span><\/font><\/p>\n<p><\/span><\/p>\n<div><span lang=\"CA\">Explicaci\u00f3 de l&#8217;<a href=\"http:\/\/agora.xtec.cat\/ceipsalvadordali\/intranet\/index.php?module=iw_webbox&amp;ref=ratolinada\" target=\"_blank\" rel=\"noopener noreferrer\">experi\u00e8ncia<\/a> desenvolupada a l&#8217;escola Salvador Dal\u00ed de Figueres<\/span><span style=\"font-size:12pt;font-family:Times New Roman;color:rgb(153,153,153)\" lang=\"CA\"><b><br \/>\n<\/b><\/span><\/div>\n","protected":false},"excerpt":{"rendered":"<p>Data: 28\/01\/2010 Pon\u00e8ncia: La ratolinada. El gust per la lectura. Per respondre a la pregunta. Com podem transmetre el plaer per la lectura? Explicaci\u00f3 de l&#8217;experi\u00e8ncia desenvolupada a l&#8217;escola Salvador Dal\u00ed de Figueres<\/p>\n","protected":false},"author":14,"featured_media":12261,"comment_status":"closed","ping_status":"closed","sticky":false,"template":"","format":"standard","meta":{"_bbp_topic_count":0,"_bbp_reply_count":0,"_bbp_total_topic_count":0,"_bbp_total_reply_count":0,"_bbp_voice_count":0,"_bbp_anonymous_reply_count":0,"_bbp_topic_count_hidden":0,"_bbp_reply_count_hidden":0,"_bbp_forum_subforum_count":0,"site-sidebar-layout":"default","site-content-layout":"","ast-site-content-layout":"","site-content-style":"default","site-sidebar-style":"default","ast-global-header-display":"","ast-banner-title-visibility":"","ast-main-header-display":"","ast-hfb-above-header-display":"","ast-hfb-below-header-display":"","ast-hfb-mobile-header-display":"","site-post-title":"","ast-breadcrumbs-content":"","ast-featured-img":"","footer-sml-layout":"","theme-transparent-header-meta":"","adv-header-id-meta":"","stick-header-meta":"","header-above-stick-meta":"","header-main-stick-meta":"","header-below-stick-meta":"","astra-migrate-meta-layouts":"default","ast-page-background-enabled":"default","ast-page-background-meta":{"desktop":{"background-color":"var(--ast-global-color-4)","background-image":"","background-repeat":"repeat","background-position":"center center","background-size":"auto","background-attachment":"scroll","background-type":"","background-media":"","overlay-type":"","overlay-color":"","overlay-opacity":"","overlay-gradient":""},"tablet":{"background-color":"","background-image":"","background-repeat":"repeat","background-position":"center center","background-size":"auto","background-attachment":"scroll","background-type":"","background-media":"","overlay-type":"","overlay-color":"","overlay-opacity":"","overlay-gradient":""},"mobile":{"background-color":"","background-image":"","background-repeat":"repeat","background-position":"center center","background-size":"auto","background-attachment":"scroll","background-type":"","background-media":"","overlay-type":"","overlay-color":"","overlay-opacity":"","overlay-gradient":""}},"ast-content-background-meta":{"desktop":{"background-color":"var(--ast-global-color-5)","background-image":"","background-repeat":"repeat","background-position":"center center","background-size":"auto","background-attachment":"scroll","background-type":"","background-media":"","overlay-type":"","overlay-color":"","overlay-opacity":"","overlay-gradient":""},"tablet":{"background-color":"var(--ast-global-color-5)","background-image":"","background-repeat":"repeat","background-position":"center center","background-size":"auto","background-attachment":"scroll","background-type":"","background-media":"","overlay-type":"","overlay-color":"","overlay-opacity":"","overlay-gradient":""},"mobile":{"background-color":"var(--ast-global-color-5)","background-image":"","background-repeat":"repeat","background-position":"center center","background-size":"auto","background-attachment":"scroll","background-type":"","background-media":"","overlay-type":"","overlay-color":"","overlay-opacity":"","overlay-gradient":""}},"footnotes":""},"categories":[347],"tags":[],"class_list":["post-12260","post","type-post","status-publish","format-standard","has-post-thumbnail","hentry","category-dialoguem"],"post_mailing_queue_ids":[],"_links":{"self":[{"href":"https:\/\/serveiseducatius.xtec.cat\/altemporda\/wp-json\/wp\/v2\/posts\/12260","targetHints":{"allow":["GET"]}}],"collection":[{"href":"https:\/\/serveiseducatius.xtec.cat\/altemporda\/wp-json\/wp\/v2\/posts"}],"about":[{"href":"https:\/\/serveiseducatius.xtec.cat\/altemporda\/wp-json\/wp\/v2\/types\/post"}],"author":[{"embeddable":true,"href":"https:\/\/serveiseducatius.xtec.cat\/altemporda\/wp-json\/wp\/v2\/users\/14"}],"replies":[{"embeddable":true,"href":"https:\/\/serveiseducatius.xtec.cat\/altemporda\/wp-json\/wp\/v2\/comments?post=12260"}],"version-history":[{"count":1,"href":"https:\/\/serveiseducatius.xtec.cat\/altemporda\/wp-json\/wp\/v2\/posts\/12260\/revisions"}],"predecessor-version":[{"id":12262,"href":"https:\/\/serveiseducatius.xtec.cat\/altemporda\/wp-json\/wp\/v2\/posts\/12260\/revisions\/12262"}],"wp:featuredmedia":[{"embeddable":true,"href":"https:\/\/serveiseducatius.xtec.cat\/altemporda\/wp-json\/wp\/v2\/media\/12261"}],"wp:attachment":[{"href":"https:\/\/serveiseducatius.xtec.cat\/altemporda\/wp-json\/wp\/v2\/media?parent=12260"}],"wp:term":[{"taxonomy":"category","embeddable":true,"href":"https:\/\/serveiseducatius.xtec.cat\/altemporda\/wp-json\/wp\/v2\/categories?post=12260"},{"taxonomy":"post_tag","embeddable":true,"href":"https:\/\/serveiseducatius.xtec.cat\/altemporda\/wp-json\/wp\/v2\/tags?post=12260"}],"curies":[{"name":"wp","href":"https:\/\/api.w.org\/{rel}","templated":true}]}}