{"id":12244,"date":"2021-02-02T15:11:08","date_gmt":"2021-02-02T14:11:08","guid":{"rendered":"http:\/\/serveiseducatius.xtec.cat\/altemporda\/?p=12244"},"modified":"2021-02-02T15:11:08","modified_gmt":"2021-02-02T14:11:08","slug":"pili-arnaiz-coordinadora-lic-servei-educatiu-alt-emporda","status":"publish","type":"post","link":"https:\/\/serveiseducatius.xtec.cat\/altemporda\/crp\/dialoguem\/pili-arnaiz-coordinadora-lic-servei-educatiu-alt-emporda\/","title":{"rendered":"Pili Arnaiz. Coordinadora LIC. Servei Educatiu. Alt Empord\u00e0"},"content":{"rendered":"<div>\n<div><b><\/p>\n<div style=\"display:inline;float:left;margin:5px 10px 0px 0px\"><a href=\"https:\/\/docs.google.com\/a\/xtec.cat\/presentation\/d\/1x7Nrg1ivPf68GuQxn1cfRifXdAGTPkxqRD73dT0FaIM\/preview#slide=id.i0\" imageanchor=\"1\" target=\"_blank\" rel=\"noopener noreferrer\"><img decoding=\"async\" src=\"https:\/\/sites.google.com\/a\/xtec.cat\/seae\/actualitza-t\/dialoguem-amb\/dialoguem-amb-recull\/piliarnaizcoordinadoralicserveieducatiualtemporda\/Pili.JPG\" border=\"0\"><\/a><\/div>\n<p>Data: <\/b><span lang=\"CA\">27\/01\/2011<\/span><\/p>\n<p><b><span lang=\"CA\">Pon\u00e8ncia<\/span><\/b><span lang=\"CA\">:<\/span><span lang=\"CA\"> <\/span><span lang=\"CA\"><b><span style=\"color:green\">El treball cooperatiu a l\u2019aula<\/span><\/b><\/span><\/p>\n<p><b><span lang=\"CA\">Per<br \/>\nrespondre a la pregunta.<\/span><\/b><span lang=\"CA\"> Com i quan treballar de manera cooperativa a l\u2019aula<\/span><span lang=\"CA\"><font size=\"2\"><span style=\"font-family:arial,sans-serif\"><span lang=\"CA\"><span lang=\"CA\"><span lang=\"CA\">?<\/span><\/span><\/span><\/span><\/font><br \/>\n<\/span><br \/>\n<font size=\"2\"><span style=\"font-family:Arial;color:rgb(0,0,0);background-color:transparent;font-weight:400;font-style:normal;font-variant:normal;text-decoration:none;vertical-align:baseline\">Estrat\u00e8gies i atenci\u00f3 a la diversitat.<br \/>\n<\/span><\/font><\/div>\n<p><font size=\"2\"><span style=\"font-family:Arial;color:rgb(0,0,0);background-color:transparent;font-weight:400;font-style:normal;font-variant:normal;text-decoration:none;vertical-align:baseline\">Definici\u00f3 i caracter\u00edstiques del treball cooperatiu<br \/>\n<\/span><\/font><\/div>\n<p><font size=\"2\"><span style=\"font-family:Arial;color:rgb(0,0,0);background-color:transparent;font-weight:400;font-style:normal;font-variant:normal;text-decoration:none;vertical-align:baseline\">\u00c0mbits d&#8217;intervenci\u00f3<br \/>\n<\/span><\/font><\/p>\n","protected":false},"excerpt":{"rendered":"<p>Data: 27\/01\/2011 Pon\u00e8ncia: El treball cooperatiu a l\u2019aula Per respondre a la pregunta. Com i quan treballar de manera cooperativa a l\u2019aula? Estrat\u00e8gies i atenci\u00f3 a la diversitat. Definici\u00f3 i caracter\u00edstiques del treball cooperatiu \u00c0mbits d&#8217;intervenci\u00f3<\/p>\n","protected":false},"author":14,"featured_media":12245,"comment_status":"closed","ping_status":"closed","sticky":false,"template":"","format":"standard","meta":{"_bbp_topic_count":0,"_bbp_reply_count":0,"_bbp_total_topic_count":0,"_bbp_total_reply_count":0,"_bbp_voice_count":0,"_bbp_anonymous_reply_count":0,"_bbp_topic_count_hidden":0,"_bbp_reply_count_hidden":0,"_bbp_forum_subforum_count":0,"site-sidebar-layout":"default","site-content-layout":"","ast-site-content-layout":"","site-content-style":"default","site-sidebar-style":"default","ast-global-header-display":"","ast-banner-title-visibility":"","ast-main-header-display":"","ast-hfb-above-header-display":"","ast-hfb-below-header-display":"","ast-hfb-mobile-header-display":"","site-post-title":"","ast-breadcrumbs-content":"","ast-featured-img":"","footer-sml-layout":"","theme-transparent-header-meta":"","adv-header-id-meta":"","stick-header-meta":"","header-above-stick-meta":"","header-main-stick-meta":"","header-below-stick-meta":"","astra-migrate-meta-layouts":"default","ast-page-background-enabled":"default","ast-page-background-meta":{"desktop":{"background-color":"var(--ast-global-color-4)","background-image":"","background-repeat":"repeat","background-position":"center center","background-size":"auto","background-attachment":"scroll","background-type":"","background-media":"","overlay-type":"","overlay-color":"","overlay-opacity":"","overlay-gradient":""},"tablet":{"background-color":"","background-image":"","background-repeat":"repeat","background-position":"center center","background-size":"auto","background-attachment":"scroll","background-type":"","background-media":"","overlay-type":"","overlay-color":"","overlay-opacity":"","overlay-gradient":""},"mobile":{"background-color":"","background-image":"","background-repeat":"repeat","background-position":"center center","background-size":"auto","background-attachment":"scroll","background-type":"","background-media":"","overlay-type":"","overlay-color":"","overlay-opacity":"","overlay-gradient":""}},"ast-content-background-meta":{"desktop":{"background-color":"var(--ast-global-color-5)","background-image":"","background-repeat":"repeat","background-position":"center center","background-size":"auto","background-attachment":"scroll","background-type":"","background-media":"","overlay-type":"","overlay-color":"","overlay-opacity":"","overlay-gradient":""},"tablet":{"background-color":"var(--ast-global-color-5)","background-image":"","background-repeat":"repeat","background-position":"center center","background-size":"auto","background-attachment":"scroll","background-type":"","background-media":"","overlay-type":"","overlay-color":"","overlay-opacity":"","overlay-gradient":""},"mobile":{"background-color":"var(--ast-global-color-5)","background-image":"","background-repeat":"repeat","background-position":"center center","background-size":"auto","background-attachment":"scroll","background-type":"","background-media":"","overlay-type":"","overlay-color":"","overlay-opacity":"","overlay-gradient":""}},"footnotes":""},"categories":[347],"tags":[],"class_list":["post-12244","post","type-post","status-publish","format-standard","has-post-thumbnail","hentry","category-dialoguem"],"post_mailing_queue_ids":[],"_links":{"self":[{"href":"https:\/\/serveiseducatius.xtec.cat\/altemporda\/wp-json\/wp\/v2\/posts\/12244","targetHints":{"allow":["GET"]}}],"collection":[{"href":"https:\/\/serveiseducatius.xtec.cat\/altemporda\/wp-json\/wp\/v2\/posts"}],"about":[{"href":"https:\/\/serveiseducatius.xtec.cat\/altemporda\/wp-json\/wp\/v2\/types\/post"}],"author":[{"embeddable":true,"href":"https:\/\/serveiseducatius.xtec.cat\/altemporda\/wp-json\/wp\/v2\/users\/14"}],"replies":[{"embeddable":true,"href":"https:\/\/serveiseducatius.xtec.cat\/altemporda\/wp-json\/wp\/v2\/comments?post=12244"}],"version-history":[{"count":1,"href":"https:\/\/serveiseducatius.xtec.cat\/altemporda\/wp-json\/wp\/v2\/posts\/12244\/revisions"}],"predecessor-version":[{"id":12246,"href":"https:\/\/serveiseducatius.xtec.cat\/altemporda\/wp-json\/wp\/v2\/posts\/12244\/revisions\/12246"}],"wp:featuredmedia":[{"embeddable":true,"href":"https:\/\/serveiseducatius.xtec.cat\/altemporda\/wp-json\/wp\/v2\/media\/12245"}],"wp:attachment":[{"href":"https:\/\/serveiseducatius.xtec.cat\/altemporda\/wp-json\/wp\/v2\/media?parent=12244"}],"wp:term":[{"taxonomy":"category","embeddable":true,"href":"https:\/\/serveiseducatius.xtec.cat\/altemporda\/wp-json\/wp\/v2\/categories?post=12244"},{"taxonomy":"post_tag","embeddable":true,"href":"https:\/\/serveiseducatius.xtec.cat\/altemporda\/wp-json\/wp\/v2\/tags?post=12244"}],"curies":[{"name":"wp","href":"https:\/\/api.w.org\/{rel}","templated":true}]}}