{"id":12210,"date":"2021-02-02T12:50:35","date_gmt":"2021-02-02T11:50:35","guid":{"rendered":"http:\/\/serveiseducatius.xtec.cat\/altemporda\/?p=12210"},"modified":"2021-02-02T12:50:35","modified_gmt":"2021-02-02T11:50:35","slug":"roser-julia-directora-de-la-biblioteca-bordas-i-estragues-de-castello-dempuries","status":"publish","type":"post","link":"https:\/\/serveiseducatius.xtec.cat\/altemporda\/crp\/dialoguem\/roser-julia-directora-de-la-biblioteca-bordas-i-estragues-de-castello-dempuries\/","title":{"rendered":"Roser Juli\u00e0 (Directora de la biblioteca Bordas i Estragu\u00e9s de Castell\u00f3 d&#8217;Emp\u00faries)"},"content":{"rendered":"<p><b style=\"color:rgb(68,68,68);font-family:Arial,Verdana,sans-serif;font-size:12px;font-style:normal;letter-spacing:normal;text-align:left;text-indent:0px;text-transform:none;white-space:normal;word-spacing:0px;background-color:rgb(255,255,255)\"><\/p>\n<div style=\"display:inline;float:left;margin:5px 10px 0px 0px\"><a href=\"https:\/\/docs.google.com\/a\/xtec.cat\/file\/d\/0B22pZTS9eeThTHhaNUNuNGpiTEk\/edit?usp=drive_web\" imageanchor=\"1\" target=\"_blank\" rel=\"noopener noreferrer\"><img decoding=\"async\" alt=\"https:\/\/docs.google.com\/a\/xtec.cat\/file\/d\/0B22pZTS9eeThTHhaNUNuNGpiTEk\/edit?usp=drive_web\" src=\"https:\/\/sites.google.com\/a\/xtec.cat\/seae\/actualitza-t\/dialoguem-amb\/dialoguem-amb-recull\/roserjuliadirectoradelabibliotecabordasiestraguesdecastellodempuries\/castell%C3%B3.JPG\" border=\"0\"><\/a><\/div>\n<p>Data:<span><span> <\/span><\/span><\/b><span style=\"line-height:1.6;font-size:10pt\">24\/10\/2013<\/span><\/p>\n<p style=\"color:rgb(68,68,68);font-family:Arial,Verdana,sans-serif;font-size:12px;font-style:normal;font-weight:normal;letter-spacing:normal;text-align:left;text-indent:0px;text-transform:none;white-space:normal;word-spacing:0px;background-color:rgb(255,255,255)\"><b><span lang=\"CA\">Pon\u00e8ncia<\/span><\/b><span lang=\"CA\">:<i><b><span><span> <\/span><\/span><\/b><\/i><\/span><span style=\"color:rgb(56,118,29);font-size:small;font-weight:bold;line-height:1.6\">Criteris a l&#8217;hora de triar o comprar un llibre<\/span><\/p>\n<p><b style=\"color:rgb(68,68,68);font-family:Arial,Verdana,sans-serif;font-size:12px;font-style:normal;letter-spacing:normal;text-align:left;text-indent:0px;text-transform:none;white-space:normal;word-spacing:0px;background-color:rgb(255,255,255)\"><span lang=\"CA\">Per respondre a la pregunta.<\/span><\/b><span style=\"color:rgb(68,68,68);font-family:Arial,Verdana,sans-serif;font-size:12px;font-style:normal;font-weight:normal;letter-spacing:normal;text-align:left;text-indent:0px;text-transform:none;white-space:normal;word-spacing:0px;background-color:rgb(255,255,255)\" lang=\"CA\"><span><span> <\/span><\/span><\/span><span lang=\"CA\">Quins criteris hem de seguir per triar un llibre<\/span><span style=\"color:rgb(68,68,68);font-family:Arial,Verdana,sans-serif;font-size:12px;font-style:normal;font-weight:normal;letter-spacing:normal;text-align:left;text-indent:0px;text-transform:none;white-space:normal;word-spacing:0px;background-color:rgb(255,255,255)\" lang=\"CA\"><font size=\"2\"><span style=\"font-family:arial,sans-serif\"><span lang=\"CA\"><span lang=\"CA\"><span lang=\"CA\">?<\/p>\n<p><\/span><\/span><\/span><\/span><\/font><\/span>Una de les q\u00fcestions que m\u00e9s dubtes pot causar a un docent, a un bibliotecari&#8230;. \u00e9s la selecci\u00f3 de la lectura adequada per a cada lector i tamb\u00e9 per a cada moment lector i per a cada context i objectiu.<span style=\"color:rgb(68,68,68);font-family:Arial,Verdana,sans-serif;font-size:12px;font-style:normal;font-weight:normal;letter-spacing:normal;text-align:left;text-indent:0px;text-transform:none;white-space:normal;word-spacing:0px;background-color:rgb(255,255,255)\" lang=\"CA\"><font size=\"2\"><span style=\"font-family:arial,sans-serif\"><span lang=\"CA\"><span lang=\"CA\"><span lang=\"CA\"><br \/>\n<\/span><\/span><\/span><\/span><\/font><\/span><\/p>\n","protected":false},"excerpt":{"rendered":"<p>Data: 24\/10\/2013 Pon\u00e8ncia: Criteris a l&#8217;hora de triar o comprar un llibre Per respondre a la pregunta. Quins criteris hem de seguir per triar un llibre? Una de les q\u00fcestions que m\u00e9s dubtes pot causar a un docent, a un bibliotecari&#8230;. \u00e9s la selecci\u00f3 de la lectura adequada per a cada lector i tamb\u00e9 per [&hellip;]<\/p>\n","protected":false},"author":14,"featured_media":0,"comment_status":"closed","ping_status":"closed","sticky":false,"template":"","format":"standard","meta":{"_bbp_topic_count":0,"_bbp_reply_count":0,"_bbp_total_topic_count":0,"_bbp_total_reply_count":0,"_bbp_voice_count":0,"_bbp_anonymous_reply_count":0,"_bbp_topic_count_hidden":0,"_bbp_reply_count_hidden":0,"_bbp_forum_subforum_count":0,"site-sidebar-layout":"default","site-content-layout":"","ast-site-content-layout":"","site-content-style":"default","site-sidebar-style":"default","ast-global-header-display":"","ast-banner-title-visibility":"","ast-main-header-display":"","ast-hfb-above-header-display":"","ast-hfb-below-header-display":"","ast-hfb-mobile-header-display":"","site-post-title":"","ast-breadcrumbs-content":"","ast-featured-img":"","footer-sml-layout":"","theme-transparent-header-meta":"","adv-header-id-meta":"","stick-header-meta":"","header-above-stick-meta":"","header-main-stick-meta":"","header-below-stick-meta":"","astra-migrate-meta-layouts":"default","ast-page-background-enabled":"default","ast-page-background-meta":{"desktop":{"background-color":"var(--ast-global-color-4)","background-image":"","background-repeat":"repeat","background-position":"center center","background-size":"auto","background-attachment":"scroll","background-type":"","background-media":"","overlay-type":"","overlay-color":"","overlay-opacity":"","overlay-gradient":""},"tablet":{"background-color":"","background-image":"","background-repeat":"repeat","background-position":"center center","background-size":"auto","background-attachment":"scroll","background-type":"","background-media":"","overlay-type":"","overlay-color":"","overlay-opacity":"","overlay-gradient":""},"mobile":{"background-color":"","background-image":"","background-repeat":"repeat","background-position":"center center","background-size":"auto","background-attachment":"scroll","background-type":"","background-media":"","overlay-type":"","overlay-color":"","overlay-opacity":"","overlay-gradient":""}},"ast-content-background-meta":{"desktop":{"background-color":"var(--ast-global-color-5)","background-image":"","background-repeat":"repeat","background-position":"center center","background-size":"auto","background-attachment":"scroll","background-type":"","background-media":"","overlay-type":"","overlay-color":"","overlay-opacity":"","overlay-gradient":""},"tablet":{"background-color":"var(--ast-global-color-5)","background-image":"","background-repeat":"repeat","background-position":"center center","background-size":"auto","background-attachment":"scroll","background-type":"","background-media":"","overlay-type":"","overlay-color":"","overlay-opacity":"","overlay-gradient":""},"mobile":{"background-color":"var(--ast-global-color-5)","background-image":"","background-repeat":"repeat","background-position":"center center","background-size":"auto","background-attachment":"scroll","background-type":"","background-media":"","overlay-type":"","overlay-color":"","overlay-opacity":"","overlay-gradient":""}},"footnotes":""},"categories":[347],"tags":[],"class_list":["post-12210","post","type-post","status-publish","format-standard","hentry","category-dialoguem"],"post_mailing_queue_ids":[],"_links":{"self":[{"href":"https:\/\/serveiseducatius.xtec.cat\/altemporda\/wp-json\/wp\/v2\/posts\/12210","targetHints":{"allow":["GET"]}}],"collection":[{"href":"https:\/\/serveiseducatius.xtec.cat\/altemporda\/wp-json\/wp\/v2\/posts"}],"about":[{"href":"https:\/\/serveiseducatius.xtec.cat\/altemporda\/wp-json\/wp\/v2\/types\/post"}],"author":[{"embeddable":true,"href":"https:\/\/serveiseducatius.xtec.cat\/altemporda\/wp-json\/wp\/v2\/users\/14"}],"replies":[{"embeddable":true,"href":"https:\/\/serveiseducatius.xtec.cat\/altemporda\/wp-json\/wp\/v2\/comments?post=12210"}],"version-history":[{"count":1,"href":"https:\/\/serveiseducatius.xtec.cat\/altemporda\/wp-json\/wp\/v2\/posts\/12210\/revisions"}],"predecessor-version":[{"id":12211,"href":"https:\/\/serveiseducatius.xtec.cat\/altemporda\/wp-json\/wp\/v2\/posts\/12210\/revisions\/12211"}],"wp:attachment":[{"href":"https:\/\/serveiseducatius.xtec.cat\/altemporda\/wp-json\/wp\/v2\/media?parent=12210"}],"wp:term":[{"taxonomy":"category","embeddable":true,"href":"https:\/\/serveiseducatius.xtec.cat\/altemporda\/wp-json\/wp\/v2\/categories?post=12210"},{"taxonomy":"post_tag","embeddable":true,"href":"https:\/\/serveiseducatius.xtec.cat\/altemporda\/wp-json\/wp\/v2\/tags?post=12210"}],"curies":[{"name":"wp","href":"https:\/\/api.w.org\/{rel}","templated":true}]}}