{"id":11559,"date":"2020-10-21T19:09:35","date_gmt":"2020-10-21T17:09:35","guid":{"rendered":"http:\/\/serveiseducatius.xtec.cat\/altemporda\/?p=11559"},"modified":"2022-02-18T21:46:06","modified_gmt":"2022-02-18T20:46:06","slug":"dinamitzacio-de-clubs-de-lectura-dobres-prescriptives-de-literatura-catalana-al-batxillerat","status":"publish","type":"post","link":"https:\/\/serveiseducatius.xtec.cat\/altemporda\/portada\/dinamitzacio-de-clubs-de-lectura-dobres-prescriptives-de-literatura-catalana-al-batxillerat\/","title":{"rendered":"Clubs de lectura d\u2019obres prescriptives de literatura catalana al batxillerat"},"content":{"rendered":"<p style=\"font-weight: 400;\"><a href=\"https:\/\/serveiseducatius.xtec.cat\/altemporda\/wp-content\/uploads\/usu1156\/2020\/10\/espaisescrits.png\"><img loading=\"lazy\" decoding=\"async\" class=\"size-full wp-image-11560 alignleft\" src=\"https:\/\/serveiseducatius.xtec.cat\/altemporda\/wp-content\/uploads\/usu1156\/2020\/10\/espaisescrits.png\" alt=\"\" width=\"377\" height=\"134\" srcset=\"https:\/\/serveiseducatius.xtec.cat\/altemporda\/wp-content\/uploads\/usu1156\/2020\/10\/espaisescrits.png 377w, https:\/\/serveiseducatius.xtec.cat\/altemporda\/wp-content\/uploads\/usu1156\/2020\/10\/espaisescrits-300x107.png 300w\" sizes=\"auto, (max-width: 377px) 100vw, 377px\" \/><\/a>Al llarg d\u2019aquest primer trimestre del curs 2020-2021, gr\u00e0cies a un acord entre el Departament d\u2019Educaci\u00f3 i l\u2019entitat\u00a0Espais\u00a0Escrits, s\u2019han organitzat una s\u00e8rie de jornades formatives, independents entre elles,\u00a0al voltant de la dinamitzaci\u00f3 de clubs de lectura d\u2019obres prescriptives de literatura catalana al batxillerat i d\u2019autors catalans patrimonials que s\u00f3n objecte d\u2019una commemoraci\u00f3 l\u2019any 2020.<\/p>\n<p style=\"font-weight: 400;\">L\u2019objectiu principal \u00e9s promoure la compet\u00e8ncia\u00a0liter\u00e0ria\u00a0acostant aquests autors i aquestes lectures al professorat que imparteix la mat\u00e8ria de literatura a l\u2019ESO i al batxillerat, aix\u00ed com donar-los eines i recursos per treballar-los a l\u2019aula.<\/p>\n<p style=\"font-weight: 400;\">Aquestes formacions es faran \u00edntegrament de manera telem\u00e0tica a trav\u00e9s de la plataforma ODISSEA i tindran un reconeixement de 5 hores de formaci\u00f3. L\u2019estructura ser\u00e0 la seg\u00fcent:<\/p>\n<p style=\"font-weight: 400;\">En primer lloc hi haur\u00e0 una trobada\u00a0sincr\u00f2nica que tindr\u00e0 lloc exclusivament en una data i hora determinades i els participants hauran de connectar-s\u2019hi (un dijous o un divendres de 19 a 21h, o b\u00e9 un dissabte al mat\u00ed de 9 a 11h).<\/p>\n<p style=\"font-weight: 400;\">A m\u00e9s a m\u00e9s, els participants tindran acc\u00e9s a materials did\u00e0ctics espec\u00edfics de cada formaci\u00f3: un enregistrament visual de l\u2019Espectacle\u00a0<em>Espais\u00a0Enll\u00e0\u00a0<\/em>i les propostes did\u00e0ctiques del Mapa\u00a0Literari\u00a0Catal\u00e0, un enregistrament audiovisual d\u2019una ruta\u00a0liter\u00e0ria\u00a0o b\u00e9 una visita a un centre determinat que tingui una especial rellev\u00e0ncia amb la biografia i l\u2019obra de l\u2019autor o autora que es treballa, un dossier o una seq\u00fc\u00e8ncia did\u00e0ctica sobre una obra concreta d\u2019un dels autors o obres que es proposen, etc.<\/p>\n<p style=\"font-weight: 400;\">Finalment, es demanar\u00e0 que els participants, per tal de justificar les 5 hores formatives de qu\u00e8 consta cadascuna de les sessions, realitzin unes petites tasques a prop\u00f2sit dels materials did\u00e0ctics que cada activitat t\u00e9 associats.<\/p>\n<p style=\"font-weight: 400;\">En el cas de les dinamitzacions de lectures prescriptives al batxillerat, la sessi\u00f3 es desenvolupar\u00e0 tot conduint un club de lectura, per tant, ser\u00e0 requisit indispensable haver llegit l\u2019obra pr\u00e8viament.<\/p>\n<p style=\"font-weight: 400;\">Es tracta d\u2019activitats reconegudes pel Departament d&#8217;Educaci\u00f3 amb 5 hores de formaci\u00f3. Les\u00a0<a href=\"http:\/\/xtec.gencat.cat\/ca\/formacio\/formaciogeneralprofessorat\/curriculum-competencies-avaluacio\/competencia_literaria\/\" data-saferedirecturl=\"https:\/\/www.google.com\/url?q=http:\/\/xtec.gencat.cat\/ca\/formacio\/formaciogeneralprofessorat\/curriculum-competencies-avaluacio\/competencia_literaria\/&amp;source=gmail&amp;ust=1603385209995000&amp;usg=AFQjCNE6GWJBs74P_JFzXUWl3HtD7Scx7A\">inscripcions\u00a0<\/a>es poden fer a trav\u00e9s de la p\u00e0gina de formaci\u00f3 de l&#8217;xtec. S\u00f3n les seg\u00fcents:<\/p>\n<p style=\"font-weight: 400;\"><strong>\u00a0<\/strong><strong>ACTIVITATS FORMATIVES\u00a0ESPAIS\u00a0ESCRITS CURS 2020-2021 (primer trimestre)\u00a0<\/strong><\/p>\n<p style=\"font-weight: 400;\"><strong>Activitats Formatives per fer con\u00e8ixer Autors Patrimonials 2020-2021 (COMMEMORACIONS)\u00a0<\/strong><\/p>\n<table style=\"font-weight: 400;\" width=\"589\">\n<tbody>\n<tr>\n<td width=\"26\"><\/td>\n<td width=\"147\">DATA<\/td>\n<td width=\"134\">CODI ACTIVITAT<\/td>\n<td width=\"282\">ACTIVITAT<\/td>\n<\/tr>\n<tr>\n<td width=\"26\">1<\/td>\n<td width=\"147\">24 octubre<\/p>\n<p>dissabte 9 a 11<\/td>\n<td width=\"134\">9000320555<\/td>\n<td width=\"282\">Joan Perucho al Mapa\u00a0Literari\u00a0Catal\u00e0. El mapa\u00a0literari\u00a0com a recurs educatiu<\/td>\n<\/tr>\n<tr>\n<td width=\"26\">2<\/td>\n<td width=\"147\">14 novembre<\/p>\n<p>dissabte 9 a 11<\/td>\n<td width=\"134\">9000330555<\/td>\n<td width=\"282\">Josep Carner al Mapa\u00a0Literari\u00a0Catal\u00e0. El mapa\u00a0literari\u00a0com a recurs educatiu<\/td>\n<\/tr>\n<\/tbody>\n<\/table>\n<p style=\"font-weight: 400;\"><strong>\u00a0<\/strong><\/p>\n<p style=\"font-weight: 400;\"><strong>Dinamitzacions de Clubs de Lectures Prescriptives al Batxillerat 2020-2021\u00a0<\/strong><\/p>\n<table style=\"font-weight: 400;\" width=\"591\">\n<tbody>\n<tr>\n<td width=\"23\"><\/td>\n<td width=\"189\">DATA<\/td>\n<td width=\"109\">CODI ACTIVITAT<\/td>\n<td width=\"270\">OBRA\u00a0\u00a0I AUTOR<\/td>\n<\/tr>\n<tr>\n<td width=\"23\">1<\/td>\n<td width=\"189\">29 octubre de 19 a 21 h<\/p>\n<p>dijous<\/td>\n<td width=\"109\">9000480555<\/td>\n<td width=\"270\"><em>Feli\u00e7ment, jo soc una dona\u00a0<\/em>de Maria Aur\u00e8lia Capmany<em>\u00a0<\/em><\/td>\n<\/tr>\n<tr>\n<td width=\"23\">2<\/td>\n<td width=\"189\">30 d&#8217;octubre de 19 a 21h divendres<\/td>\n<td width=\"109\">9000440555<\/td>\n<td width=\"270\"><em>Visions &amp; Cants\u00a0<\/em>de Joan Maragall<\/p>\n<p><em>\u00a0<\/em><\/td>\n<\/tr>\n<tr>\n<td width=\"23\">3<\/td>\n<td width=\"189\">20 de novembre de 19 a 21h<\/p>\n<p>divendres<\/td>\n<td width=\"109\">9000490555<\/td>\n<td width=\"270\"><em>Bruixa de dol, de Maria-Merc\u00e8 Mar\u00e7al\u00a0\u00a0<\/em><\/td>\n<\/tr>\n<tr>\n<td width=\"23\">4<\/td>\n<td width=\"189\">21 novembre 9 a 11h<\/p>\n<p>dissabte<\/td>\n<td width=\"109\">9000450555<\/td>\n<td width=\"270\"><em>Ant\u00edgona,<\/em>\u00a0de Salvador Espriu<em>\u00a0<\/em><\/td>\n<\/tr>\n<tr>\n<td width=\"23\">5<\/td>\n<td width=\"189\">26 de novembre<\/p>\n<p>dijous 19 a 21h<\/td>\n<td width=\"109\">9000430555<\/td>\n<td width=\"270\"><em>La pla\u00e7a del Diamant<\/em>, de Merc\u00e8 Rodoreda<\/td>\n<\/tr>\n<tr>\n<td width=\"23\">6<\/td>\n<td width=\"189\">27 novembre de 19 a 21h<\/p>\n<p>dijous<\/td>\n<td width=\"109\">9000310555<\/td>\n<td width=\"270\"><em>El cor quiet,\u00a0<\/em>Josep Carner<\/td>\n<\/tr>\n<tr>\n<td width=\"23\">7<\/td>\n<td width=\"189\">3 de desembre de 19 a 21h<\/p>\n<p>dijous<\/td>\n<td width=\"109\">9000470555<\/td>\n<td width=\"270\"><em>Narracions,\u00a0<\/em>de Salvador Espriu<em>\u00a0<\/em><\/td>\n<\/tr>\n<tr>\n<td width=\"23\">8<\/td>\n<td width=\"189\">17 de desembre 19 a 21 dijous<\/td>\n<td width=\"109\">9000420555<\/td>\n<td width=\"270\"><em>Aig\u00fces encantades<\/em>\u00a0de Joan Puig i Ferreter<\/p>\n<p>&nbsp;<\/td>\n<\/tr>\n<\/tbody>\n<\/table>\n","protected":false},"excerpt":{"rendered":"<p>Al llarg d\u2019aquest primer trimestre del curs 2020-2021, s\u2019han organitzat una s\u00e8rie de jornades formatives<\/p>\n","protected":false},"author":71,"featured_media":11563,"comment_status":"closed","ping_status":"closed","sticky":false,"template":"","format":"standard","meta":{"_bbp_topic_count":0,"_bbp_reply_count":0,"_bbp_total_topic_count":0,"_bbp_total_reply_count":0,"_bbp_voice_count":0,"_bbp_anonymous_reply_count":0,"_bbp_topic_count_hidden":0,"_bbp_reply_count_hidden":0,"_bbp_forum_subforum_count":0,"site-sidebar-layout":"default","site-content-layout":"","ast-site-content-layout":"","site-content-style":"default","site-sidebar-style":"default","ast-global-header-display":"","ast-banner-title-visibility":"","ast-main-header-display":"","ast-hfb-above-header-display":"","ast-hfb-below-header-display":"","ast-hfb-mobile-header-display":"","site-post-title":"","ast-breadcrumbs-content":"","ast-featured-img":"","footer-sml-layout":"","theme-transparent-header-meta":"","adv-header-id-meta":"","stick-header-meta":"","header-above-stick-meta":"","header-main-stick-meta":"","header-below-stick-meta":"","astra-migrate-meta-layouts":"default","ast-page-background-enabled":"default","ast-page-background-meta":{"desktop":{"background-color":"var(--ast-global-color-4)","background-image":"","background-repeat":"repeat","background-position":"center center","background-size":"auto","background-attachment":"scroll","background-type":"","background-media":"","overlay-type":"","overlay-color":"","overlay-opacity":"","overlay-gradient":""},"tablet":{"background-color":"","background-image":"","background-repeat":"repeat","background-position":"center center","background-size":"auto","background-attachment":"scroll","background-type":"","background-media":"","overlay-type":"","overlay-color":"","overlay-opacity":"","overlay-gradient":""},"mobile":{"background-color":"","background-image":"","background-repeat":"repeat","background-position":"center center","background-size":"auto","background-attachment":"scroll","background-type":"","background-media":"","overlay-type":"","overlay-color":"","overlay-opacity":"","overlay-gradient":""}},"ast-content-background-meta":{"desktop":{"background-color":"var(--ast-global-color-5)","background-image":"","background-repeat":"repeat","background-position":"center center","background-size":"auto","background-attachment":"scroll","background-type":"","background-media":"","overlay-type":"","overlay-color":"","overlay-opacity":"","overlay-gradient":""},"tablet":{"background-color":"var(--ast-global-color-5)","background-image":"","background-repeat":"repeat","background-position":"center center","background-size":"auto","background-attachment":"scroll","background-type":"","background-media":"","overlay-type":"","overlay-color":"","overlay-opacity":"","overlay-gradient":""},"mobile":{"background-color":"var(--ast-global-color-5)","background-image":"","background-repeat":"repeat","background-position":"center center","background-size":"auto","background-attachment":"scroll","background-type":"","background-media":"","overlay-type":"","overlay-color":"","overlay-opacity":"","overlay-gradient":""}},"footnotes":""},"categories":[81,305,65,464,29],"tags":[],"class_list":["post-11559","post","type-post","status-publish","format-standard","has-post-thumbnail","hentry","category-biblioteca-escolar","category-coses-del-curriculum","category-crp","category-clubs-de-lectura","category-portada"],"post_mailing_queue_ids":[],"_links":{"self":[{"href":"https:\/\/serveiseducatius.xtec.cat\/altemporda\/wp-json\/wp\/v2\/posts\/11559","targetHints":{"allow":["GET"]}}],"collection":[{"href":"https:\/\/serveiseducatius.xtec.cat\/altemporda\/wp-json\/wp\/v2\/posts"}],"about":[{"href":"https:\/\/serveiseducatius.xtec.cat\/altemporda\/wp-json\/wp\/v2\/types\/post"}],"author":[{"embeddable":true,"href":"https:\/\/serveiseducatius.xtec.cat\/altemporda\/wp-json\/wp\/v2\/users\/71"}],"replies":[{"embeddable":true,"href":"https:\/\/serveiseducatius.xtec.cat\/altemporda\/wp-json\/wp\/v2\/comments?post=11559"}],"version-history":[{"count":3,"href":"https:\/\/serveiseducatius.xtec.cat\/altemporda\/wp-json\/wp\/v2\/posts\/11559\/revisions"}],"predecessor-version":[{"id":11577,"href":"https:\/\/serveiseducatius.xtec.cat\/altemporda\/wp-json\/wp\/v2\/posts\/11559\/revisions\/11577"}],"wp:featuredmedia":[{"embeddable":true,"href":"https:\/\/serveiseducatius.xtec.cat\/altemporda\/wp-json\/wp\/v2\/media\/11563"}],"wp:attachment":[{"href":"https:\/\/serveiseducatius.xtec.cat\/altemporda\/wp-json\/wp\/v2\/media?parent=11559"}],"wp:term":[{"taxonomy":"category","embeddable":true,"href":"https:\/\/serveiseducatius.xtec.cat\/altemporda\/wp-json\/wp\/v2\/categories?post=11559"},{"taxonomy":"post_tag","embeddable":true,"href":"https:\/\/serveiseducatius.xtec.cat\/altemporda\/wp-json\/wp\/v2\/tags?post=11559"}],"curies":[{"name":"wp","href":"https:\/\/api.w.org\/{rel}","templated":true}]}}