{"id":11358,"date":"2021-02-15T17:00:11","date_gmt":"2021-02-15T16:00:11","guid":{"rendered":"http:\/\/serveiseducatius.xtec.cat\/altemporda\/?p=11358"},"modified":"2022-01-20T00:25:24","modified_gmt":"2022-01-19T23:25:24","slug":"dimecres-conferencia-oberta-%c2%a8la-provencio-deines-emocionals-en-lentorn-educatiu-pri","status":"publish","type":"post","link":"https:\/\/serveiseducatius.xtec.cat\/altemporda\/general\/dimecres-conferencia-oberta-%c2%a8la-provencio-deines-emocionals-en-lentorn-educatiu-pri\/","title":{"rendered":"Confer\u00e8ncia oberta  \u00a8La -provenci\u00f3- d&#8217;eines emocionals en l&#8217;entorn educatiu&#8221; PRI"},"content":{"rendered":"<header class=\"entry-header\">\n<div class=\"edit-link\"><a style=\"font-family: inherit; font-size: 1em;\" href=\"https:\/\/serveiseducatius.xtec.cat\/altemporda\/wp-content\/uploads\/usu1156\/2020\/09\/MA.png\"><img loading=\"lazy\" decoding=\"async\" class=\"size-full wp-image-11367 alignleft\" src=\"https:\/\/serveiseducatius.xtec.cat\/altemporda\/wp-content\/uploads\/usu1156\/2020\/09\/MA.png\" alt=\"\" width=\"309\" height=\"339\" srcset=\"https:\/\/serveiseducatius.xtec.cat\/altemporda\/wp-content\/uploads\/usu1156\/2020\/09\/MA.png 309w, https:\/\/serveiseducatius.xtec.cat\/altemporda\/wp-content\/uploads\/usu1156\/2020\/09\/MA-273x300.png 273w\" sizes=\"auto, (max-width: 309px) 100vw, 309px\" \/><\/a><\/div>\n<\/header>\n<div class=\"entry-content\">\n<p><strong>Dimecres<\/strong>,<b> 30 de setembre a les 17.30 h<\/b> tindr\u00e0 lloc la confer\u00e8ncia <em>La -provenci\u00f3- d&#8217;eines emocionals en l&#8217;entorn educatiu<\/em> a c\u00e0rrec de Maria Ant\u00f2nia Barcel\u00f3. Aquesta confer\u00e8ncia va adre\u00e7ada als docents de prim\u00e0ria que tenen inquietud per treballar l&#8217;educaci\u00f3 emocional a l&#8217;aula.<\/p>\n<p>S&#8217;han realitzat un seguit de confer\u00e8ncies dirigides als centres d&#8217;una l\u00ednia i aquesta darrera estar\u00e0 oberta a la resta de centres.<\/p>\n<p><strong>Maria Ant\u00f2nia Barcel\u00f3.<\/strong>\u00a0Em considero una enamorada de la vida i gaudeixo amb tot all\u00f2 que faig. M\u2019il\u00b7lusiono amb molta facilitat i procuro aprendre de tothom i amb tothom.<br \/>\nGaudeixo i funciono millor treballant en equip. Compartir sempre suma! Orgullosa de ser mestra i encara m\u00e9s orgullosa de ser mare, aquestes s\u00f3n les meves dues grans passions.<\/p>\n<p>La paraula \u201cprovenci\u00f3\u201d ve dels moviments per a la Pau, i ve a significar \u201cproveir-nos\u201d que no \u00e9s exactament el mateix que \u201cprevenir\u201d per\u00f2 que pot ser complementari. Amb aquest mot el que pretenc \u00e9s donar idees per ajudar als i les alumnes a desenvolupar les habilitats que els permetran sentir-se m\u00e9s segurs d\u2019ells mateixos i en la relaci\u00f3 amb els altres i en el m\u00f3n.<\/p>\n<p>Ara m\u00e9s que mai, l\u2019escola ha de poder oferir l\u2019oportunitat per desenvolupar les eines emocionals i les habilitats imprescindibles per un present i un futur en el qual la resili\u00e8ncia \u00e9s fonamental per adaptar-se als canvis i viure amb major benestar emocional i social.<br \/>\nEn aquesta trobada es pret\u00e9n compartir idees i eines d\u2019aplicaci\u00f3 pr\u00e0ctica a l\u2019aula que ajudin als docents a construir un curs en el qual l\u2019educaci\u00f3 emocional ser\u00e0 la base sobre la que haurem de construir tota la resta d\u2019aprenentatges. Una educaci\u00f3 emocional, constru\u00efda des del vincle, que haur\u00e0 de contemplar una perspectiva de desenvolupament personal, interpersonal i social per situar a l\u2019infant en una actitud de col\u00b7laboraci\u00f3 proactiva envers ell mateix i l\u2019entorn.<\/p>\n<p><strong>NO CAL INSCRIPCI\u00d3, OMPLIU EL REGISTRE D&#8217;ASSIST\u00c8NCIA QUE ESTAR\u00c0 OBERT DURANT LA CONFER\u00c8NCIA<\/strong><\/p>\n<p><strong>ENLLA\u00c7:<\/strong>\u00a0<a href=\"https:\/\/meet.google.com\/ikz-cpgz-cnx\">https:\/\/meet.google.com\/ikz-cpgz-cnx<\/a><\/p>\n<p><a href=\"https:\/\/docs.google.com\/forms\/d\/e\/1FAIpQLScfrFJHPUd7nQFcIXpgZaL30diCvOo2DGQryAWrVDd9W8JxNg\/viewform\" target=\"_blank\" rel=\"noopener noreferrer\">REGISTRE D\u2019ASSIST\u00c8NCIA<\/a><\/p>\n<p><a href=\"https:\/\/serveiseducatius.xtec.cat\/altemporda\/wp-content\/uploads\/usu1156\/2020\/09\/M-Ant\u00f2nia-target\u00f3-1.png\"><img loading=\"lazy\" decoding=\"async\" class=\"size-full wp-image-11368 aligncenter\" src=\"https:\/\/serveiseducatius.xtec.cat\/altemporda\/wp-content\/uploads\/usu1156\/2020\/09\/M-Ant\u00f2nia-target\u00f3-1.png\" alt=\"\" width=\"930\" height=\"422\" srcset=\"https:\/\/serveiseducatius.xtec.cat\/altemporda\/wp-content\/uploads\/usu1156\/2020\/09\/M-Ant\u00f2nia-target\u00f3-1.png 930w, https:\/\/serveiseducatius.xtec.cat\/altemporda\/wp-content\/uploads\/usu1156\/2020\/09\/M-Ant\u00f2nia-target\u00f3-1-300x136.png 300w, https:\/\/serveiseducatius.xtec.cat\/altemporda\/wp-content\/uploads\/usu1156\/2020\/09\/M-Ant\u00f2nia-target\u00f3-1-768x348.png 768w\" sizes=\"auto, (max-width: 930px) 100vw, 930px\" \/><\/a><\/p>\n<p><strong>MATERIALS<\/strong><\/p>\n<p><a href=\"https:\/\/drive.google.com\/file\/d\/1PNz_WknT-f1eHuM7KAViaSoVj1G5CqGi\/view?usp=sharing\" target=\"_blank\" rel=\"noopener noreferrer\">\u00a0 <\/a><a href=\"https:\/\/drive.google.com\/file\/d\/1PNz_WknT-f1eHuM7KAViaSoVj1G5CqGi\/preview?usp=sharing\" target=\"_blank\" rel=\"noopener noreferrer\"><img loading=\"lazy\" decoding=\"async\" class=\"alignnone wp-image-11406\" src=\"https:\/\/serveiseducatius.xtec.cat\/altemporda\/wp-content\/uploads\/usu1156\/2020\/09\/PPT-Provenci\u00f3-eines-emocionals-300x168.png\" alt=\"\" width=\"263\" height=\"148\" srcset=\"https:\/\/serveiseducatius.xtec.cat\/altemporda\/wp-content\/uploads\/usu1156\/2020\/09\/PPT-Provenci\u00f3-eines-emocionals-300x168.png 300w, https:\/\/serveiseducatius.xtec.cat\/altemporda\/wp-content\/uploads\/usu1156\/2020\/09\/PPT-Provenci\u00f3-eines-emocionals-768x431.png 768w, https:\/\/serveiseducatius.xtec.cat\/altemporda\/wp-content\/uploads\/usu1156\/2020\/09\/PPT-Provenci\u00f3-eines-emocionals-1024x575.png 1024w, https:\/\/serveiseducatius.xtec.cat\/altemporda\/wp-content\/uploads\/usu1156\/2020\/09\/PPT-Provenci\u00f3-eines-emocionals.png 1087w\" sizes=\"auto, (max-width: 263px) 100vw, 263px\" \/><\/a><a href=\"https:\/\/serveiseducatius.xtec.cat\/altemporda\/wp-content\/uploads\/usu1156\/2020\/09\/Mirades-7.png\">\u00a0<\/a> <a href=\"https:\/\/drive.google.com\/file\/d\/1Es__UTaJA_0cI8ksQTF5dVsznKsgNOme\/preview?usp=sharing\" target=\"_blank\" rel=\"noopener noreferrer\"><img loading=\"lazy\" decoding=\"async\" class=\"alignnone wp-image-11416 size-full\" src=\"https:\/\/serveiseducatius.xtec.cat\/altemporda\/wp-content\/uploads\/usu1156\/2020\/09\/diari-personal-5.jpg\" alt=\"\" width=\"263\" height=\"147\" \/><\/a><a href=\"https:\/\/drive.google.com\/file\/d\/1CjmNh2vqwISi_YGZnARG4I7D7MA7XaPK\/preview?usp=sharing\" target=\"_blank\" rel=\"noopener noreferrer\"><img loading=\"lazy\" decoding=\"async\" class=\"alignnone wp-image-11417 size-full\" src=\"https:\/\/serveiseducatius.xtec.cat\/altemporda\/wp-content\/uploads\/usu1156\/2020\/09\/Mirades-5-1.png\" alt=\"\" width=\"263\" height=\"147\" \/><\/a><\/p>\n<ul>\n<li>Article <a href=\"https:\/\/drive.google.com\/file\/d\/1WPD7SEfBbDySz-uczRu8rjsHQ6JRfVVo\/view?usp=sharing\" target=\"_blank\" rel=\"noopener noreferrer\">El projecte Mirades. Revista Perspectiva escolar<\/a><\/li>\n<\/ul>\n<\/div>\n","protected":false},"excerpt":{"rendered":"<p>Dimecres, 30 de setembre a les 17.30 h tindr\u00e0 lloc la confer\u00e8ncia La -provenci\u00f3- d&#8217;eines emocionals en l&#8217;entorn educatiu a c\u00e0rrec de Maria Ant\u00f2nia Barcel\u00f3. <\/p>\n","protected":false},"author":71,"featured_media":11367,"comment_status":"closed","ping_status":"closed","sticky":false,"template":"","format":"standard","meta":{"_bbp_topic_count":0,"_bbp_reply_count":0,"_bbp_total_topic_count":0,"_bbp_total_reply_count":0,"_bbp_voice_count":0,"_bbp_anonymous_reply_count":0,"_bbp_topic_count_hidden":0,"_bbp_reply_count_hidden":0,"_bbp_forum_subforum_count":0,"site-sidebar-layout":"default","site-content-layout":"","ast-site-content-layout":"","site-content-style":"default","site-sidebar-style":"default","ast-global-header-display":"","ast-banner-title-visibility":"","ast-main-header-display":"","ast-hfb-above-header-display":"","ast-hfb-below-header-display":"","ast-hfb-mobile-header-display":"","site-post-title":"","ast-breadcrumbs-content":"","ast-featured-img":"","footer-sml-layout":"","theme-transparent-header-meta":"","adv-header-id-meta":"","stick-header-meta":"","header-above-stick-meta":"","header-main-stick-meta":"","header-below-stick-meta":"","astra-migrate-meta-layouts":"default","ast-page-background-enabled":"default","ast-page-background-meta":{"desktop":{"background-color":"var(--ast-global-color-4)","background-image":"","background-repeat":"repeat","background-position":"center center","background-size":"auto","background-attachment":"scroll","background-type":"","background-media":"","overlay-type":"","overlay-color":"","overlay-opacity":"","overlay-gradient":""},"tablet":{"background-color":"","background-image":"","background-repeat":"repeat","background-position":"center center","background-size":"auto","background-attachment":"scroll","background-type":"","background-media":"","overlay-type":"","overlay-color":"","overlay-opacity":"","overlay-gradient":""},"mobile":{"background-color":"","background-image":"","background-repeat":"repeat","background-position":"center center","background-size":"auto","background-attachment":"scroll","background-type":"","background-media":"","overlay-type":"","overlay-color":"","overlay-opacity":"","overlay-gradient":""}},"ast-content-background-meta":{"desktop":{"background-color":"var(--ast-global-color-5)","background-image":"","background-repeat":"repeat","background-position":"center center","background-size":"auto","background-attachment":"scroll","background-type":"","background-media":"","overlay-type":"","overlay-color":"","overlay-opacity":"","overlay-gradient":""},"tablet":{"background-color":"var(--ast-global-color-5)","background-image":"","background-repeat":"repeat","background-position":"center center","background-size":"auto","background-attachment":"scroll","background-type":"","background-media":"","overlay-type":"","overlay-color":"","overlay-opacity":"","overlay-gradient":""},"mobile":{"background-color":"var(--ast-global-color-5)","background-image":"","background-repeat":"repeat","background-position":"center center","background-size":"auto","background-attachment":"scroll","background-type":"","background-media":"","overlay-type":"","overlay-color":"","overlay-opacity":"","overlay-gradient":""}},"footnotes":""},"categories":[347,1,29],"tags":[326,172],"class_list":["post-11358","post","type-post","status-publish","format-standard","has-post-thumbnail","hentry","category-dialoguem","category-general","category-portada","tag-conferencia","tag-educacio-primaria"],"post_mailing_queue_ids":[],"_links":{"self":[{"href":"https:\/\/serveiseducatius.xtec.cat\/altemporda\/wp-json\/wp\/v2\/posts\/11358","targetHints":{"allow":["GET"]}}],"collection":[{"href":"https:\/\/serveiseducatius.xtec.cat\/altemporda\/wp-json\/wp\/v2\/posts"}],"about":[{"href":"https:\/\/serveiseducatius.xtec.cat\/altemporda\/wp-json\/wp\/v2\/types\/post"}],"author":[{"embeddable":true,"href":"https:\/\/serveiseducatius.xtec.cat\/altemporda\/wp-json\/wp\/v2\/users\/71"}],"replies":[{"embeddable":true,"href":"https:\/\/serveiseducatius.xtec.cat\/altemporda\/wp-json\/wp\/v2\/comments?post=11358"}],"version-history":[{"count":4,"href":"https:\/\/serveiseducatius.xtec.cat\/altemporda\/wp-json\/wp\/v2\/posts\/11358\/revisions"}],"predecessor-version":[{"id":13146,"href":"https:\/\/serveiseducatius.xtec.cat\/altemporda\/wp-json\/wp\/v2\/posts\/11358\/revisions\/13146"}],"wp:featuredmedia":[{"embeddable":true,"href":"https:\/\/serveiseducatius.xtec.cat\/altemporda\/wp-json\/wp\/v2\/media\/11367"}],"wp:attachment":[{"href":"https:\/\/serveiseducatius.xtec.cat\/altemporda\/wp-json\/wp\/v2\/media?parent=11358"}],"wp:term":[{"taxonomy":"category","embeddable":true,"href":"https:\/\/serveiseducatius.xtec.cat\/altemporda\/wp-json\/wp\/v2\/categories?post=11358"},{"taxonomy":"post_tag","embeddable":true,"href":"https:\/\/serveiseducatius.xtec.cat\/altemporda\/wp-json\/wp\/v2\/tags?post=11358"}],"curies":[{"name":"wp","href":"https:\/\/api.w.org\/{rel}","templated":true}]}}