{"id":10923,"date":"2020-05-25T10:33:41","date_gmt":"2020-05-25T08:33:41","guid":{"rendered":"http:\/\/serveiseducatius.xtec.cat\/altemporda\/?p=10923"},"modified":"2020-06-01T10:54:33","modified_gmt":"2020-06-01T08:54:33","slug":"capses-despai-presentacio-per-vc","status":"publish","type":"post","link":"https:\/\/serveiseducatius.xtec.cat\/altemporda\/portada\/capses-despai-presentacio-per-vc\/","title":{"rendered":"Capses d\u2019Espai | Presentaci\u00f3 per VC"},"content":{"rendered":"<p style=\"font-weight: 400;\">\u00a0Videoconfer\u00e8ncia de presentaci\u00f3 de la Capsa d&#8217;espai a:\u00a0<a href=\"https:\/\/www.youtube.com\/channel\/UCr1QWhZwVGwll5KzxcFfubQ\" data-saferedirecturl=\"https:\/\/www.google.com\/url?q=https:\/\/www.youtube.com\/channel\/UCr1QWhZwVGwll5KzxcFfubQ&amp;source=gmail&amp;ust=1591080468300000&amp;usg=AFQjCNEs-JQlPEvnOijzoll5wzbbpe3WgA\">Canal de l&#8217;\u00c0mbit cient\u00edfic i medi<\/a> <a href=\"https:\/\/www.youtube.com\/user\/cesirecat\" data-saferedirecturl=\"https:\/\/www.google.com\/url?q=https:\/\/www.youtube.com\/user\/cesirecat&amp;source=gmail&amp;ust=1591080468300000&amp;usg=AFQjCNH0RHGx93iScVbBwtk2TdEewpUgTg\">Canal del CESIRE<\/a><\/p>\n<p style=\"font-weight: 400;\">Podreu consultar els materials de la proposta did\u00e0ctica que acompanya a la Capsa d&#8217;espai a<\/p>\n<p style=\"font-weight: 400;\"><a href=\"https:\/\/agora.xtec.cat\/cesire\/ambit-cientific-i-medi\/recursos-per-a-laula_cm\/recursos-generals\/\" data-saferedirecturl=\"https:\/\/www.google.com\/url?q=https:\/\/agora.xtec.cat\/cesire\/ambit-cientific-i-medi\/recursos-per-a-laula_cm\/recursos-generals\/&amp;source=gmail&amp;ust=1591080468300000&amp;usg=AFQjCNHJd6GRVOd-dRl0zaSKb33RnGXkTQ\">https:\/\/agora.xtec.cat\/cesire\/ambit-cientific-i-medi\/recursos-per-a-laula_cm\/recursos-generals\/<\/a><\/p>\n<p style=\"font-weight: 400;\">Els CRPs que tindran en servei de pr\u00e9stec la maleta, a partir de setembre, s\u00f3n:<\/p>\n<p style=\"font-weight: 400;\">CRP d&#8217;Osona, de Castelldefels, <strong>de l&#8217;Alt Empord\u00e0<\/strong>, del Vall\u00e8s Occidental II, Alt Pened\u00e9s i al CESIRE.<\/p>\n<p><a href=\"https:\/\/drive.google.com\/file\/d\/1Es23FTQ8p-bLBXOGLVUFU2ZNKHrMrPeX\/view\" target=\"_blank\" rel=\"noopener noreferrer\"><img loading=\"lazy\" decoding=\"async\" class=\"alignnone wp-image-10924 size-full\" src=\"https:\/\/serveiseducatius.xtec.cat\/altemporda\/wp-content\/uploads\/usu1156\/2020\/05\/capses.jpg\" alt=\"\" width=\"804\" height=\"590\" srcset=\"https:\/\/serveiseducatius.xtec.cat\/altemporda\/wp-content\/uploads\/usu1156\/2020\/05\/capses.jpg 804w, https:\/\/serveiseducatius.xtec.cat\/altemporda\/wp-content\/uploads\/usu1156\/2020\/05\/capses-300x220.jpg 300w, https:\/\/serveiseducatius.xtec.cat\/altemporda\/wp-content\/uploads\/usu1156\/2020\/05\/capses-768x564.jpg 768w\" sizes=\"auto, (max-width: 804px) 100vw, 804px\" \/><\/a><\/p>\n<div>\n<div><span style=\"font-family: arial, sans-serif;\">Al CRP Alt Empord\u00e0,\u00a0 a partir del curs vinent, estar\u00e0 en servei de pr\u00e9stec el material &#8220;<b>Capsa d&#8217;Espai&#8221;<\/b> per treballar les ci\u00e8ncies de l&#8217;Espai a <b>prim\u00e0ria i els primers cursos de secund\u00e0ria<\/b>. <\/span><\/div>\n<div><span style=\"font-family: arial, sans-serif;\">Aquest material ve associat a una sessi\u00f3 de presentaci\u00f3: <\/span><\/div>\n<div><b><span style=\"font-family: arial, sans-serif;\">V<\/span>ideoconfer\u00e8ncia que es far\u00e0 el dia 27 de maig a les 17 h. des del canal de youtube de<\/b>\u00a0<a href=\"https:\/\/www.youtube.com\/channel\/UCr1QWhZwVGwll5KzxcFfubQ\" target=\"_blank\" rel=\"noopener noreferrer\" data-saferedirecturl=\"https:\/\/www.google.com\/url?q=https:\/\/www.youtube.com\/channel\/UCr1QWhZwVGwll5KzxcFfubQ&amp;source=gmail&amp;ust=1590476617374000&amp;usg=AFQjCNFVb0hHxob9RCQ7de-niVw4dextDQ\">l&#8217;\u00e0mbit cient\u00edfic i medi del CESIRE<\/a>.<\/div>\n<\/div>\n<p>Us animem a participar-hi.<\/p>\n<hr \/>\n<p>La proposta did\u00e0ctica estar\u00e0 penjada al web del\u00a0<a href=\"https:\/\/agora.xtec.cat\/cesire\/categoria\/ambits\/ciencies\/\" target=\"_blank\" rel=\"noopener noreferrer\">CESIRE<\/a>\u00a0a partir de dilluns 25 (a mig mat\u00ed)<\/p>\n<p>A partir de materials manipulatius, es presenten conceptes que s\u00f3n dif\u00edcils d\u2019observar directament i complexes per entendre a partir d\u2019imatges. Es treballa a partir del moviment de l\u2019alumne, de materials grans i de models a escala. Les ci\u00e8ncies de l\u2019espai s\u00f3n un context que permet treballar diferents \u00e0rees STEAM de manera globalitzada. S\u2019acompanya de propostes did\u00e0ctiques com a material de suport que estaran a disposici\u00f3 de tot el professorat a trav\u00e9s de la\u00a0<strong>web del CESIRE<\/strong>.<\/p>\n<p><a href=\"https:\/\/drive.google.com\/file\/d\/1Es23FTQ8p-bLBXOGLVUFU2ZNKHrMrPeX\/view\" target=\"_blank\" rel=\"noopener noreferrer\">https:\/\/drive.google.com\/file\/d\/1Es23FTQ8p-bLBXOGLVUFU2ZNKHrMrPeX\/view<\/a><\/p>\n","protected":false},"excerpt":{"rendered":"<p>Videoconfer\u00e8ncia de presentaci\u00f3 de la Capsa d&#8217;espai a:\u00a0Canal de l&#8217;\u00c0mbit cient\u00edfic i medi Canal del CESIRE<\/p>\n","protected":false},"author":14,"featured_media":10924,"comment_status":"closed","ping_status":"closed","sticky":false,"template":"","format":"standard","meta":{"_bbp_topic_count":0,"_bbp_reply_count":0,"_bbp_total_topic_count":0,"_bbp_total_reply_count":0,"_bbp_voice_count":0,"_bbp_anonymous_reply_count":0,"_bbp_topic_count_hidden":0,"_bbp_reply_count_hidden":0,"_bbp_forum_subforum_count":0,"site-sidebar-layout":"default","site-content-layout":"","ast-site-content-layout":"","site-content-style":"default","site-sidebar-style":"default","ast-global-header-display":"","ast-banner-title-visibility":"","ast-main-header-display":"","ast-hfb-above-header-display":"","ast-hfb-below-header-display":"","ast-hfb-mobile-header-display":"","site-post-title":"","ast-breadcrumbs-content":"","ast-featured-img":"","footer-sml-layout":"","theme-transparent-header-meta":"","adv-header-id-meta":"","stick-header-meta":"","header-above-stick-meta":"","header-main-stick-meta":"","header-below-stick-meta":"","astra-migrate-meta-layouts":"default","ast-page-background-enabled":"default","ast-page-background-meta":{"desktop":{"background-color":"var(--ast-global-color-4)","background-image":"","background-repeat":"repeat","background-position":"center center","background-size":"auto","background-attachment":"scroll","background-type":"","background-media":"","overlay-type":"","overlay-color":"","overlay-opacity":"","overlay-gradient":""},"tablet":{"background-color":"","background-image":"","background-repeat":"repeat","background-position":"center center","background-size":"auto","background-attachment":"scroll","background-type":"","background-media":"","overlay-type":"","overlay-color":"","overlay-opacity":"","overlay-gradient":""},"mobile":{"background-color":"","background-image":"","background-repeat":"repeat","background-position":"center center","background-size":"auto","background-attachment":"scroll","background-type":"","background-media":"","overlay-type":"","overlay-color":"","overlay-opacity":"","overlay-gradient":""}},"ast-content-background-meta":{"desktop":{"background-color":"var(--ast-global-color-5)","background-image":"","background-repeat":"repeat","background-position":"center center","background-size":"auto","background-attachment":"scroll","background-type":"","background-media":"","overlay-type":"","overlay-color":"","overlay-opacity":"","overlay-gradient":""},"tablet":{"background-color":"var(--ast-global-color-5)","background-image":"","background-repeat":"repeat","background-position":"center center","background-size":"auto","background-attachment":"scroll","background-type":"","background-media":"","overlay-type":"","overlay-color":"","overlay-opacity":"","overlay-gradient":""},"mobile":{"background-color":"var(--ast-global-color-5)","background-image":"","background-repeat":"repeat","background-position":"center center","background-size":"auto","background-attachment":"scroll","background-type":"","background-media":"","overlay-type":"","overlay-color":"","overlay-opacity":"","overlay-gradient":""}},"footnotes":""},"categories":[305,308,309,29],"tags":[],"class_list":["post-10923","post","type-post","status-publish","format-standard","has-post-thumbnail","hentry","category-coses-del-curriculum","category-pri","category-sec","category-portada"],"post_mailing_queue_ids":[],"_links":{"self":[{"href":"https:\/\/serveiseducatius.xtec.cat\/altemporda\/wp-json\/wp\/v2\/posts\/10923","targetHints":{"allow":["GET"]}}],"collection":[{"href":"https:\/\/serveiseducatius.xtec.cat\/altemporda\/wp-json\/wp\/v2\/posts"}],"about":[{"href":"https:\/\/serveiseducatius.xtec.cat\/altemporda\/wp-json\/wp\/v2\/types\/post"}],"author":[{"embeddable":true,"href":"https:\/\/serveiseducatius.xtec.cat\/altemporda\/wp-json\/wp\/v2\/users\/14"}],"replies":[{"embeddable":true,"href":"https:\/\/serveiseducatius.xtec.cat\/altemporda\/wp-json\/wp\/v2\/comments?post=10923"}],"version-history":[{"count":3,"href":"https:\/\/serveiseducatius.xtec.cat\/altemporda\/wp-json\/wp\/v2\/posts\/10923\/revisions"}],"predecessor-version":[{"id":10942,"href":"https:\/\/serveiseducatius.xtec.cat\/altemporda\/wp-json\/wp\/v2\/posts\/10923\/revisions\/10942"}],"wp:featuredmedia":[{"embeddable":true,"href":"https:\/\/serveiseducatius.xtec.cat\/altemporda\/wp-json\/wp\/v2\/media\/10924"}],"wp:attachment":[{"href":"https:\/\/serveiseducatius.xtec.cat\/altemporda\/wp-json\/wp\/v2\/media?parent=10923"}],"wp:term":[{"taxonomy":"category","embeddable":true,"href":"https:\/\/serveiseducatius.xtec.cat\/altemporda\/wp-json\/wp\/v2\/categories?post=10923"},{"taxonomy":"post_tag","embeddable":true,"href":"https:\/\/serveiseducatius.xtec.cat\/altemporda\/wp-json\/wp\/v2\/tags?post=10923"}],"curies":[{"name":"wp","href":"https:\/\/api.w.org\/{rel}","templated":true}]}}