{"id":10190,"date":"2020-03-12T15:28:31","date_gmt":"2020-03-12T14:28:31","guid":{"rendered":"http:\/\/serveiseducatius.xtec.cat\/altemporda\/?p=10190"},"modified":"2020-03-23T13:01:19","modified_gmt":"2020-03-23T12:01:19","slug":"el-govern-tanca-a-partir-de-dema-tots-els-centres-educatius-de-catalunya-12-03-2020-15-36-h","status":"publish","type":"post","link":"https:\/\/serveiseducatius.xtec.cat\/altemporda\/general\/el-govern-tanca-a-partir-de-dema-tots-els-centres-educatius-de-catalunya-12-03-2020-15-36-h\/","title":{"rendered":"El Govern tanca a partir de dem\u00e0 tots els centres educatius de Catalunya (12\/03\/2020 | 15.36 h)"},"content":{"rendered":"<div class=\"lead\">\n<div><a href=\"https:\/\/govern.cat\/salapremsa\/notes-premsa\/383364\/govern-tanca-partir-dema-tots-centres-educatius-catalunya\"><strong>La mesura s\u2019ha pres en el marc del Pla d\u2019Actuaci\u00f3 del Procicat per malalties emergents.<\/strong><\/a><\/div>\n<div><\/div>\n<\/div>\n<p><span style=\"font-family: inherit; font-size: 1em;\">El Govern de la Generalitat ha decidit tancar a partir de dem\u00e0 tots els centres educatius de Catalunya, en coordinaci\u00f3 amb el Departament de Salut i en el marc del Pla d\u2019Actuaci\u00f3 del <a href=\"https:\/\/interior.gencat.cat\/ca\/arees_dactuacio\/proteccio_civil\/plans_de_proteccio_civil\/plans_de_proteccio_civil_a_catalunya\/plans-territorials\/procicat\/\">PROCICAT<\/a> per emerg\u00e8ncies associades a malalties transmissibles emergents amb potencial d\u2019alt risc. Ho fa com a mesura de contenci\u00f3 i per evitar la propagaci\u00f3 del coronavirus. La mesura afectar\u00e0 a tots els centres de Catalunya, siguin de titularitat p\u00fablica, privada concertada, privada o de qualsevol altra titularitat, i a les diferents etapes educatives.<\/span><\/p>\n<div class=\"premsa-gencat-article-body\">\n<div class=\"bloc-body\">\n<p>El conseller d\u2019Educaci\u00f3, Josep Bargall\u00f3, trametr\u00e0 avui un document informatiu a tots els centres en qu\u00e8 es concretar\u00e0 l\u2019acord del cessament de l\u2019activitat lectiva i el tancament dels centres a partir de dem\u00e0, dia 13 de mar\u00e7, fins al divendres 27 de mar\u00e7, ambd\u00f3s inclosos.<\/p>\n<p>Aquest fet implicar\u00e0 la suspensi\u00f3 de l\u2019activitat en un total de 5.492 centres:<\/p>\n<ul>\n<li>Llars d\u2019infants<\/li>\n<li>Escoles d\u2019educaci\u00f3 infantil i prim\u00e0ria<\/li>\n<li>Instituts d\u2019ESO, batxillerat i formaci\u00f3 professional<\/li>\n<li>Escoles d\u2019Art i Disseny<\/li>\n<li>Escoles d\u2019Adults<\/li>\n<li>Escoles Oficials d\u2019Idiomes<\/li>\n<li>Centres d\u2019educaci\u00f3 especial<\/li>\n<li>Escoles professionals<\/li>\n<li>Escoles de m\u00fasica<\/li>\n<li>Escoles de dansa<\/li>\n<li>Conservatoris<\/li>\n<li>Centres de t\u00edtols propis<\/li>\n<li>Centres d\u2019ensenyaments art\u00edstics superiors<\/li>\n<\/ul>\n<table>\n<tbody>\n<tr>\n<td colspan=\"6\" width=\"598\"><strong>NOMBRE DE CENTRES EDUCATIUS DE CATALUNYA<\/strong><\/td>\n<\/tr>\n<tr>\n<td width=\"54\"><strong>Total<\/strong><\/td>\n<td width=\"104\">P\u00fablics<\/p>\n<p>titularitat del Departament<\/td>\n<td width=\"126\">P\u00fablics de l\u2019Administraci\u00f3 local<\/td>\n<td width=\"101\">P\u00fablics d\u2019altres titularitats<\/td>\n<td width=\"104\">Privats concertats<\/p>\n<p>&nbsp;<\/td>\n<td width=\"109\">Privats no concertats<\/td>\n<\/tr>\n<tr>\n<td width=\"54\"><strong>5.492<\/strong><\/td>\n<td width=\"104\">2553<\/td>\n<td width=\"126\">1.232<\/td>\n<td width=\"101\">54<\/td>\n<td width=\"104\">699<\/td>\n<td width=\"109\">954<\/td>\n<\/tr>\n<\/tbody>\n<\/table>\n<p>Aquesta mesura afecta a un total de 1,565.478 alumnes dels diferents ensenyaments, repartits de la seg\u00fcent manera:<\/p>\n<ul>\n<li>Educaci\u00f3 infantil de primer i segon cicle: 79.948 alumnes i 213.352 alumnes respectivament<\/li>\n<li>Educaci\u00f3 prim\u00e0ria: 479.958 alumnes<\/li>\n<li>Educaci\u00f3 secund\u00e0ria obligat\u00f2ria: 331.681 alumnes<\/li>\n<li>cicles de formaci\u00f3 professional: 126.994 alumnes<\/li>\n<li>batxillerat: 94.437 alumnes<\/li>\n<li>cicles d\u2019arts pl\u00e0stiques i disseny: 5.103 alumnes<\/li>\n<li>ensenyaments de m\u00fasica: 70.122 alumnes<\/li>\n<li>ensenyaments de dansa: 9.717 alumnes<\/li>\n<li>art dram\u00e0tic: 454 alumnes<\/li>\n<li>ensenyaments superiors de disseny: 2.398 alumnes<\/li>\n<li>conservaci\u00f3 i restauraci\u00f3 de b\u00e9ns: 140 alumnes<\/li>\n<li>ensenyaments esportius: 2.052 alumnes<\/li>\n<li>escoles oficials d\u2019idiomes: 43.000 alumnes<\/li>\n<li>formaci\u00f3 d\u2019adults: 66.738 alumnes<\/li>\n<li>ensenyaments a dist\u00e0ncia: 39.384 alumnes<\/li>\n<\/ul>\n<p>La mesura afecta tamb\u00e9 els Serveis Educatius i a les seves activitats.<\/p>\n<p>En les pr\u00f2ximes hores, els centres rebran una informaci\u00f3 m\u00e9s detallada de la concreci\u00f3 de l\u2019acord.<\/p>\n<p><em><strong>12 de mar\u00e7 de 2020<\/strong><\/em><\/p>\n<\/div>\n<\/div>\n","protected":false},"excerpt":{"rendered":"<p>La mesura s\u2019ha pres en el marc del Pla d\u2019Actuaci<\/p>\n","protected":false},"author":4,"featured_media":10121,"comment_status":"closed","ping_status":"closed","sticky":false,"template":"","format":"standard","meta":{"_bbp_topic_count":0,"_bbp_reply_count":0,"_bbp_total_topic_count":0,"_bbp_total_reply_count":0,"_bbp_voice_count":0,"_bbp_anonymous_reply_count":0,"_bbp_topic_count_hidden":0,"_bbp_reply_count_hidden":0,"_bbp_forum_subforum_count":0,"site-sidebar-layout":"default","site-content-layout":"","ast-site-content-layout":"","site-content-style":"default","site-sidebar-style":"default","ast-global-header-display":"","ast-banner-title-visibility":"","ast-main-header-display":"","ast-hfb-above-header-display":"","ast-hfb-below-header-display":"","ast-hfb-mobile-header-display":"","site-post-title":"","ast-breadcrumbs-content":"","ast-featured-img":"","footer-sml-layout":"","theme-transparent-header-meta":"","adv-header-id-meta":"","stick-header-meta":"","header-above-stick-meta":"","header-main-stick-meta":"","header-below-stick-meta":"","astra-migrate-meta-layouts":"default","ast-page-background-enabled":"default","ast-page-background-meta":{"desktop":{"background-color":"var(--ast-global-color-4)","background-image":"","background-repeat":"repeat","background-position":"center center","background-size":"auto","background-attachment":"scroll","background-type":"","background-media":"","overlay-type":"","overlay-color":"","overlay-opacity":"","overlay-gradient":""},"tablet":{"background-color":"","background-image":"","background-repeat":"repeat","background-position":"center center","background-size":"auto","background-attachment":"scroll","background-type":"","background-media":"","overlay-type":"","overlay-color":"","overlay-opacity":"","overlay-gradient":""},"mobile":{"background-color":"","background-image":"","background-repeat":"repeat","background-position":"center center","background-size":"auto","background-attachment":"scroll","background-type":"","background-media":"","overlay-type":"","overlay-color":"","overlay-opacity":"","overlay-gradient":""}},"ast-content-background-meta":{"desktop":{"background-color":"var(--ast-global-color-5)","background-image":"","background-repeat":"repeat","background-position":"center center","background-size":"auto","background-attachment":"scroll","background-type":"","background-media":"","overlay-type":"","overlay-color":"","overlay-opacity":"","overlay-gradient":""},"tablet":{"background-color":"var(--ast-global-color-5)","background-image":"","background-repeat":"repeat","background-position":"center center","background-size":"auto","background-attachment":"scroll","background-type":"","background-media":"","overlay-type":"","overlay-color":"","overlay-opacity":"","overlay-gradient":""},"mobile":{"background-color":"var(--ast-global-color-5)","background-image":"","background-repeat":"repeat","background-position":"center center","background-size":"auto","background-attachment":"scroll","background-type":"","background-media":"","overlay-type":"","overlay-color":"","overlay-opacity":"","overlay-gradient":""}},"footnotes":""},"categories":[333,1],"tags":[],"class_list":["post-10190","post","type-post","status-publish","format-standard","has-post-thumbnail","hentry","category-covid-19","category-general"],"post_mailing_queue_ids":[],"_links":{"self":[{"href":"https:\/\/serveiseducatius.xtec.cat\/altemporda\/wp-json\/wp\/v2\/posts\/10190","targetHints":{"allow":["GET"]}}],"collection":[{"href":"https:\/\/serveiseducatius.xtec.cat\/altemporda\/wp-json\/wp\/v2\/posts"}],"about":[{"href":"https:\/\/serveiseducatius.xtec.cat\/altemporda\/wp-json\/wp\/v2\/types\/post"}],"author":[{"embeddable":true,"href":"https:\/\/serveiseducatius.xtec.cat\/altemporda\/wp-json\/wp\/v2\/users\/4"}],"replies":[{"embeddable":true,"href":"https:\/\/serveiseducatius.xtec.cat\/altemporda\/wp-json\/wp\/v2\/comments?post=10190"}],"version-history":[{"count":4,"href":"https:\/\/serveiseducatius.xtec.cat\/altemporda\/wp-json\/wp\/v2\/posts\/10190\/revisions"}],"predecessor-version":[{"id":10303,"href":"https:\/\/serveiseducatius.xtec.cat\/altemporda\/wp-json\/wp\/v2\/posts\/10190\/revisions\/10303"}],"wp:featuredmedia":[{"embeddable":true,"href":"https:\/\/serveiseducatius.xtec.cat\/altemporda\/wp-json\/wp\/v2\/media\/10121"}],"wp:attachment":[{"href":"https:\/\/serveiseducatius.xtec.cat\/altemporda\/wp-json\/wp\/v2\/media?parent=10190"}],"wp:term":[{"taxonomy":"category","embeddable":true,"href":"https:\/\/serveiseducatius.xtec.cat\/altemporda\/wp-json\/wp\/v2\/categories?post=10190"},{"taxonomy":"post_tag","embeddable":true,"href":"https:\/\/serveiseducatius.xtec.cat\/altemporda\/wp-json\/wp\/v2\/tags?post=10190"}],"curies":[{"name":"wp","href":"https:\/\/api.w.org\/{rel}","templated":true}]}}