{"id":10162,"date":"2020-03-11T19:53:49","date_gmt":"2020-03-11T18:53:49","guid":{"rendered":"http:\/\/serveiseducatius.xtec.cat\/altemporda\/?p=10162"},"modified":"2020-03-23T13:00:53","modified_gmt":"2020-03-23T12:00:53","slug":"informacio-complementaria-coronavirus-11-03-2020-16-45-h","status":"publish","type":"post","link":"https:\/\/serveiseducatius.xtec.cat\/altemporda\/general\/informacio-complementaria-coronavirus-11-03-2020-16-45-h\/","title":{"rendered":"Informaci\u00f3 complement\u00e0ria coronavirus (11\/03\/2020 | 16.45 h)"},"content":{"rendered":"<p style=\"text-align: justify;\"><a href=\"https:\/\/serveiseducatius.xtec.cat\/altemporda\/wp-content\/uploads\/usu1156\/2020\/03\/20200227-coronavirus.jpg_191393041.jpg\"><img loading=\"lazy\" decoding=\"async\" class=\"wp-image-10121 alignleft\" src=\"https:\/\/serveiseducatius.xtec.cat\/altemporda\/wp-content\/uploads\/usu1156\/2020\/03\/20200227-coronavirus.jpg_191393041.jpg\" alt=\"\" width=\"204\" height=\"159\" \/><\/a><\/p>\n<p style=\"font-weight: 400; text-align: justify;\">Benvolgut equip directiu,<\/p>\n<p style=\"font-weight: 400; text-align: justify;\">Us fem arribar m\u00e9s indicacions i aclariments referent al coronavirus.<\/p>\n<p style=\"font-weight: 400; text-align: justify;\">Per tal de tenir tota la informaci\u00f3 recollida i actualitzada, necessitem tenir les dades seg\u00fcents tan aviat com sigui possible quan hi hagi alguna novetat a la seg\u00fcent adre\u00e7a de correu: \u00a0<a href=\"mailto:sruiz@gencat.cat\" target=\"_blank\" rel=\"noopener noreferrer\">sruiz@gencat.cat<\/a><\/p>\n<ul style=\"text-align: justify;\">\n<li style=\"list-style-type: none;\">\n<ul>\n<li style=\"font-weight: 400;\">Nombre de docents\/ personal PAS afectats i\/o confinats<\/li>\n<li style=\"font-weight: 400;\">Alumnes afectats i\/o confinats<\/li>\n<li style=\"font-weight: 400;\">Docents i alumnes que han realitzat viatges a zones restringides.<\/li>\n<li style=\"font-weight: 400;\">Informaci\u00f3 del retorn d\u2019alumnes i docents d\u2019aquestes zones.<\/li>\n<li style=\"font-weight: 400;\">Alteraci\u00f3 de la programaci\u00f3 del centre (sortides, col\u00f2nies, cantades, trobades&#8230;)<\/li>\n<\/ul>\n<\/li>\n<\/ul>\n<p style=\"font-weight: 400; text-align: justify;\">Les possibles alteracions greus que afectin el vostre centre, sempre han de ser consultades a la Direcci\u00f3 Territorial d\u2019Educaci\u00f3 a Girona, aix\u00f2 fa que cap altre Departament o organisme pugui prendre cap decisi\u00f3 que alteri el funcionament habitual del centre. El motiu \u00e9s la necessitat de poder fer una bona comunicaci\u00f3 a tots els implicats i no hi hagi diversitat d\u2019informacions.<\/p>\n<p style=\"font-weight: 400; text-align: justify;\">Evidentment tamb\u00e9 cal que us poseu en contacte amb el vostre\/a inspector\/a.<\/p>\n<p style=\"font-weight: 400; text-align: justify;\">No dubteu de fer servir els canals habituals de contacte que teniu en cas d\u2019una situaci\u00f3 sobrevinguda i urgent que calgui con\u00e8ixer per la Direcci\u00f3 Territorial tot i ser fora de l\u2019horari del centre.<\/p>\n<p style=\"font-weight: 400; text-align: justify;\">Han sorgit dubtes i consultes sobre la informaci\u00f3 del comunicat enviat, avui 11 de mar\u00e7 de 2020 a les 08:05; exposem alguns exemples m\u00e9s generals que us poden servir d\u2019ajuda.<\/p>\n<p style=\"font-weight: 400; text-align: justify;\">La principal norma per decidir si algunes activitats es poden fer, \u00e9s la <strong>tra\u00e7abilitat dels usuaris<\/strong>. En cas que hi hagi necessitat de fer el seguiment d\u2019un cas, es pugui contactar amb tots els usuaris de l\u2019activitat.<\/p>\n<ul style=\"text-align: justify;\">\n<li style=\"list-style-type: none;\">\n<ul>\n<li>Extraescolars: es permeten les extraescolars habituals, on els usuaris s\u00f3n els habituals.<\/li>\n<li>S\u2019han d\u2019anul\u00b7lar les activitats extraordin\u00e0ries, on pel nombre i proced\u00e8ncia d\u2019alumnes fos impossible fer un seguiment. Com diu la nota enviada, fires, trobades, cantades&#8230;<\/li>\n<li>Les col\u00f2nies es poden fer si la casa de col\u00f2nies us poden assegurar que sou \u00fanic centre.<\/li>\n<li>A les sortides, excursions, s\u2019han d\u2019evitar si el lloc de la visita i activitats hi ha altres centres al mateix moment. En cas de centre \u00fanic no hi ha inconvenient.<\/li>\n<li>Les trobades d\u2019escoles d\u2019una ZER es poden realitzar, s\u00f3n els alumnes i docents habituals.<\/li>\n<li>Les activitats formatives, les formacions de centres, reunions habituals de docents, es poden realitzar en ser de poc nombre de docents\/direccions, evidentment cadasc\u00fa ha de ser conscient que si no es troba b\u00e9, evitar d\u2019assistir-hi. Com s\u2019ha informat s\u2019anul\u00b7la el plenari del pr\u00f2xim dilluns en ser una trobada amb un gran nombre d\u2019assistents, en un espai \u00fanic durant tres hores.<\/li>\n<li>Les activitats de piscina en horari lectiu, es poden realitzar si tenen vestidors pel centre, sense compartir amb altres usuaris perqu\u00e8 no hi hauria tra\u00e7abilitat.<\/li>\n<li>Hi ha alguna activitat curricular on es fa conjuntament amb altres centres en un dels centres; com que s\u00f3n alumnes habituals, es pot continuar fent.<\/li>\n<li>Les portes obertes de centres es poden mantenir seguint les mesures de prevenci\u00f3, entre altres evitar una concentraci\u00f3 molt elevada de visitants en un espai redu\u00eft, cal evitar aquesta situaci\u00f3. En tot cas la direcci\u00f3 del centre t\u00e9 tot el dret a decidir sobre la realitzaci\u00f3 d\u2019aquesta activitat.<\/li>\n<li>La vig\u00e8ncia d\u2019aquest comunicat ser\u00e0 fins que no n\u2019hi hagi un altre de nou que modifiqui les recomanacions.<\/li>\n<li style=\"text-align: justify;\">Cal que estiguem atents als comunicats oficials i\/o instruccions que puguin arribar els pr\u00f2xims dies\/hores, d&#8217;acord amb les indicacions que es vagin rebent.<\/li>\n<\/ul>\n<\/li>\n<\/ul>\n<p style=\"text-align: justify;\"><span style=\"font-size: 10pt;\"><strong>Coordinaci\u00f3 de Serveis Educatius i Formaci\u00f3 Permanent | Serveis Territorials d&#8217;Educaci\u00f3 a Girona | Departament d\u2019Educaci\u00f3<\/strong><\/span><\/p>\n<div>\n<p style=\"text-align: justify;\"><em><span style=\"color: #ff0000;\">Es mantindr\u00e0 aquest espai com a canal de comunicaci\u00f3 principal en refer\u00e8ncia a les activitats a l&#8217;Alt Empord\u00e0.<\/span><\/em><\/p>\n<h5 style=\"font-weight: 400; text-align: justify;\"><span style=\"font-size: 14pt;\"><strong><a href=\"http:\/\/educacio.gencat.cat\/portal\/page\/portal\/EducacioIntranet\/Inici\/IniciIntranet\/AlDia\/Avisos\/Informaci%F3%20sobre%20el%20coronavirus%20per%20als%20centres?_template=\/EducacioIntranet\/IDE_ITEM_PLACEHOLDER\">Comunicats del Departament d&#8217;Educaci\u00f3<\/a><\/strong><\/span><span style=\"font-size: 10pt;\"><em><span style=\"font-size: 8pt;\"> (Hi podeu accedir a trav\u00e9s del <strong>Portal de centres<\/strong>, cal identificar-se)<\/span><\/em>.<\/span><\/h5>\n<ul>\n<li><span style=\"font-size: 10pt;\"><a title=\"Ves a Serveis al personal\" href=\"http:\/\/educacio.gencat.cat\/portal\/page\/portal\/EducacioIntranet\/Inici\/ServeisPersonal\/SeguretatSalutLaboral\/CRecomanacionsCoronavirus\">Recomanacions per al personal sobre la prevenci\u00f3 i protecci\u00f3 del coronavirus<\/a> <span style=\"color: #ff0000;\"><strong>(11 de mar\u00e7\u00a0 de 2020)\u00a0<\/strong><\/span><\/span><\/li>\n<li style=\"font-weight: 400;\"><span style=\"font-size: 10pt;\"><a href=\"http:\/\/ensenyament.gencat.cat\/ca\/inici\/nota-premsa\/?id=383825\">Comunicat del Departament d&#8217;Educaci\u00f3 en relaci\u00f3 amb el coronavirus<\/a>\u00a0(10 de mar\u00e7 de 2020)<\/span><\/li>\n<li style=\"font-weight: 400;\"><span style=\"font-size: 10pt;\"><a href=\"http:\/\/ensenyament.gencat.cat\/ca\/inici\/nota-premsa\/?id=383794\">El Departament d&#8217;Educaci\u00f3 tanca l&#8217;EOI del Prat de Llobregat a causa del coronavirus<\/a>\u00a0(9 de mar\u00e7 de 2020)<\/span><\/li>\n<li style=\"font-weight: 400;\"><span style=\"font-size: 10pt;\"><a href=\"http:\/\/ensenyament.gencat.cat\/ca\/inici\/nota-premsa\/?id=383757\">El Departament d&#8217;Educaci\u00f3 insta als instituts de formaci\u00f3 professional inicial a suspendre les pr\u00e0ctiques dels graus que es realitzen en centres sanitaris.<\/a>\u00a0(6 de mar\u00e7 de 2020)<\/span><\/li>\n<li style=\"font-weight: 400;\"><span style=\"font-size: 10pt;\"><a href=\"http:\/\/ensenyament.gencat.cat\/ca\/inici\/nota-premsa\/?id=383710\">Nou comunicat del Departament d&#8217;Educaci\u00f3<\/a>\u00a0(5 de mar\u00e7 de 2020)<\/span><\/li>\n<li style=\"font-weight: 400;\"><span style=\"font-size: 10pt;\"><a href=\"http:\/\/ensenyament.gencat.cat\/ca\/inici\/nota-premsa\/?id=383457\">Comunicat del Departament d&#8217;Educaci\u00f3<\/a>\u00a0(26 de febrer de 2020)<\/span><\/li>\n<\/ul>\n<h5 style=\"font-weight: 400; text-align: justify;\"><strong>Informaci\u00f3 del Departament de Salut<\/strong><\/h5>\n<ul>\n<li style=\"font-weight: 400;\"><span style=\"font-size: 10pt;\"><a href=\"http:\/\/canalsalut.gencat.cat\/ca\/salut-a-z\/c\/coronavirus-2019-ncov\/\">Consulteu la informaci\u00f3 m\u00e9s actualitzada sobre el coronoavirus<\/a><\/span><\/li>\n<li style=\"font-weight: 400;\"><span style=\"font-size: 10pt;\"><a href=\"http:\/\/canalsalut.gencat.cat\/ca\/salut-a-z\/c\/coronavirus-2019-ncov\/material-divulgatiu\/\">Material divulgatiu adre\u00e7at a la ciutadania sobre el coronavirus SARS-CoV-2<\/a><\/span><\/li>\n<\/ul>\n<\/div>\n","protected":false},"excerpt":{"rendered":"<p>Benvolgut equip directiu, Us fem arribar m\u00e9s indicacions i aclariments referent al coronavirus. Per tal de tenir tota la informaci\u00f3 recollida i actualitzada, necessitem tenir les dades seg\u00fcents tan aviat com sigui possible quan hi hagi alguna novetat a la seg\u00fcent adre\u00e7a de correu: \u00a0sruiz@gencat.cat Nombre de docents\/ personal PAS afectats i\/o confinats Alumnes afectats [&hellip;]<\/p>\n","protected":false},"author":4,"featured_media":10121,"comment_status":"closed","ping_status":"closed","sticky":false,"template":"","format":"standard","meta":{"_bbp_topic_count":0,"_bbp_reply_count":0,"_bbp_total_topic_count":0,"_bbp_total_reply_count":0,"_bbp_voice_count":0,"_bbp_anonymous_reply_count":0,"_bbp_topic_count_hidden":0,"_bbp_reply_count_hidden":0,"_bbp_forum_subforum_count":0,"site-sidebar-layout":"default","site-content-layout":"","ast-site-content-layout":"","site-content-style":"default","site-sidebar-style":"default","ast-global-header-display":"","ast-banner-title-visibility":"","ast-main-header-display":"","ast-hfb-above-header-display":"","ast-hfb-below-header-display":"","ast-hfb-mobile-header-display":"","site-post-title":"","ast-breadcrumbs-content":"","ast-featured-img":"","footer-sml-layout":"","theme-transparent-header-meta":"","adv-header-id-meta":"","stick-header-meta":"","header-above-stick-meta":"","header-main-stick-meta":"","header-below-stick-meta":"","astra-migrate-meta-layouts":"default","ast-page-background-enabled":"default","ast-page-background-meta":{"desktop":{"background-color":"var(--ast-global-color-4)","background-image":"","background-repeat":"repeat","background-position":"center center","background-size":"auto","background-attachment":"scroll","background-type":"","background-media":"","overlay-type":"","overlay-color":"","overlay-opacity":"","overlay-gradient":""},"tablet":{"background-color":"","background-image":"","background-repeat":"repeat","background-position":"center center","background-size":"auto","background-attachment":"scroll","background-type":"","background-media":"","overlay-type":"","overlay-color":"","overlay-opacity":"","overlay-gradient":""},"mobile":{"background-color":"","background-image":"","background-repeat":"repeat","background-position":"center center","background-size":"auto","background-attachment":"scroll","background-type":"","background-media":"","overlay-type":"","overlay-color":"","overlay-opacity":"","overlay-gradient":""}},"ast-content-background-meta":{"desktop":{"background-color":"var(--ast-global-color-5)","background-image":"","background-repeat":"repeat","background-position":"center center","background-size":"auto","background-attachment":"scroll","background-type":"","background-media":"","overlay-type":"","overlay-color":"","overlay-opacity":"","overlay-gradient":""},"tablet":{"background-color":"var(--ast-global-color-5)","background-image":"","background-repeat":"repeat","background-position":"center center","background-size":"auto","background-attachment":"scroll","background-type":"","background-media":"","overlay-type":"","overlay-color":"","overlay-opacity":"","overlay-gradient":""},"mobile":{"background-color":"var(--ast-global-color-5)","background-image":"","background-repeat":"repeat","background-position":"center center","background-size":"auto","background-attachment":"scroll","background-type":"","background-media":"","overlay-type":"","overlay-color":"","overlay-opacity":"","overlay-gradient":""}},"footnotes":""},"categories":[333,1],"tags":[],"class_list":["post-10162","post","type-post","status-publish","format-standard","has-post-thumbnail","hentry","category-covid-19","category-general"],"post_mailing_queue_ids":[],"_links":{"self":[{"href":"https:\/\/serveiseducatius.xtec.cat\/altemporda\/wp-json\/wp\/v2\/posts\/10162","targetHints":{"allow":["GET"]}}],"collection":[{"href":"https:\/\/serveiseducatius.xtec.cat\/altemporda\/wp-json\/wp\/v2\/posts"}],"about":[{"href":"https:\/\/serveiseducatius.xtec.cat\/altemporda\/wp-json\/wp\/v2\/types\/post"}],"author":[{"embeddable":true,"href":"https:\/\/serveiseducatius.xtec.cat\/altemporda\/wp-json\/wp\/v2\/users\/4"}],"replies":[{"embeddable":true,"href":"https:\/\/serveiseducatius.xtec.cat\/altemporda\/wp-json\/wp\/v2\/comments?post=10162"}],"version-history":[{"count":3,"href":"https:\/\/serveiseducatius.xtec.cat\/altemporda\/wp-json\/wp\/v2\/posts\/10162\/revisions"}],"predecessor-version":[{"id":10172,"href":"https:\/\/serveiseducatius.xtec.cat\/altemporda\/wp-json\/wp\/v2\/posts\/10162\/revisions\/10172"}],"wp:featuredmedia":[{"embeddable":true,"href":"https:\/\/serveiseducatius.xtec.cat\/altemporda\/wp-json\/wp\/v2\/media\/10121"}],"wp:attachment":[{"href":"https:\/\/serveiseducatius.xtec.cat\/altemporda\/wp-json\/wp\/v2\/media?parent=10162"}],"wp:term":[{"taxonomy":"category","embeddable":true,"href":"https:\/\/serveiseducatius.xtec.cat\/altemporda\/wp-json\/wp\/v2\/categories?post=10162"},{"taxonomy":"post_tag","embeddable":true,"href":"https:\/\/serveiseducatius.xtec.cat\/altemporda\/wp-json\/wp\/v2\/tags?post=10162"}],"curies":[{"name":"wp","href":"https:\/\/api.w.org\/{rel}","templated":true}]}}