{"id":10141,"date":"2020-03-11T13:05:52","date_gmt":"2020-03-11T12:05:52","guid":{"rendered":"http:\/\/serveiseducatius.xtec.cat\/altemporda\/?p=10141"},"modified":"2020-03-23T13:01:36","modified_gmt":"2020-03-23T12:01:36","slug":"reunions-i-activitats-de-formacio-habituals-puntualitzacio-actual-11-03-2020-13-01-h","status":"publish","type":"post","link":"https:\/\/serveiseducatius.xtec.cat\/altemporda\/general\/reunions-i-activitats-de-formacio-habituals-puntualitzacio-actual-11-03-2020-13-01-h\/","title":{"rendered":"Reunions i activitats de formaci\u00f3 habituals. Puntualitzaci\u00f3 actual (11\/03\/2020 | 13.01 h)"},"content":{"rendered":"<p style=\"text-align: justify;\"><a href=\"https:\/\/serveiseducatius.xtec.cat\/altemporda\/wp-content\/uploads\/usu1156\/2020\/03\/20200227-coronavirus.jpg_191393041.jpg\"><img loading=\"lazy\" decoding=\"async\" class=\"wp-image-10121 alignleft\" src=\"https:\/\/serveiseducatius.xtec.cat\/altemporda\/wp-content\/uploads\/usu1156\/2020\/03\/20200227-coronavirus.jpg_191393041.jpg\" alt=\"\" width=\"221\" height=\"171\" \/><\/a>En relaci\u00f3 amb la gesti\u00f3 de la situaci\u00f3 creada pel coronavirus, us avancem que, de moment, els \u00f2rgans de govern del Departament d&#8217;Educaci\u00f3 han decidit que es continu\u00ef amb les reunions i les activitats de formaci\u00f3 habituals.<\/p>\n<p style=\"text-align: justify;\">Us recomanem que les activitats de dinamitzaci\u00f3 que organitzeu des dels serveis educatius, amb la participaci\u00f3 de professorat i alumnat de la zona que impliquen un nombre significatiu de participants quedin suspeses, en coher\u00e8ncia amb el comunicat oficial del Departament d&#8217;ahir, 10 de mar\u00e7.<\/p>\n<p style=\"text-align: justify;\">Pel que fa als quarts de final del certamen de lectura en veu alta queden suspesos els d&#8217;aquesta setmana i la vinent, a l&#8217;espera de les decisions que es prenguin conjuntament amb la Fundaci\u00f3 Enciclop\u00e8dia Catalana, l&#8217;entitat amb qui el Departament t\u00e9 un acord de col\u00b7laboraci\u00f3.<\/p>\n<p style=\"text-align: justify;\">Cal que estiguem atents als comunicats oficials i\/o instruccions que puguin arribar els pr\u00f2xims dies\/hores, d&#8217;acord amb les indicacions que es vagin rebent.<\/p>\n<p style=\"text-align: justify;\">Coordinaci\u00f3 de Serveis Educatius i Formaci\u00f3 Permanent | Serveis Territorials d&#8217;Educaci\u00f3 a Girona | Departament d\u2019Educaci\u00f3<\/p>\n<div>\n<p><em><span style=\"color: #ff0000;\">Es mantindr\u00e0 aquest espai com a canal de comunicaci\u00f3 principal en refer\u00e8ncia a les activitats a l&#8217;Alt Empord\u00e0.<\/span><\/em><\/p>\n<p style=\"font-weight: 400;\"><strong>Comunicats del Departament d&#8217;Educaci\u00f3<\/strong><\/p>\n<ul>\n<li style=\"font-weight: 400;\"><span style=\"font-size: 10pt;\"><a href=\"http:\/\/ensenyament.gencat.cat\/ca\/inici\/nota-premsa\/?id=383825\">Comunicat del Departament d&#8217;Educaci\u00f3 en relaci\u00f3 amb el coronavirus<\/a>\u00a0(10 de mar\u00e7 de 2020)<\/span><\/li>\n<li style=\"font-weight: 400;\"><span style=\"font-size: 10pt;\"><a href=\"http:\/\/ensenyament.gencat.cat\/ca\/inici\/nota-premsa\/?id=383794\">El Departament d&#8217;Educaci\u00f3 tanca l&#8217;EOI del Prat de Llobregat a causa del coronavirus<\/a>\u00a0(9 de mar\u00e7 de 2020)<\/span><\/li>\n<li style=\"font-weight: 400;\"><span style=\"font-size: 10pt;\"><a href=\"http:\/\/ensenyament.gencat.cat\/ca\/inici\/nota-premsa\/?id=383757\">El Departament d&#8217;Educaci\u00f3 insta als instituts de formaci\u00f3 professional inicial a suspendre les pr\u00e0ctiques dels graus que es realitzen en centres sanitaris.<\/a>\u00a0(6 de mar\u00e7 de 2020)<\/span><\/li>\n<li style=\"font-weight: 400;\"><span style=\"font-size: 10pt;\"><a href=\"http:\/\/ensenyament.gencat.cat\/ca\/inici\/nota-premsa\/?id=383710\">Nou comunicat del Departament d&#8217;Educaci\u00f3<\/a>\u00a0(5 de mar\u00e7 de 2020)<\/span><\/li>\n<li style=\"font-weight: 400;\"><span style=\"font-size: 10pt;\"><a href=\"http:\/\/ensenyament.gencat.cat\/ca\/inici\/nota-premsa\/?id=383457\">Comunicat del Departament d&#8217;Educaci\u00f3<\/a>\u00a0(26 de febrer de 2020)<\/span><\/li>\n<\/ul>\n<p style=\"font-weight: 400;\"><strong>Informaci\u00f3 del Departament de Salut<\/strong><\/p>\n<ul>\n<li style=\"font-weight: 400;\"><span style=\"font-size: 10pt;\"><a href=\"http:\/\/canalsalut.gencat.cat\/ca\/salut-a-z\/c\/coronavirus-2019-ncov\/\">Consulteu la informaci\u00f3 m\u00e9s actualitzada sobre el coronoavirus<\/a><\/span><\/li>\n<li style=\"font-weight: 400;\"><span style=\"font-size: 10pt;\"><a href=\"http:\/\/canalsalut.gencat.cat\/ca\/salut-a-z\/c\/coronavirus-2019-ncov\/material-divulgatiu\/\">Material divulgatiu adre\u00e7at a la ciutadania sobre el coronavirus SARS-CoV-2<\/a><\/span><\/li>\n<\/ul>\n<\/div>\n","protected":false},"excerpt":{"rendered":"<p>En relaci\u00f3 amb la gesti\u00f3 de la situaci\u00f3 creada pel coronavirus, us avancem que, de moment, els \u00f2rgans de govern del Departament d&#8217;Educaci\u00f3 han decidit que es continu\u00ef amb les reunions i les activitats de formaci\u00f3 habituals. Us recomanem que les activitats de dinamitzaci\u00f3 que organitzeu des dels serveis educatius, amb la participaci\u00f3 de professorat [&hellip;]<\/p>\n","protected":false},"author":4,"featured_media":10121,"comment_status":"closed","ping_status":"closed","sticky":false,"template":"","format":"standard","meta":{"_bbp_topic_count":0,"_bbp_reply_count":0,"_bbp_total_topic_count":0,"_bbp_total_reply_count":0,"_bbp_voice_count":0,"_bbp_anonymous_reply_count":0,"_bbp_topic_count_hidden":0,"_bbp_reply_count_hidden":0,"_bbp_forum_subforum_count":0,"site-sidebar-layout":"default","site-content-layout":"","ast-site-content-layout":"","site-content-style":"default","site-sidebar-style":"default","ast-global-header-display":"","ast-banner-title-visibility":"","ast-main-header-display":"","ast-hfb-above-header-display":"","ast-hfb-below-header-display":"","ast-hfb-mobile-header-display":"","site-post-title":"","ast-breadcrumbs-content":"","ast-featured-img":"","footer-sml-layout":"","theme-transparent-header-meta":"","adv-header-id-meta":"","stick-header-meta":"","header-above-stick-meta":"","header-main-stick-meta":"","header-below-stick-meta":"","astra-migrate-meta-layouts":"default","ast-page-background-enabled":"default","ast-page-background-meta":{"desktop":{"background-color":"var(--ast-global-color-4)","background-image":"","background-repeat":"repeat","background-position":"center center","background-size":"auto","background-attachment":"scroll","background-type":"","background-media":"","overlay-type":"","overlay-color":"","overlay-opacity":"","overlay-gradient":""},"tablet":{"background-color":"","background-image":"","background-repeat":"repeat","background-position":"center center","background-size":"auto","background-attachment":"scroll","background-type":"","background-media":"","overlay-type":"","overlay-color":"","overlay-opacity":"","overlay-gradient":""},"mobile":{"background-color":"","background-image":"","background-repeat":"repeat","background-position":"center center","background-size":"auto","background-attachment":"scroll","background-type":"","background-media":"","overlay-type":"","overlay-color":"","overlay-opacity":"","overlay-gradient":""}},"ast-content-background-meta":{"desktop":{"background-color":"var(--ast-global-color-5)","background-image":"","background-repeat":"repeat","background-position":"center center","background-size":"auto","background-attachment":"scroll","background-type":"","background-media":"","overlay-type":"","overlay-color":"","overlay-opacity":"","overlay-gradient":""},"tablet":{"background-color":"var(--ast-global-color-5)","background-image":"","background-repeat":"repeat","background-position":"center center","background-size":"auto","background-attachment":"scroll","background-type":"","background-media":"","overlay-type":"","overlay-color":"","overlay-opacity":"","overlay-gradient":""},"mobile":{"background-color":"var(--ast-global-color-5)","background-image":"","background-repeat":"repeat","background-position":"center center","background-size":"auto","background-attachment":"scroll","background-type":"","background-media":"","overlay-type":"","overlay-color":"","overlay-opacity":"","overlay-gradient":""}},"footnotes":""},"categories":[333,1],"tags":[],"class_list":["post-10141","post","type-post","status-publish","format-standard","has-post-thumbnail","hentry","category-covid-19","category-general"],"post_mailing_queue_ids":[],"_links":{"self":[{"href":"https:\/\/serveiseducatius.xtec.cat\/altemporda\/wp-json\/wp\/v2\/posts\/10141","targetHints":{"allow":["GET"]}}],"collection":[{"href":"https:\/\/serveiseducatius.xtec.cat\/altemporda\/wp-json\/wp\/v2\/posts"}],"about":[{"href":"https:\/\/serveiseducatius.xtec.cat\/altemporda\/wp-json\/wp\/v2\/types\/post"}],"author":[{"embeddable":true,"href":"https:\/\/serveiseducatius.xtec.cat\/altemporda\/wp-json\/wp\/v2\/users\/4"}],"replies":[{"embeddable":true,"href":"https:\/\/serveiseducatius.xtec.cat\/altemporda\/wp-json\/wp\/v2\/comments?post=10141"}],"version-history":[{"count":3,"href":"https:\/\/serveiseducatius.xtec.cat\/altemporda\/wp-json\/wp\/v2\/posts\/10141\/revisions"}],"predecessor-version":[{"id":10146,"href":"https:\/\/serveiseducatius.xtec.cat\/altemporda\/wp-json\/wp\/v2\/posts\/10141\/revisions\/10146"}],"wp:featuredmedia":[{"embeddable":true,"href":"https:\/\/serveiseducatius.xtec.cat\/altemporda\/wp-json\/wp\/v2\/media\/10121"}],"wp:attachment":[{"href":"https:\/\/serveiseducatius.xtec.cat\/altemporda\/wp-json\/wp\/v2\/media?parent=10141"}],"wp:term":[{"taxonomy":"category","embeddable":true,"href":"https:\/\/serveiseducatius.xtec.cat\/altemporda\/wp-json\/wp\/v2\/categories?post=10141"},{"taxonomy":"post_tag","embeddable":true,"href":"https:\/\/serveiseducatius.xtec.cat\/altemporda\/wp-json\/wp\/v2\/tags?post=10141"}],"curies":[{"name":"wp","href":"https:\/\/api.w.org\/{rel}","templated":true}]}}