{"id":759,"count":1,"description":"","link":"https:\/\/serveiseducatius.xtec.cat\/altcamp\/tag\/autonomia-individual-educacio-models-educatius-etica-del-cuidar-bioetica\/","name":"autonomia individual; educaci\u00f3; models educatius; \u00e8tica del cuidar; bio\u00e8tica","slug":"autonomia-individual-educacio-models-educatius-etica-del-cuidar-bioetica","taxonomy":"post_tag","meta":[],"_links":{"self":[{"href":"https:\/\/serveiseducatius.xtec.cat\/altcamp\/wp-json\/wp\/v2\/tags\/759","targetHints":{"allow":["GET"]}}],"collection":[{"href":"https:\/\/serveiseducatius.xtec.cat\/altcamp\/wp-json\/wp\/v2\/tags"}],"about":[{"href":"https:\/\/serveiseducatius.xtec.cat\/altcamp\/wp-json\/wp\/v2\/taxonomies\/post_tag"}],"wp:post_type":[{"href":"https:\/\/serveiseducatius.xtec.cat\/altcamp\/wp-json\/wp\/v2\/posts?tags=759"}],"curies":[{"name":"wp","href":"https:\/\/api.w.org\/{rel}","templated":true}]}}