{"id":9849,"date":"2020-05-19T12:43:25","date_gmt":"2020-05-19T10:43:25","guid":{"rendered":"http:\/\/serveiseducatius.xtec.cat\/altcamp\/?p=9849"},"modified":"2020-05-19T12:44:04","modified_gmt":"2020-05-19T10:44:04","slug":"escolat-activa-una-proposta-pel-desconfinament","status":"publish","type":"post","link":"https:\/\/serveiseducatius.xtec.cat\/altcamp\/recursos\/escolat-activa-una-proposta-pel-desconfinament\/","title":{"rendered":"Escolat activa. Una proposta pel desconfinament"},"content":{"rendered":"<p><img loading=\"lazy\" decoding=\"async\" class=\"alignnone size-medium wp-image-9850 aligncenter\" src=\"https:\/\/serveiseducatius.xtec.cat\/altcamp\/wp-content\/uploads\/usu1130\/2020\/05\/escolta_0-300x113.jpg\" alt=\"\" width=\"300\" height=\"113\" srcset=\"https:\/\/serveiseducatius.xtec.cat\/altcamp\/wp-content\/uploads\/usu1130\/2020\/05\/escolta_0-300x113.jpg 300w, https:\/\/serveiseducatius.xtec.cat\/altcamp\/wp-content\/uploads\/usu1130\/2020\/05\/escolta_0.jpg 400w\" sizes=\"auto, (max-width: 300px) 100vw, 300px\" \/><\/p>\n<p><a href=\"http:\/\/www.sesegria.cat\/una-proposta-orientada-al-retorn-dels-docents-als-centres\"><strong>Compartim aquesta proposta<\/strong> <\/a>elaborada pels companys i companyes del Servei Educatiu del Segri\u00e0 en relaci\u00f3 a l&#8217;escolta activa, cada cop m\u00e9s necess\u00e0ria i m\u00e9s encara en els moments de desconfinament. Aquesta \u00e9s una proposta dirigida a Equips Directius, amb la intenci\u00f3 d\u2019oferir una guia per tal de preparar la tornada dels equips docents despr\u00e9s del que hem viscut aquests darrers mesos. Tamb\u00e9 volem contribuir a gestionar la incertesa postcoronavirus, per anticipar-nos a obstacles i problemes que poden afectar la vida dels centres escolars. Hi trobareu:<\/p>\n<ul>\n<li>Un <strong>dec\u00e0leg<\/strong>\u00a0<strong>d\u2019onze punts<\/strong>\u00a0amb consideracions a tenir en compte per planificar la tornada. T\u00e9 format d\u2019infografia i hi ha enlla\u00e7ats els altres dos recursos.<\/li>\n<li>Un <strong>document\u00a0<\/strong>que desenvolupa de forma m\u00e9s extensa cadascun dels punts del dec\u00e0leg que apareixen a la infografia.<\/li>\n<li>Un <strong>q\u00fcestionari\u00a0<\/strong>per fer arribar al professorat i aix\u00ed comptar amb la seva veu en la preparaci\u00f3 de la tornada. El presentem en format obert (word) per tal que cada centre el pugui adaptar en funci\u00f3 de les seves prioritats. Alhora tamb\u00e9 pot ser emprat com a gui\u00f3 de conversa.<\/li>\n<\/ul>\n","protected":false},"excerpt":{"rendered":"<p>Compartim aquesta proposta elaborada pels companys i companyes del Servei Educatiu del Segri\u00e0 en relaci\u00f3 a l&#8217;escolta activa, cada cop m\u00e9s necess\u00e0ria i m\u00e9s encara en els moments de desconfinament. Aquesta \u00e9s una proposta dirigida a Equips Directius, amb la intenci\u00f3 d\u2019oferir una guia per tal de preparar la tornada dels equips docents despr\u00e9s del [&hellip;]<\/p>\n","protected":false},"author":4,"featured_media":9850,"comment_status":"open","ping_status":"closed","sticky":false,"template":"","format":"standard","meta":{"_bbp_topic_count":0,"_bbp_reply_count":0,"_bbp_total_topic_count":0,"_bbp_total_reply_count":0,"_bbp_voice_count":0,"_bbp_anonymous_reply_count":0,"_bbp_topic_count_hidden":0,"_bbp_reply_count_hidden":0,"_bbp_forum_subforum_count":0,"site-sidebar-layout":"default","site-content-layout":"","ast-site-content-layout":"","site-content-style":"default","site-sidebar-style":"default","ast-global-header-display":"","ast-banner-title-visibility":"","ast-main-header-display":"","ast-hfb-above-header-display":"","ast-hfb-below-header-display":"","ast-hfb-mobile-header-display":"","site-post-title":"","ast-breadcrumbs-content":"","ast-featured-img":"","footer-sml-layout":"","theme-transparent-header-meta":"","adv-header-id-meta":"","stick-header-meta":"","header-above-stick-meta":"","header-main-stick-meta":"","header-below-stick-meta":"","astra-migrate-meta-layouts":"default","ast-page-background-enabled":"default","ast-page-background-meta":{"desktop":{"background-color":"var(--ast-global-color-4)","background-image":"","background-repeat":"repeat","background-position":"center center","background-size":"auto","background-attachment":"scroll","background-type":"","background-media":"","overlay-type":"","overlay-color":"","overlay-opacity":"","overlay-gradient":""},"tablet":{"background-color":"","background-image":"","background-repeat":"repeat","background-position":"center center","background-size":"auto","background-attachment":"scroll","background-type":"","background-media":"","overlay-type":"","overlay-color":"","overlay-opacity":"","overlay-gradient":""},"mobile":{"background-color":"","background-image":"","background-repeat":"repeat","background-position":"center center","background-size":"auto","background-attachment":"scroll","background-type":"","background-media":"","overlay-type":"","overlay-color":"","overlay-opacity":"","overlay-gradient":""}},"ast-content-background-meta":{"desktop":{"background-color":"var(--ast-global-color-5)","background-image":"","background-repeat":"repeat","background-position":"center center","background-size":"auto","background-attachment":"scroll","background-type":"","background-media":"","overlay-type":"","overlay-color":"","overlay-opacity":"","overlay-gradient":""},"tablet":{"background-color":"var(--ast-global-color-5)","background-image":"","background-repeat":"repeat","background-position":"center center","background-size":"auto","background-attachment":"scroll","background-type":"","background-media":"","overlay-type":"","overlay-color":"","overlay-opacity":"","overlay-gradient":""},"mobile":{"background-color":"var(--ast-global-color-5)","background-image":"","background-repeat":"repeat","background-position":"center center","background-size":"auto","background-attachment":"scroll","background-type":"","background-media":"","overlay-type":"","overlay-color":"","overlay-opacity":"","overlay-gradient":""}},"footnotes":""},"categories":[282,287,76],"tags":[289,399,307],"class_list":["post-9849","post","type-post","status-publish","format-standard","has-post-thumbnail","hentry","category-actualitat","category-recomanem","category-recursos","tag-emocions","tag-psicologia-infantil","tag-tutoria"],"post_mailing_queue_ids":[],"_links":{"self":[{"href":"https:\/\/serveiseducatius.xtec.cat\/altcamp\/wp-json\/wp\/v2\/posts\/9849","targetHints":{"allow":["GET"]}}],"collection":[{"href":"https:\/\/serveiseducatius.xtec.cat\/altcamp\/wp-json\/wp\/v2\/posts"}],"about":[{"href":"https:\/\/serveiseducatius.xtec.cat\/altcamp\/wp-json\/wp\/v2\/types\/post"}],"author":[{"embeddable":true,"href":"https:\/\/serveiseducatius.xtec.cat\/altcamp\/wp-json\/wp\/v2\/users\/4"}],"replies":[{"embeddable":true,"href":"https:\/\/serveiseducatius.xtec.cat\/altcamp\/wp-json\/wp\/v2\/comments?post=9849"}],"version-history":[{"count":1,"href":"https:\/\/serveiseducatius.xtec.cat\/altcamp\/wp-json\/wp\/v2\/posts\/9849\/revisions"}],"predecessor-version":[{"id":9851,"href":"https:\/\/serveiseducatius.xtec.cat\/altcamp\/wp-json\/wp\/v2\/posts\/9849\/revisions\/9851"}],"wp:featuredmedia":[{"embeddable":true,"href":"https:\/\/serveiseducatius.xtec.cat\/altcamp\/wp-json\/wp\/v2\/media\/9850"}],"wp:attachment":[{"href":"https:\/\/serveiseducatius.xtec.cat\/altcamp\/wp-json\/wp\/v2\/media?parent=9849"}],"wp:term":[{"taxonomy":"category","embeddable":true,"href":"https:\/\/serveiseducatius.xtec.cat\/altcamp\/wp-json\/wp\/v2\/categories?post=9849"},{"taxonomy":"post_tag","embeddable":true,"href":"https:\/\/serveiseducatius.xtec.cat\/altcamp\/wp-json\/wp\/v2\/tags?post=9849"}],"curies":[{"name":"wp","href":"https:\/\/api.w.org\/{rel}","templated":true}]}}