{"id":9819,"date":"2020-05-15T17:50:49","date_gmt":"2020-05-15T15:50:49","guid":{"rendered":"http:\/\/serveiseducatius.xtec.cat\/altcamp\/?p=9819"},"modified":"2020-05-15T17:51:57","modified_gmt":"2020-05-15T15:51:57","slug":"obrim-finestres-dia-internacional-dels-museus","status":"publish","type":"post","link":"https:\/\/serveiseducatius.xtec.cat\/altcamp\/recursos\/obrim-finestres-dia-internacional-dels-museus\/","title":{"rendered":"Obrim finestres. Dia Internacional dels Museus"},"content":{"rendered":"<p><img loading=\"lazy\" decoding=\"async\" class=\"alignnone size-medium wp-image-9822 aligncenter\" src=\"https:\/\/serveiseducatius.xtec.cat\/altcamp\/wp-content\/uploads\/usu1130\/2020\/05\/web_2000x579_02-1-300x86.jpg\" alt=\"\" width=\"300\" height=\"86\" srcset=\"https:\/\/serveiseducatius.xtec.cat\/altcamp\/wp-content\/uploads\/usu1130\/2020\/05\/web_2000x579_02-1-300x86.jpg 300w, https:\/\/serveiseducatius.xtec.cat\/altcamp\/wp-content\/uploads\/usu1130\/2020\/05\/web_2000x579_02-1.jpg 510w\" sizes=\"auto, (max-width: 300px) 100vw, 300px\" \/><\/p>\n<p>Com cada 18 de maig, se celebra el <strong>Dia Internacional dels Museus\u00a0<\/strong>(DIM), el gran esdeveniment que organitza, des del 1977, el\u00a0<a href=\"https:\/\/icom.museum\/es\/\" target=\"_blank\" rel=\"noopener noreferrer\"><strong>Comit\u00e8 Internacional dels Museus<\/strong>\u00a0(ICOM)<\/a>. \u00c9s el dia en qu\u00e8 els\u00a0museus s\u00f3n els protagonistes\u00a0i obren les seves portes per oferir una\u00a0atractiva oferta d&#8217;activitats\u00a0i per sensibilitzar als seus visitants i a la poblaci\u00f3 de la seva import\u00e0ncia en el desenvolupament de la societat.<\/p>\n<p>Enguany, davant la pand\u00e8mia mundial de la COVID-19 i el confinament de la societat per prevenir l\u2019expansi\u00f3 del virus, organitzacions i institucions muse\u00edstiques volen ser m\u00e9s a prop que mai de totes i de tots i celebrar igualment el Dia Internacional dels Museus, enguany de manera\u00a0<strong>virtual<\/strong>.\u00a0<a href=\"http:\/\/patrimoni.gencat.cat\/ca\/dim2020\"><strong>Un DIM segur per a les persones, tecnol\u00f2gicament obert, accessible, plural i divers<\/strong>.<\/a><\/p>\n","protected":false},"excerpt":{"rendered":"<p>Com cada 18 de maig, se celebra el Dia Internacional dels Museus\u00a0(DIM), el gran esdeveniment que organitza, des del 1977, el\u00a0Comit\u00e8 Internacional dels Museus\u00a0(ICOM). \u00c9s el dia en qu\u00e8 els\u00a0museus s\u00f3n els protagonistes\u00a0i obren les seves portes per oferir una\u00a0atractiva oferta d&#8217;activitats\u00a0i per sensibilitzar als seus visitants i a la poblaci\u00f3 de la seva import\u00e0ncia [&hellip;]<\/p>\n","protected":false},"author":4,"featured_media":9822,"comment_status":"open","ping_status":"closed","sticky":false,"template":"","format":"standard","meta":{"_bbp_topic_count":0,"_bbp_reply_count":0,"_bbp_total_topic_count":0,"_bbp_total_reply_count":0,"_bbp_voice_count":0,"_bbp_anonymous_reply_count":0,"_bbp_topic_count_hidden":0,"_bbp_reply_count_hidden":0,"_bbp_forum_subforum_count":0,"site-sidebar-layout":"default","site-content-layout":"","ast-site-content-layout":"","site-content-style":"default","site-sidebar-style":"default","ast-global-header-display":"","ast-banner-title-visibility":"","ast-main-header-display":"","ast-hfb-above-header-display":"","ast-hfb-below-header-display":"","ast-hfb-mobile-header-display":"","site-post-title":"","ast-breadcrumbs-content":"","ast-featured-img":"","footer-sml-layout":"","theme-transparent-header-meta":"","adv-header-id-meta":"","stick-header-meta":"","header-above-stick-meta":"","header-main-stick-meta":"","header-below-stick-meta":"","astra-migrate-meta-layouts":"default","ast-page-background-enabled":"default","ast-page-background-meta":{"desktop":{"background-color":"var(--ast-global-color-4)","background-image":"","background-repeat":"repeat","background-position":"center center","background-size":"auto","background-attachment":"scroll","background-type":"","background-media":"","overlay-type":"","overlay-color":"","overlay-opacity":"","overlay-gradient":""},"tablet":{"background-color":"","background-image":"","background-repeat":"repeat","background-position":"center center","background-size":"auto","background-attachment":"scroll","background-type":"","background-media":"","overlay-type":"","overlay-color":"","overlay-opacity":"","overlay-gradient":""},"mobile":{"background-color":"","background-image":"","background-repeat":"repeat","background-position":"center center","background-size":"auto","background-attachment":"scroll","background-type":"","background-media":"","overlay-type":"","overlay-color":"","overlay-opacity":"","overlay-gradient":""}},"ast-content-background-meta":{"desktop":{"background-color":"var(--ast-global-color-5)","background-image":"","background-repeat":"repeat","background-position":"center center","background-size":"auto","background-attachment":"scroll","background-type":"","background-media":"","overlay-type":"","overlay-color":"","overlay-opacity":"","overlay-gradient":""},"tablet":{"background-color":"var(--ast-global-color-5)","background-image":"","background-repeat":"repeat","background-position":"center center","background-size":"auto","background-attachment":"scroll","background-type":"","background-media":"","overlay-type":"","overlay-color":"","overlay-opacity":"","overlay-gradient":""},"mobile":{"background-color":"var(--ast-global-color-5)","background-image":"","background-repeat":"repeat","background-position":"center center","background-size":"auto","background-attachment":"scroll","background-type":"","background-media":"","overlay-type":"","overlay-color":"","overlay-opacity":"","overlay-gradient":""}},"footnotes":""},"categories":[282,287,76],"tags":[429],"class_list":["post-9819","post","type-post","status-publish","format-standard","has-post-thumbnail","hentry","category-actualitat","category-recomanem","category-recursos","tag-museus"],"post_mailing_queue_ids":[],"_links":{"self":[{"href":"https:\/\/serveiseducatius.xtec.cat\/altcamp\/wp-json\/wp\/v2\/posts\/9819","targetHints":{"allow":["GET"]}}],"collection":[{"href":"https:\/\/serveiseducatius.xtec.cat\/altcamp\/wp-json\/wp\/v2\/posts"}],"about":[{"href":"https:\/\/serveiseducatius.xtec.cat\/altcamp\/wp-json\/wp\/v2\/types\/post"}],"author":[{"embeddable":true,"href":"https:\/\/serveiseducatius.xtec.cat\/altcamp\/wp-json\/wp\/v2\/users\/4"}],"replies":[{"embeddable":true,"href":"https:\/\/serveiseducatius.xtec.cat\/altcamp\/wp-json\/wp\/v2\/comments?post=9819"}],"version-history":[{"count":1,"href":"https:\/\/serveiseducatius.xtec.cat\/altcamp\/wp-json\/wp\/v2\/posts\/9819\/revisions"}],"predecessor-version":[{"id":9823,"href":"https:\/\/serveiseducatius.xtec.cat\/altcamp\/wp-json\/wp\/v2\/posts\/9819\/revisions\/9823"}],"wp:featuredmedia":[{"embeddable":true,"href":"https:\/\/serveiseducatius.xtec.cat\/altcamp\/wp-json\/wp\/v2\/media\/9822"}],"wp:attachment":[{"href":"https:\/\/serveiseducatius.xtec.cat\/altcamp\/wp-json\/wp\/v2\/media?parent=9819"}],"wp:term":[{"taxonomy":"category","embeddable":true,"href":"https:\/\/serveiseducatius.xtec.cat\/altcamp\/wp-json\/wp\/v2\/categories?post=9819"},{"taxonomy":"post_tag","embeddable":true,"href":"https:\/\/serveiseducatius.xtec.cat\/altcamp\/wp-json\/wp\/v2\/tags?post=9819"}],"curies":[{"name":"wp","href":"https:\/\/api.w.org\/{rel}","templated":true}]}}