{"id":9267,"date":"2019-11-29T12:37:16","date_gmt":"2019-11-29T11:37:16","guid":{"rendered":"http:\/\/serveiseducatius.xtec.cat\/altcamp\/?p=9267"},"modified":"2019-11-29T12:39:08","modified_gmt":"2019-11-29T11:39:08","slug":"projectemobil-i-donam-la-teva-mirada","status":"publish","type":"post","link":"https:\/\/serveiseducatius.xtec.cat\/altcamp\/recursos\/projectemobil-i-donam-la-teva-mirada\/","title":{"rendered":"Projectem\u00f2bil i Dona&#8217;m la teva mirada"},"content":{"rendered":"<p><img loading=\"lazy\" decoding=\"async\" class=\"alignnone size-full wp-image-9268\" src=\"https:\/\/serveiseducatius.xtec.cat\/altcamp\/wp-content\/uploads\/usu1130\/2019\/11\/aulamedia.jpg\" alt=\"\" width=\"511\" height=\"281\" srcset=\"https:\/\/serveiseducatius.xtec.cat\/altcamp\/wp-content\/uploads\/usu1130\/2019\/11\/aulamedia.jpg 511w, https:\/\/serveiseducatius.xtec.cat\/altcamp\/wp-content\/uploads\/usu1130\/2019\/11\/aulamedia-300x165.jpg 300w\" sizes=\"auto, (max-width: 511px) 100vw, 511px\" \/><\/p>\n<p>Disposem en pr\u00e9stec dels materials en DVD <strong>Projectem\u00f2bil<\/strong> i <strong>Donam la teva mirada<\/strong>. S\u00f3n recursos did\u00e0ctics adre\u00e7ats a secund\u00e0ria elaborats per <strong><a href=\"http:\/\/www.aulamedia.org\/wordpress\/\">Aulam\u00e8dia\u00a0<\/a><br \/>\n<\/strong><strong><a href=\"https:\/\/projectemobil.aulamedia.org\/?page_id=327\">Projectem\u00f2bil <\/a><\/strong>\u00a0\u00e9s un documental vol mostrar alguns dels problemes mediambientals, socials i laborals que es generen en la fabricaci\u00f3 dels m\u00f2bils. Un viatge per les mines de coltan del Congo, les f\u00e0briques de la Xina i els abocadors de residus electr\u00f2nics de Ghana.<a href=\"https:\/\/donamlatevamirada.wordpress.com\/\"><strong>Donam la teva mirada\u00a0 <\/strong><\/a>\u00a0\u00e9s un material multim\u00e8dia, flexible i innovador que explica de manera senzilla i entretinguda els fonaments b\u00e0sics del llenguatge audiovisual per a qualsevol persona interessada a comprendre millor el que veu en una pantalla.<\/p>\n<p>&nbsp;<\/p>\n","protected":false},"excerpt":{"rendered":"<p>Disposem en pr\u00e9stec dels materials en DVD Projectem\u00f2bil i Donam la teva mirada. S\u00f3n recursos did\u00e0ctics adre\u00e7ats a secund\u00e0ria elaborats per Aulam\u00e8dia\u00a0 Projectem\u00f2bil \u00a0\u00e9s un documental vol mostrar alguns dels problemes mediambientals, socials i laborals que es generen en la fabricaci\u00f3 dels m\u00f2bils. Un viatge per les mines de coltan del Congo, les f\u00e0briques de [&hellip;]<\/p>\n","protected":false},"author":4,"featured_media":9268,"comment_status":"open","ping_status":"closed","sticky":false,"template":"","format":"standard","meta":{"_bbp_topic_count":0,"_bbp_reply_count":0,"_bbp_total_topic_count":0,"_bbp_total_reply_count":0,"_bbp_voice_count":0,"_bbp_anonymous_reply_count":0,"_bbp_topic_count_hidden":0,"_bbp_reply_count_hidden":0,"_bbp_forum_subforum_count":0,"site-sidebar-layout":"default","site-content-layout":"","ast-site-content-layout":"","site-content-style":"default","site-sidebar-style":"default","ast-global-header-display":"","ast-banner-title-visibility":"","ast-main-header-display":"","ast-hfb-above-header-display":"","ast-hfb-below-header-display":"","ast-hfb-mobile-header-display":"","site-post-title":"","ast-breadcrumbs-content":"","ast-featured-img":"","footer-sml-layout":"","theme-transparent-header-meta":"","adv-header-id-meta":"","stick-header-meta":"","header-above-stick-meta":"","header-main-stick-meta":"","header-below-stick-meta":"","astra-migrate-meta-layouts":"default","ast-page-background-enabled":"default","ast-page-background-meta":{"desktop":{"background-color":"var(--ast-global-color-4)","background-image":"","background-repeat":"repeat","background-position":"center center","background-size":"auto","background-attachment":"scroll","background-type":"","background-media":"","overlay-type":"","overlay-color":"","overlay-opacity":"","overlay-gradient":""},"tablet":{"background-color":"","background-image":"","background-repeat":"repeat","background-position":"center center","background-size":"auto","background-attachment":"scroll","background-type":"","background-media":"","overlay-type":"","overlay-color":"","overlay-opacity":"","overlay-gradient":""},"mobile":{"background-color":"","background-image":"","background-repeat":"repeat","background-position":"center center","background-size":"auto","background-attachment":"scroll","background-type":"","background-media":"","overlay-type":"","overlay-color":"","overlay-opacity":"","overlay-gradient":""}},"ast-content-background-meta":{"desktop":{"background-color":"var(--ast-global-color-5)","background-image":"","background-repeat":"repeat","background-position":"center center","background-size":"auto","background-attachment":"scroll","background-type":"","background-media":"","overlay-type":"","overlay-color":"","overlay-opacity":"","overlay-gradient":""},"tablet":{"background-color":"var(--ast-global-color-5)","background-image":"","background-repeat":"repeat","background-position":"center center","background-size":"auto","background-attachment":"scroll","background-type":"","background-media":"","overlay-type":"","overlay-color":"","overlay-opacity":"","overlay-gradient":""},"mobile":{"background-color":"var(--ast-global-color-5)","background-image":"","background-repeat":"repeat","background-position":"center center","background-size":"auto","background-attachment":"scroll","background-type":"","background-media":"","overlay-type":"","overlay-color":"","overlay-opacity":"","overlay-gradient":""}},"footnotes":""},"categories":[287,76],"tags":[315,37,301,167,304],"class_list":["post-9267","post","type-post","status-publish","format-standard","has-post-thumbnail","hentry","category-recomanem","category-recursos","tag-arts","tag-audiovisuals","tag-cinema","tag-comunicacio-i-llenguatge","tag-tecnologia"],"post_mailing_queue_ids":[],"_links":{"self":[{"href":"https:\/\/serveiseducatius.xtec.cat\/altcamp\/wp-json\/wp\/v2\/posts\/9267","targetHints":{"allow":["GET"]}}],"collection":[{"href":"https:\/\/serveiseducatius.xtec.cat\/altcamp\/wp-json\/wp\/v2\/posts"}],"about":[{"href":"https:\/\/serveiseducatius.xtec.cat\/altcamp\/wp-json\/wp\/v2\/types\/post"}],"author":[{"embeddable":true,"href":"https:\/\/serveiseducatius.xtec.cat\/altcamp\/wp-json\/wp\/v2\/users\/4"}],"replies":[{"embeddable":true,"href":"https:\/\/serveiseducatius.xtec.cat\/altcamp\/wp-json\/wp\/v2\/comments?post=9267"}],"version-history":[{"count":2,"href":"https:\/\/serveiseducatius.xtec.cat\/altcamp\/wp-json\/wp\/v2\/posts\/9267\/revisions"}],"predecessor-version":[{"id":9270,"href":"https:\/\/serveiseducatius.xtec.cat\/altcamp\/wp-json\/wp\/v2\/posts\/9267\/revisions\/9270"}],"wp:featuredmedia":[{"embeddable":true,"href":"https:\/\/serveiseducatius.xtec.cat\/altcamp\/wp-json\/wp\/v2\/media\/9268"}],"wp:attachment":[{"href":"https:\/\/serveiseducatius.xtec.cat\/altcamp\/wp-json\/wp\/v2\/media?parent=9267"}],"wp:term":[{"taxonomy":"category","embeddable":true,"href":"https:\/\/serveiseducatius.xtec.cat\/altcamp\/wp-json\/wp\/v2\/categories?post=9267"},{"taxonomy":"post_tag","embeddable":true,"href":"https:\/\/serveiseducatius.xtec.cat\/altcamp\/wp-json\/wp\/v2\/tags?post=9267"}],"curies":[{"name":"wp","href":"https:\/\/api.w.org\/{rel}","templated":true}]}}