{"id":9212,"date":"2019-09-24T09:50:03","date_gmt":"2019-09-24T07:50:03","guid":{"rendered":"http:\/\/serveiseducatius.xtec.cat\/altcamp\/?p=9212"},"modified":"2019-09-24T09:50:40","modified_gmt":"2019-09-24T07:50:40","slug":"conferencia","status":"publish","type":"post","link":"https:\/\/serveiseducatius.xtec.cat\/altcamp\/general\/conferencia\/","title":{"rendered":"Confer\u00e8ncia"},"content":{"rendered":"<p><img loading=\"lazy\" decoding=\"async\" class=\"alignnone size-full wp-image-9213\" src=\"https:\/\/serveiseducatius.xtec.cat\/altcamp\/wp-content\/uploads\/usu1130\/2019\/09\/Compet\u00e8ncia-informacional.-M\u00f2nica-Badia.jpg\" alt=\"\" width=\"510\" height=\"361\" srcset=\"https:\/\/serveiseducatius.xtec.cat\/altcamp\/wp-content\/uploads\/usu1130\/2019\/09\/Compet\u00e8ncia-informacional.-M\u00f2nica-Badia.jpg 510w, https:\/\/serveiseducatius.xtec.cat\/altcamp\/wp-content\/uploads\/usu1130\/2019\/09\/Compet\u00e8ncia-informacional.-M\u00f2nica-Badia-300x212.jpg 300w\" sizes=\"auto, (max-width: 510px) 100vw, 510px\" \/><\/p>\n<p>El proper dimarts dia <b>1 d&#8217;octubre, a 2\/4 de 6 de la tarda,<\/b> al CRP de l&#8217;Alt Camp, tindr\u00e0 lloc la confer\u00e8ncia <b><i>Compet\u00e8ncia informacional: qu\u00e8 i com?, <\/i><\/b>a c\u00e0rrec de M\u00f2nica Badia.<\/p>\n<p><span style=\"font-size: small;\"><b><a title=\"Compet\u00e8ncia informacional a l'aula\" href=\"https:\/\/sites.google.com\/a\/xtec.cat\/cinfo-aula\/\" target=\"_blank\" rel=\"nofollow noopener noreferrer\">Compet\u00e8ncia informacional a l&#8217;aula<\/a><\/b><\/span><\/p>\n<p>Espai de difusi\u00f3, reflexi\u00f3 i creaci\u00f3 al voltant de la compet\u00e8ncia informacional aplicada a l&#8217;ensenyament obligatori i al batxillerat.<\/p>\n<p><b><a href=\"http:\/\/ateneu.xtec.cat\/wikiform\/wikiexport\/_media\/cmd\/bib\/be3\/modul_3\/practica_3\/recursos_compete_ncia_informacional.pdf\" target=\"_blank\" rel=\"nofollow noopener noreferrer\">Recursos per a desenvolupar la compet\u00e8ncia informacional<\/a><\/b><br \/>\nAnna Blasco<\/p>\n<p><b><a href=\"https:\/\/www.catorze.cat\/noticia\/6750\/educadors\/pellicula\/amb\/jaume\/cela\" target=\"_blank\" rel=\"nofollow noopener noreferrer\">SOS: Ensenyeu-me a navegar!\u00a0<\/a><\/b><\/p>\n<p align=\"center\"><a href=\"https:\/\/docs.google.com\/forms\/d\/e\/1FAIpQLScHWKbdNLSuLUPv4i9Ta6d-UPKJZT5CNzwrXxQzsa5ZSS20sA\/viewform\" target=\"_blank\" rel=\"noopener noreferrer\">\u2192<b> <\/b>Formulari d&#8217;inscripci\u00f3<\/a><\/p>\n","protected":false},"excerpt":{"rendered":"<p>El proper dimarts dia 1 d&#8217;octubre, a 2\/4 de 6 de la tarda, al CRP de l&#8217;Alt Camp, tindr\u00e0 lloc la confer\u00e8ncia Compet\u00e8ncia informacional: qu\u00e8 i com?, a c\u00e0rrec de M\u00f2nica Badia. Compet\u00e8ncia informacional a l&#8217;aula Espai de difusi\u00f3, reflexi\u00f3 i creaci\u00f3 al voltant de la compet\u00e8ncia informacional aplicada a l&#8217;ensenyament obligatori i al batxillerat. [&hellip;]<\/p>\n","protected":false},"author":4,"featured_media":9213,"comment_status":"closed","ping_status":"closed","sticky":false,"template":"","format":"standard","meta":{"_bbp_topic_count":0,"_bbp_reply_count":0,"_bbp_total_topic_count":0,"_bbp_total_reply_count":0,"_bbp_voice_count":0,"_bbp_anonymous_reply_count":0,"_bbp_topic_count_hidden":0,"_bbp_reply_count_hidden":0,"_bbp_forum_subforum_count":0,"site-sidebar-layout":"default","site-content-layout":"","ast-site-content-layout":"","site-content-style":"default","site-sidebar-style":"default","ast-global-header-display":"","ast-banner-title-visibility":"","ast-main-header-display":"","ast-hfb-above-header-display":"","ast-hfb-below-header-display":"","ast-hfb-mobile-header-display":"","site-post-title":"","ast-breadcrumbs-content":"","ast-featured-img":"","footer-sml-layout":"","theme-transparent-header-meta":"","adv-header-id-meta":"","stick-header-meta":"","header-above-stick-meta":"","header-main-stick-meta":"","header-below-stick-meta":"","astra-migrate-meta-layouts":"default","ast-page-background-enabled":"default","ast-page-background-meta":{"desktop":{"background-color":"var(--ast-global-color-4)","background-image":"","background-repeat":"repeat","background-position":"center center","background-size":"auto","background-attachment":"scroll","background-type":"","background-media":"","overlay-type":"","overlay-color":"","overlay-opacity":"","overlay-gradient":""},"tablet":{"background-color":"","background-image":"","background-repeat":"repeat","background-position":"center center","background-size":"auto","background-attachment":"scroll","background-type":"","background-media":"","overlay-type":"","overlay-color":"","overlay-opacity":"","overlay-gradient":""},"mobile":{"background-color":"","background-image":"","background-repeat":"repeat","background-position":"center center","background-size":"auto","background-attachment":"scroll","background-type":"","background-media":"","overlay-type":"","overlay-color":"","overlay-opacity":"","overlay-gradient":""}},"ast-content-background-meta":{"desktop":{"background-color":"var(--ast-global-color-5)","background-image":"","background-repeat":"repeat","background-position":"center center","background-size":"auto","background-attachment":"scroll","background-type":"","background-media":"","overlay-type":"","overlay-color":"","overlay-opacity":"","overlay-gradient":""},"tablet":{"background-color":"var(--ast-global-color-5)","background-image":"","background-repeat":"repeat","background-position":"center center","background-size":"auto","background-attachment":"scroll","background-type":"","background-media":"","overlay-type":"","overlay-color":"","overlay-opacity":"","overlay-gradient":""},"mobile":{"background-color":"var(--ast-global-color-5)","background-image":"","background-repeat":"repeat","background-position":"center center","background-size":"auto","background-attachment":"scroll","background-type":"","background-media":"","overlay-type":"","overlay-color":"","overlay-opacity":"","overlay-gradient":""}},"footnotes":""},"categories":[282,1],"tags":[197],"class_list":["post-9212","post","type-post","status-publish","format-standard","has-post-thumbnail","hentry","category-actualitat","category-general","tag-competencia-informacional"],"post_mailing_queue_ids":[],"_links":{"self":[{"href":"https:\/\/serveiseducatius.xtec.cat\/altcamp\/wp-json\/wp\/v2\/posts\/9212","targetHints":{"allow":["GET"]}}],"collection":[{"href":"https:\/\/serveiseducatius.xtec.cat\/altcamp\/wp-json\/wp\/v2\/posts"}],"about":[{"href":"https:\/\/serveiseducatius.xtec.cat\/altcamp\/wp-json\/wp\/v2\/types\/post"}],"author":[{"embeddable":true,"href":"https:\/\/serveiseducatius.xtec.cat\/altcamp\/wp-json\/wp\/v2\/users\/4"}],"replies":[{"embeddable":true,"href":"https:\/\/serveiseducatius.xtec.cat\/altcamp\/wp-json\/wp\/v2\/comments?post=9212"}],"version-history":[{"count":2,"href":"https:\/\/serveiseducatius.xtec.cat\/altcamp\/wp-json\/wp\/v2\/posts\/9212\/revisions"}],"predecessor-version":[{"id":9215,"href":"https:\/\/serveiseducatius.xtec.cat\/altcamp\/wp-json\/wp\/v2\/posts\/9212\/revisions\/9215"}],"wp:featuredmedia":[{"embeddable":true,"href":"https:\/\/serveiseducatius.xtec.cat\/altcamp\/wp-json\/wp\/v2\/media\/9213"}],"wp:attachment":[{"href":"https:\/\/serveiseducatius.xtec.cat\/altcamp\/wp-json\/wp\/v2\/media?parent=9212"}],"wp:term":[{"taxonomy":"category","embeddable":true,"href":"https:\/\/serveiseducatius.xtec.cat\/altcamp\/wp-json\/wp\/v2\/categories?post=9212"},{"taxonomy":"post_tag","embeddable":true,"href":"https:\/\/serveiseducatius.xtec.cat\/altcamp\/wp-json\/wp\/v2\/tags?post=9212"}],"curies":[{"name":"wp","href":"https:\/\/api.w.org\/{rel}","templated":true}]}}