{"id":9146,"date":"2019-03-11T16:53:55","date_gmt":"2019-03-11T15:53:55","guid":{"rendered":"http:\/\/serveiseducatius.xtec.cat\/altcamp\/?p=9146"},"modified":"2019-03-12T09:02:58","modified_gmt":"2019-03-12T08:02:58","slug":"presentacio-isidro-de-rabasso-fer-castells-es-necessari","status":"publish","type":"post","link":"https:\/\/serveiseducatius.xtec.cat\/altcamp\/actualitat\/presentacio-isidro-de-rabasso-fer-castells-es-necessari\/","title":{"rendered":"Presentaci\u00f3"},"content":{"rendered":"<p><img loading=\"lazy\" decoding=\"async\" class=\"alignnone size-full wp-image-9147\" src=\"https:\/\/serveiseducatius.xtec.cat\/altcamp\/wp-content\/uploads\/usu1130\/2019\/03\/Conte-Isidro-Rabasso.jpg\" alt=\"\" width=\"510\" height=\"490\" srcset=\"https:\/\/serveiseducatius.xtec.cat\/altcamp\/wp-content\/uploads\/usu1130\/2019\/03\/Conte-Isidro-Rabasso.jpg 510w, https:\/\/serveiseducatius.xtec.cat\/altcamp\/wp-content\/uploads\/usu1130\/2019\/03\/Conte-Isidro-Rabasso-300x288.jpg 300w\" sizes=\"auto, (max-width: 510px) 100vw, 510px\" \/><\/p>\n<p>El proper dimarts, dia\u00a0<b>26 de mar\u00e7<\/b>, a 2\/4 de 6 de la tarda es far\u00e0 al CRP de l&#8217;Alt Camp la presentaci\u00f3 del conte<i>\u00a0<b>Isidro de Rabass\u00f3: Fer castells \u00e9s necessari<\/b><\/i>. Escrit per Roger Roig amb il\u00b7lustracions de David Rovira. Un relat de ficci\u00f3 infantil al voltant de la figura del m\u00edtic casteller del segle XIX i cap de colla de la Colla Vella dels Xiquets de Valls entre 1875 i 1918.<\/p>\n<p><b>Un encontre generacional entre un menut enxaneta i el veter\u00e0 casteller dins el contex social del Valls actual i el del s. XIX<\/b>, on fer castells es convertir\u00e0 tamb\u00e9 en una\u00a0<b>met\u00e0fora sobre els valors vitals del M\u00f3n Casteller\u00a0<\/b>i que segurament que us sorprendr\u00e0.<\/p>\n<p>Aquest projecte no hauria estat possible sense la col\u00b7laboraci\u00f3 de la Diputaci\u00f3 de Tarragona, el Departament de Cultura de la Generalitat de Catalunya i la C\u00e0tedra URV Per l&#8217;Estudi del Fet Casteller.<\/p>\n<p><b>Est\u00e0 previst distribuir als centres de la comarca que n&#8217;estiguin interessats un exemplar del conte per a cada alumne<i>\u00a0<\/i>amb alguns suggeriments per a l&#8217;aprofitament did\u00e0ctic<\/b>\u00a0(Nivells de CM i CS)<\/p>\n<p>Si voleu assistir a la presentaci\u00f3 us podeu inscriure en\u00a0<b><a href=\"https:\/\/docs.google.com\/forms\/d\/e\/1FAIpQLScx3PllZrn6yglcxqe5ym0p6i0if7Px-xeHRkmincXvSCziGg\/viewform\" target=\"_blank\" rel=\"noopener\">aquest formulari<\/a>\u00a0<\/b><b>fins el 24 de mar\u00e7.<\/b><\/p>\n","protected":false},"excerpt":{"rendered":"<p>El proper dimarts, dia\u00a026 de mar\u00e7, a 2\/4 de 6 de la tarda es far\u00e0 al CRP de l&#8217;Alt Camp la presentaci\u00f3 del conte\u00a0Isidro de Rabass\u00f3: Fer castells \u00e9s necessari. Escrit per Roger Roig amb il\u00b7lustracions de David Rovira. Un relat de ficci\u00f3 infantil al voltant de la figura del m\u00edtic casteller del segle XIX [&hellip;]<\/p>\n","protected":false},"author":4,"featured_media":9147,"comment_status":"open","ping_status":"closed","sticky":false,"template":"","format":"standard","meta":{"_bbp_topic_count":0,"_bbp_reply_count":0,"_bbp_total_topic_count":0,"_bbp_total_reply_count":0,"_bbp_voice_count":0,"_bbp_anonymous_reply_count":0,"_bbp_topic_count_hidden":0,"_bbp_reply_count_hidden":0,"_bbp_forum_subforum_count":0,"site-sidebar-layout":"default","site-content-layout":"","ast-site-content-layout":"","site-content-style":"default","site-sidebar-style":"default","ast-global-header-display":"","ast-banner-title-visibility":"","ast-main-header-display":"","ast-hfb-above-header-display":"","ast-hfb-below-header-display":"","ast-hfb-mobile-header-display":"","site-post-title":"","ast-breadcrumbs-content":"","ast-featured-img":"","footer-sml-layout":"","theme-transparent-header-meta":"","adv-header-id-meta":"","stick-header-meta":"","header-above-stick-meta":"","header-main-stick-meta":"","header-below-stick-meta":"","astra-migrate-meta-layouts":"default","ast-page-background-enabled":"default","ast-page-background-meta":{"desktop":{"background-color":"var(--ast-global-color-4)","background-image":"","background-repeat":"repeat","background-position":"center center","background-size":"auto","background-attachment":"scroll","background-type":"","background-media":"","overlay-type":"","overlay-color":"","overlay-opacity":"","overlay-gradient":""},"tablet":{"background-color":"","background-image":"","background-repeat":"repeat","background-position":"center center","background-size":"auto","background-attachment":"scroll","background-type":"","background-media":"","overlay-type":"","overlay-color":"","overlay-opacity":"","overlay-gradient":""},"mobile":{"background-color":"","background-image":"","background-repeat":"repeat","background-position":"center center","background-size":"auto","background-attachment":"scroll","background-type":"","background-media":"","overlay-type":"","overlay-color":"","overlay-opacity":"","overlay-gradient":""}},"ast-content-background-meta":{"desktop":{"background-color":"var(--ast-global-color-5)","background-image":"","background-repeat":"repeat","background-position":"center center","background-size":"auto","background-attachment":"scroll","background-type":"","background-media":"","overlay-type":"","overlay-color":"","overlay-opacity":"","overlay-gradient":""},"tablet":{"background-color":"var(--ast-global-color-5)","background-image":"","background-repeat":"repeat","background-position":"center center","background-size":"auto","background-attachment":"scroll","background-type":"","background-media":"","overlay-type":"","overlay-color":"","overlay-opacity":"","overlay-gradient":""},"mobile":{"background-color":"var(--ast-global-color-5)","background-image":"","background-repeat":"repeat","background-position":"center center","background-size":"auto","background-attachment":"scroll","background-type":"","background-media":"","overlay-type":"","overlay-color":"","overlay-opacity":"","overlay-gradient":""}},"footnotes":""},"categories":[282,287],"tags":[236,293],"class_list":["post-9146","post","type-post","status-publish","format-standard","has-post-thumbnail","hentry","category-actualitat","category-recomanem","tag-llengua-catalana","tag-socials"],"post_mailing_queue_ids":[],"_links":{"self":[{"href":"https:\/\/serveiseducatius.xtec.cat\/altcamp\/wp-json\/wp\/v2\/posts\/9146","targetHints":{"allow":["GET"]}}],"collection":[{"href":"https:\/\/serveiseducatius.xtec.cat\/altcamp\/wp-json\/wp\/v2\/posts"}],"about":[{"href":"https:\/\/serveiseducatius.xtec.cat\/altcamp\/wp-json\/wp\/v2\/types\/post"}],"author":[{"embeddable":true,"href":"https:\/\/serveiseducatius.xtec.cat\/altcamp\/wp-json\/wp\/v2\/users\/4"}],"replies":[{"embeddable":true,"href":"https:\/\/serveiseducatius.xtec.cat\/altcamp\/wp-json\/wp\/v2\/comments?post=9146"}],"version-history":[{"count":2,"href":"https:\/\/serveiseducatius.xtec.cat\/altcamp\/wp-json\/wp\/v2\/posts\/9146\/revisions"}],"predecessor-version":[{"id":9149,"href":"https:\/\/serveiseducatius.xtec.cat\/altcamp\/wp-json\/wp\/v2\/posts\/9146\/revisions\/9149"}],"wp:featuredmedia":[{"embeddable":true,"href":"https:\/\/serveiseducatius.xtec.cat\/altcamp\/wp-json\/wp\/v2\/media\/9147"}],"wp:attachment":[{"href":"https:\/\/serveiseducatius.xtec.cat\/altcamp\/wp-json\/wp\/v2\/media?parent=9146"}],"wp:term":[{"taxonomy":"category","embeddable":true,"href":"https:\/\/serveiseducatius.xtec.cat\/altcamp\/wp-json\/wp\/v2\/categories?post=9146"},{"taxonomy":"post_tag","embeddable":true,"href":"https:\/\/serveiseducatius.xtec.cat\/altcamp\/wp-json\/wp\/v2\/tags?post=9146"}],"curies":[{"name":"wp","href":"https:\/\/api.w.org\/{rel}","templated":true}]}}