{"id":8713,"date":"2017-10-16T09:33:37","date_gmt":"2017-10-16T07:33:37","guid":{"rendered":"http:\/\/serveiseducatius.xtec.cat\/altcamp\/?p=8713"},"modified":"2017-10-16T09:33:37","modified_gmt":"2017-10-16T07:33:37","slug":"lletres-a-les-aules-curs-2017-2018","status":"publish","type":"post","link":"https:\/\/serveiseducatius.xtec.cat\/altcamp\/general\/lletres-a-les-aules-curs-2017-2018\/","title":{"rendered":"Lletres a les aules curs 2017-2018"},"content":{"rendered":"<p><a href=\"http:\/\/www.lletrescatalanes.cat\/ca\/programes\/lletres-a-les-aules\" target=\"_blank\" rel=\"noopener noreferrer\"><img loading=\"lazy\" decoding=\"async\" class=\"alignnone size-full wp-image-8714\" src=\"http:\/\/serveiseducatius.xtec.cat\/altcamp\/wp-content\/uploads\/usu1130\/2017\/10\/lletes-aules-nodes.jpg\" alt=\"\" width=\"510\" height=\"300\" srcset=\"https:\/\/serveiseducatius.xtec.cat\/altcamp\/wp-content\/uploads\/usu1130\/2017\/10\/lletes-aules-nodes.jpg 510w, https:\/\/serveiseducatius.xtec.cat\/altcamp\/wp-content\/uploads\/usu1130\/2017\/10\/lletes-aules-nodes-300x176.jpg 300w\" sizes=\"auto, (max-width: 510px) 100vw, 510px\" \/><\/a><\/p>\n<p><a href=\"http:\/\/www.lletrescatalanes.cat\/ca\/programes\/lletres-a-les-aules\"><strong>Lletres a les Aules<\/strong> <\/a>\u00e9s un programa de foment de la lectura i de promoci\u00f3 de la literatura que permet apropar l\u2019alumnat al fet literari, millorar la comprensi\u00f3 lectora com a eina fonamental per accedir al coneixement, estimular i potenciar l\u2019habilitat lectora i el coneixement de la llengua.\u00a0D\u2019aquest programa se\u2019n beneficien els centres educatius d\u2019ensenyament primari, secundari i d\u2019adults.<\/p>\n<p><strong>Lletres a les Aules<\/strong> disposa de dues modalitats: Autors a les Aules i En Veu alta.<\/p>\n<p>Amb<a href=\"http:\/\/www.lletrescatalanes.cat\/ca\/programes\/lletres-a-les-aules\"><strong> Autors a les Aules\u00a0<\/strong><\/a>un autor incl\u00f2s al programa estableix un di\u00e0leg obert i din\u00e0mic amb l\u2019alumnat, compartint experi\u00e8ncies, dubtes i propostes al voltant de la creaci\u00f3 i la lectura. Podeu trobar el llistat d\u2019autors inclosos en el programa, el cost de l\u2019activitat, les condicions de participaci\u00f3 i material que us pot servir de guia per preparar l\u2019activitat a\u00a0<a href=\"http:\/\/www.lletrescatalanes.cat\/programes\/lletres-a-les-aules\/autors-a-les-aules-u\">Autors a les aules<\/a>.<\/p>\n<p>A la sol\u00b7licitud haureu d\u2019indicar 3 autors per ordre de prefer\u00e8ncia, la lectura que treballar\u00edeu en cada cas, triar 3 dates <strong>orientatives<\/strong> per fer l\u2019activitat (que hauran de ser del segon o tercer trimestre, \u00e9s a dir, de gener a juny) i indicar la persona de contacte que es far\u00e0 c\u00e0rrec de l\u2019activitat i que rebr\u00e0 totes les notificacions relatives al programa. \u00c9s important que empleneu tots els camps que contenen un asterisc vermell perqu\u00e8 s\u00f3n obligatoris, <strong>si els deixeu en blanc el programa no desar\u00e0 la sol\u00b7licitud.<\/strong><\/p>\n<p><a href=\"http:\/\/www.lletrescatalanes.cat\/programes\/lletres-a-les-aules\/en-veu-alta-u\"><strong>En veu alta<\/strong><\/a>\u00a0consisteix en un taller amb un actor o actriu que llegir\u00e0 en veu alta una antologia de textos treballada pr\u00e8viament a classe per alumnat.<\/p>\n<p>Cada antologia est\u00e0 elaborada entorn un eix tem\u00e0tic i pensada per a unes edats concretes.<\/p>\n<p>Podeu fer les vostres<a href=\"http:\/\/www.lletrescatalanes.cat\/ca\/programes\/lletres-a-les-aules\"><strong> sol\u00b7licituds fins al 31 d\u2019octubre.<\/strong><\/a><\/p>\n","protected":false},"excerpt":{"rendered":"<p>Lletres a les Aules \u00e9s un programa de foment de la lectura i de promoci\u00f3 de la literatura que permet apropar l\u2019alumnat al fet literari, millorar la comprensi\u00f3 lectora com a eina fonamental per accedir al coneixement, estimular i potenciar l\u2019habilitat lectora i el coneixement de la llengua.\u00a0D\u2019aquest programa se\u2019n beneficien els centres educatius d\u2019ensenyament [&hellip;]<\/p>\n","protected":false},"author":4,"featured_media":8714,"comment_status":"closed","ping_status":"closed","sticky":false,"template":"","format":"standard","meta":{"_bbp_topic_count":0,"_bbp_reply_count":0,"_bbp_total_topic_count":0,"_bbp_total_reply_count":0,"_bbp_voice_count":0,"_bbp_anonymous_reply_count":0,"_bbp_topic_count_hidden":0,"_bbp_reply_count_hidden":0,"_bbp_forum_subforum_count":0,"site-sidebar-layout":"default","site-content-layout":"","ast-site-content-layout":"","site-content-style":"default","site-sidebar-style":"default","ast-global-header-display":"","ast-banner-title-visibility":"","ast-main-header-display":"","ast-hfb-above-header-display":"","ast-hfb-below-header-display":"","ast-hfb-mobile-header-display":"","site-post-title":"","ast-breadcrumbs-content":"","ast-featured-img":"","footer-sml-layout":"","theme-transparent-header-meta":"","adv-header-id-meta":"","stick-header-meta":"","header-above-stick-meta":"","header-main-stick-meta":"","header-below-stick-meta":"","astra-migrate-meta-layouts":"default","ast-page-background-enabled":"default","ast-page-background-meta":{"desktop":{"background-color":"var(--ast-global-color-4)","background-image":"","background-repeat":"repeat","background-position":"center center","background-size":"auto","background-attachment":"scroll","background-type":"","background-media":"","overlay-type":"","overlay-color":"","overlay-opacity":"","overlay-gradient":""},"tablet":{"background-color":"","background-image":"","background-repeat":"repeat","background-position":"center center","background-size":"auto","background-attachment":"scroll","background-type":"","background-media":"","overlay-type":"","overlay-color":"","overlay-opacity":"","overlay-gradient":""},"mobile":{"background-color":"","background-image":"","background-repeat":"repeat","background-position":"center center","background-size":"auto","background-attachment":"scroll","background-type":"","background-media":"","overlay-type":"","overlay-color":"","overlay-opacity":"","overlay-gradient":""}},"ast-content-background-meta":{"desktop":{"background-color":"var(--ast-global-color-5)","background-image":"","background-repeat":"repeat","background-position":"center center","background-size":"auto","background-attachment":"scroll","background-type":"","background-media":"","overlay-type":"","overlay-color":"","overlay-opacity":"","overlay-gradient":""},"tablet":{"background-color":"var(--ast-global-color-5)","background-image":"","background-repeat":"repeat","background-position":"center center","background-size":"auto","background-attachment":"scroll","background-type":"","background-media":"","overlay-type":"","overlay-color":"","overlay-opacity":"","overlay-gradient":""},"mobile":{"background-color":"var(--ast-global-color-5)","background-image":"","background-repeat":"repeat","background-position":"center center","background-size":"auto","background-attachment":"scroll","background-type":"","background-media":"","overlay-type":"","overlay-color":"","overlay-opacity":"","overlay-gradient":""}},"footnotes":""},"categories":[282,1],"tags":[347],"class_list":["post-8713","post","type-post","status-publish","format-standard","has-post-thumbnail","hentry","category-actualitat","category-general","tag-literatura-catalana"],"post_mailing_queue_ids":[],"_links":{"self":[{"href":"https:\/\/serveiseducatius.xtec.cat\/altcamp\/wp-json\/wp\/v2\/posts\/8713","targetHints":{"allow":["GET"]}}],"collection":[{"href":"https:\/\/serveiseducatius.xtec.cat\/altcamp\/wp-json\/wp\/v2\/posts"}],"about":[{"href":"https:\/\/serveiseducatius.xtec.cat\/altcamp\/wp-json\/wp\/v2\/types\/post"}],"author":[{"embeddable":true,"href":"https:\/\/serveiseducatius.xtec.cat\/altcamp\/wp-json\/wp\/v2\/users\/4"}],"replies":[{"embeddable":true,"href":"https:\/\/serveiseducatius.xtec.cat\/altcamp\/wp-json\/wp\/v2\/comments?post=8713"}],"version-history":[{"count":1,"href":"https:\/\/serveiseducatius.xtec.cat\/altcamp\/wp-json\/wp\/v2\/posts\/8713\/revisions"}],"predecessor-version":[{"id":8715,"href":"https:\/\/serveiseducatius.xtec.cat\/altcamp\/wp-json\/wp\/v2\/posts\/8713\/revisions\/8715"}],"wp:featuredmedia":[{"embeddable":true,"href":"https:\/\/serveiseducatius.xtec.cat\/altcamp\/wp-json\/wp\/v2\/media\/8714"}],"wp:attachment":[{"href":"https:\/\/serveiseducatius.xtec.cat\/altcamp\/wp-json\/wp\/v2\/media?parent=8713"}],"wp:term":[{"taxonomy":"category","embeddable":true,"href":"https:\/\/serveiseducatius.xtec.cat\/altcamp\/wp-json\/wp\/v2\/categories?post=8713"},{"taxonomy":"post_tag","embeddable":true,"href":"https:\/\/serveiseducatius.xtec.cat\/altcamp\/wp-json\/wp\/v2\/tags?post=8713"}],"curies":[{"name":"wp","href":"https:\/\/api.w.org\/{rel}","templated":true}]}}