{"id":8512,"date":"2017-06-20T13:39:44","date_gmt":"2017-06-20T11:39:44","guid":{"rendered":"http:\/\/serveiseducatius.xtec.cat\/altcamp\/?p=8512"},"modified":"2017-06-20T13:39:44","modified_gmt":"2017-06-20T11:39:44","slug":"projecte-amb-bici-a-linstitut","status":"publish","type":"post","link":"https:\/\/serveiseducatius.xtec.cat\/altcamp\/recursos\/projecte-amb-bici-a-linstitut\/","title":{"rendered":"Projecte &#8220;Amb bici a l&#8217;institut&#8221;"},"content":{"rendered":"<p><a href=\"http:\/\/serveiseducatius.xtec.cat\/altcamp\/wp-content\/uploads\/usu1130\/2017\/06\/pexels-photo-48675.jpeg\"><img loading=\"lazy\" decoding=\"async\" class=\"alignnone size-full wp-image-8515\" src=\"http:\/\/serveiseducatius.xtec.cat\/altcamp\/wp-content\/uploads\/usu1130\/2017\/06\/pexels-photo-48675.jpeg\" alt=\"pexels-photo-48675\" width=\"510\" height=\"287\" srcset=\"https:\/\/serveiseducatius.xtec.cat\/altcamp\/wp-content\/uploads\/usu1130\/2017\/06\/pexels-photo-48675.jpeg 510w, https:\/\/serveiseducatius.xtec.cat\/altcamp\/wp-content\/uploads\/usu1130\/2017\/06\/pexels-photo-48675-300x169.jpeg 300w\" sizes=\"auto, (max-width: 510px) 100vw, 510px\" \/><\/a><\/p>\n<p><strong><a href=\"http:\/\/www.gencat.cat\/mediamb\/butlleti\/bev\/graf_but20\/bicinstitut.pdf\" target=\"_blank\">Aquest material forma part d\u2019un projecte pedag\u00f2gic<\/a><\/strong>, integral i transversal que t\u00e9 com a objectiu fomentar l\u2019\u00fas de la bicicleta entre els estudiants de secund\u00e0ria \u2013i les persones joves en general\u2013 per despla\u00e7ar-se habitualment per la ciutat i, especialment, fins a l\u2019institut. Es tracta d\u2019un manual amb unitats de coneixement i recursos pedag\u00f2gics i pr\u00e0ctics que s\u2019emmarquen en el curr\u00edculum de l\u2019educaci\u00f3 secund\u00e0ria obligat\u00f2ria i que pretenen motivar l\u2019estudi, el coneixement i l\u2019\u00fas de la bicicleta des de diverses perspectives i \u00e0mbits.<\/p>\n","protected":false},"excerpt":{"rendered":"<p>Aquest material forma part d\u2019un projecte pedag\u00f2gic, integral i transversal que t\u00e9 com a objectiu fomentar l\u2019\u00fas de la bicicleta entre els estudiants de secund\u00e0ria \u2013i les persones joves en general\u2013 per despla\u00e7ar-se habitualment per la ciutat i, especialment, fins a l\u2019institut. Es tracta d\u2019un manual amb unitats de coneixement i recursos pedag\u00f2gics i pr\u00e0ctics [&hellip;]<\/p>\n","protected":false},"author":4,"featured_media":8515,"comment_status":"open","ping_status":"closed","sticky":false,"template":"","format":"standard","meta":{"_bbp_topic_count":0,"_bbp_reply_count":0,"_bbp_total_topic_count":0,"_bbp_total_reply_count":0,"_bbp_voice_count":0,"_bbp_anonymous_reply_count":0,"_bbp_topic_count_hidden":0,"_bbp_reply_count_hidden":0,"_bbp_forum_subforum_count":0,"site-sidebar-layout":"default","site-content-layout":"","ast-site-content-layout":"","site-content-style":"default","site-sidebar-style":"default","ast-global-header-display":"","ast-banner-title-visibility":"","ast-main-header-display":"","ast-hfb-above-header-display":"","ast-hfb-below-header-display":"","ast-hfb-mobile-header-display":"","site-post-title":"","ast-breadcrumbs-content":"","ast-featured-img":"","footer-sml-layout":"","theme-transparent-header-meta":"","adv-header-id-meta":"","stick-header-meta":"","header-above-stick-meta":"","header-main-stick-meta":"","header-below-stick-meta":"","astra-migrate-meta-layouts":"default","ast-page-background-enabled":"default","ast-page-background-meta":{"desktop":{"background-color":"var(--ast-global-color-4)","background-image":"","background-repeat":"repeat","background-position":"center center","background-size":"auto","background-attachment":"scroll","background-type":"","background-media":"","overlay-type":"","overlay-color":"","overlay-opacity":"","overlay-gradient":""},"tablet":{"background-color":"","background-image":"","background-repeat":"repeat","background-position":"center center","background-size":"auto","background-attachment":"scroll","background-type":"","background-media":"","overlay-type":"","overlay-color":"","overlay-opacity":"","overlay-gradient":""},"mobile":{"background-color":"","background-image":"","background-repeat":"repeat","background-position":"center center","background-size":"auto","background-attachment":"scroll","background-type":"","background-media":"","overlay-type":"","overlay-color":"","overlay-opacity":"","overlay-gradient":""}},"ast-content-background-meta":{"desktop":{"background-color":"var(--ast-global-color-5)","background-image":"","background-repeat":"repeat","background-position":"center center","background-size":"auto","background-attachment":"scroll","background-type":"","background-media":"","overlay-type":"","overlay-color":"","overlay-opacity":"","overlay-gradient":""},"tablet":{"background-color":"var(--ast-global-color-5)","background-image":"","background-repeat":"repeat","background-position":"center center","background-size":"auto","background-attachment":"scroll","background-type":"","background-media":"","overlay-type":"","overlay-color":"","overlay-opacity":"","overlay-gradient":""},"mobile":{"background-color":"var(--ast-global-color-5)","background-image":"","background-repeat":"repeat","background-position":"center center","background-size":"auto","background-attachment":"scroll","background-type":"","background-media":"","overlay-type":"","overlay-color":"","overlay-opacity":"","overlay-gradient":""}},"footnotes":""},"categories":[287,76],"tags":[310,323],"class_list":["post-8512","post","type-post","status-publish","format-standard","has-post-thumbnail","hentry","category-recomanem","category-recursos","tag-medi-ambient","tag-secundaria"],"post_mailing_queue_ids":[],"_links":{"self":[{"href":"https:\/\/serveiseducatius.xtec.cat\/altcamp\/wp-json\/wp\/v2\/posts\/8512","targetHints":{"allow":["GET"]}}],"collection":[{"href":"https:\/\/serveiseducatius.xtec.cat\/altcamp\/wp-json\/wp\/v2\/posts"}],"about":[{"href":"https:\/\/serveiseducatius.xtec.cat\/altcamp\/wp-json\/wp\/v2\/types\/post"}],"author":[{"embeddable":true,"href":"https:\/\/serveiseducatius.xtec.cat\/altcamp\/wp-json\/wp\/v2\/users\/4"}],"replies":[{"embeddable":true,"href":"https:\/\/serveiseducatius.xtec.cat\/altcamp\/wp-json\/wp\/v2\/comments?post=8512"}],"version-history":[{"count":1,"href":"https:\/\/serveiseducatius.xtec.cat\/altcamp\/wp-json\/wp\/v2\/posts\/8512\/revisions"}],"predecessor-version":[{"id":8518,"href":"https:\/\/serveiseducatius.xtec.cat\/altcamp\/wp-json\/wp\/v2\/posts\/8512\/revisions\/8518"}],"wp:featuredmedia":[{"embeddable":true,"href":"https:\/\/serveiseducatius.xtec.cat\/altcamp\/wp-json\/wp\/v2\/media\/8515"}],"wp:attachment":[{"href":"https:\/\/serveiseducatius.xtec.cat\/altcamp\/wp-json\/wp\/v2\/media?parent=8512"}],"wp:term":[{"taxonomy":"category","embeddable":true,"href":"https:\/\/serveiseducatius.xtec.cat\/altcamp\/wp-json\/wp\/v2\/categories?post=8512"},{"taxonomy":"post_tag","embeddable":true,"href":"https:\/\/serveiseducatius.xtec.cat\/altcamp\/wp-json\/wp\/v2\/tags?post=8512"}],"curies":[{"name":"wp","href":"https:\/\/api.w.org\/{rel}","templated":true}]}}