{"id":8493,"date":"2017-06-20T12:36:01","date_gmt":"2017-06-20T10:36:01","guid":{"rendered":"http:\/\/serveiseducatius.xtec.cat\/altcamp\/?p=8493"},"modified":"2023-03-14T17:47:58","modified_gmt":"2023-03-14T16:47:58","slug":"videos-contra-lassetjament","status":"publish","type":"post","link":"https:\/\/serveiseducatius.xtec.cat\/altcamp\/recursos\/videos-contra-lassetjament\/","title":{"rendered":"V\u00eddeos contra l&#8217;assetjament"},"content":{"rendered":"<p><a href=\"http:\/\/lascebrassalen.com\/contra-el-bullying-10-videos-magnificos\/\" target=\"_blank\" rel=\"noopener\"><img loading=\"lazy\" decoding=\"async\" class=\"alignnone wp-image-8494 size-full\" src=\"http:\/\/serveiseducatius.xtec.cat\/altcamp\/wp-content\/uploads\/usu1130\/2017\/06\/ass.jpg\" alt=\"ass\" width=\"510\" height=\"340\" srcset=\"https:\/\/serveiseducatius.xtec.cat\/altcamp\/wp-content\/uploads\/usu1130\/2017\/06\/ass.jpg 510w, https:\/\/serveiseducatius.xtec.cat\/altcamp\/wp-content\/uploads\/usu1130\/2017\/06\/ass-300x200.jpg 300w\" sizes=\"auto, (max-width: 510px) 100vw, 510px\" \/><\/a><\/p>\n<p><a title=\"\u00a0Assetjats a l\u2019escola (Quan arribin els marcians)\" href=\"https:\/\/www.ccma.cat\/tv3\/alacarta\/quan-arribin-els-marcians\/lassetjament-escolar-i-el-contratenor-xavier-sabata\/video\/6128437\/\" target=\"_blank\" rel=\"noopener\"><strong>\u00a0Assetjats a l\u2019escola (Quan arribin els marcians)<\/strong><\/a><\/p>\n<p>Programa em\u00e8s a TV3, 8 de novembre del 2021 on diferents testimonis parlen de les seves experi\u00e8ncies en relaci\u00f3 amb el bullying s\u2019aporten recursos i refer\u00e8ncies (llibres, obres teatrals, curtmetratges, etc.).<\/p>\n<p><a title=\"Bullying (30 Minuts)\" href=\"https:\/\/www.youtube.com\/watch?v=4meVM1oL27A\" target=\"_blank\" rel=\"noopener\"><strong>Bullying (30 Minuts)<\/strong><\/a><\/p>\n<p>Programa em\u00e8s a TV3, el diumenge 25 de gener de 2015 en el qual es fa una aproximaci\u00f3 a la problem\u00e0tica de l\u2019assetjament i el ciberassetjament i se\u2019n recullen diversos testimonis.<\/p>\n<p>Joves<\/p>\n<p>El Departament d&#8217;Interior ha elaborat aquest espai on trobareu consells per a un \u00fas adient i segur de la xarxa Internet.<\/p>\n<p><a title=\"XIULA - RISPECT (Antibullying Trap)\" href=\"https:\/\/www.youtube.com\/watch?v=SetNDhPieco\" target=\"_blank\" rel=\"noopener\"><strong>XIULA &#8211; RISPECT (Antibullying Trap)<\/strong><\/a><\/p>\n<p>RISPECT \u00e9s una can\u00e7\u00f3 del grup Xiula que neix com un clam i vol esdevenir una eina pedag\u00f2gica. Un torrent d\u2019idees que infants i adolescents poden escoltar perqu\u00e8 es parla en el seu llenguatge de rima, electr\u00f2nica i autotune.<\/p>\n<p><a title=\"Friends (videos sobre bullying)\" href=\"https:\/\/libresdebullying.wordpress.com\/2012\/12\/09\/suecia-la-experiencia-de-friends\/\" target=\"_blank\" rel=\"noopener\"><strong>Friends (videos sobre bullying)<\/strong><\/a><\/p>\n<p>En aquesta p\u00e0gina de l\u2019associaci\u00f3 argentina &#8220;Libres de Bullying&#8221; es pot accedir a diversos v\u00eddeos de l\u2019ONG sueca Friends, subtitulats al castell\u00e0, sobre assetjament i ciberassetjament. El v\u00eddeo Ciberbullying mostra el patiment de la v\u00edctima quan \u00e9s a casa seva.<\/p>\n<p><a title=\"PDA Bulling\" href=\"https:\/\/pdabullying.com\/es\/inicio\" target=\"_blank\" rel=\"noopener\"><strong>PDA Bulling<\/strong><\/a><\/p>\n<p>En aquesta p\u00e0gina web PDA Bullying\u00a0 ofereix eines i recursos per abordar el bullying amb una mirada de salut i educaci\u00f3 emocional.<\/p>\n<p>&nbsp;<\/p>\n<p><strong><a href=\"http:\/\/lascebrassalen.com\/contra-el-bullying-10-videos-magnificos\/\" target=\"_blank\" rel=\"noopener\">Recull<\/a><\/strong> de 10 magn\u00edfics v\u00eddeos contra l&#8217;assetjament<\/p>\n<hr \/>\n<p class=\"vw-page-title\"><a href=\"https:\/\/blog.vicensvives.com\/ca\/10-curts-anti-bullying\/\" target=\"_blank\" rel=\"noopener\"><strong>10 curts anti bullying per reflexionar<\/strong><\/a><\/p>\n","protected":false},"excerpt":{"rendered":"<p>\u00a0Assetjats a l\u2019escola (Quan arribin els marcians) Programa em\u00e8s a TV3, 8 de novembre del 2021 on diferents testimonis parlen de les seves experi\u00e8ncies en relaci\u00f3 amb el bullying s\u2019aporten recursos i refer\u00e8ncies (llibres, obres teatrals, curtmetratges, etc.). Bullying (30 Minuts) Programa em\u00e8s a TV3, el diumenge 25 de gener de 2015 en el qual [&hellip;]<\/p>\n","protected":false},"author":4,"featured_media":8494,"comment_status":"closed","ping_status":"closed","sticky":false,"template":"","format":"standard","meta":{"_bbp_topic_count":0,"_bbp_reply_count":0,"_bbp_total_topic_count":0,"_bbp_total_reply_count":0,"_bbp_voice_count":0,"_bbp_anonymous_reply_count":0,"_bbp_topic_count_hidden":0,"_bbp_reply_count_hidden":0,"_bbp_forum_subforum_count":0,"site-sidebar-layout":"default","site-content-layout":"","ast-site-content-layout":"","site-content-style":"default","site-sidebar-style":"default","ast-global-header-display":"","ast-banner-title-visibility":"","ast-main-header-display":"","ast-hfb-above-header-display":"","ast-hfb-below-header-display":"","ast-hfb-mobile-header-display":"","site-post-title":"","ast-breadcrumbs-content":"","ast-featured-img":"","footer-sml-layout":"","theme-transparent-header-meta":"","adv-header-id-meta":"","stick-header-meta":"","header-above-stick-meta":"","header-main-stick-meta":"","header-below-stick-meta":"","astra-migrate-meta-layouts":"default","ast-page-background-enabled":"default","ast-page-background-meta":{"desktop":{"background-color":"var(--ast-global-color-4)","background-image":"","background-repeat":"repeat","background-position":"center center","background-size":"auto","background-attachment":"scroll","background-type":"","background-media":"","overlay-type":"","overlay-color":"","overlay-opacity":"","overlay-gradient":""},"tablet":{"background-color":"","background-image":"","background-repeat":"repeat","background-position":"center center","background-size":"auto","background-attachment":"scroll","background-type":"","background-media":"","overlay-type":"","overlay-color":"","overlay-opacity":"","overlay-gradient":""},"mobile":{"background-color":"","background-image":"","background-repeat":"repeat","background-position":"center center","background-size":"auto","background-attachment":"scroll","background-type":"","background-media":"","overlay-type":"","overlay-color":"","overlay-opacity":"","overlay-gradient":""}},"ast-content-background-meta":{"desktop":{"background-color":"var(--ast-global-color-5)","background-image":"","background-repeat":"repeat","background-position":"center center","background-size":"auto","background-attachment":"scroll","background-type":"","background-media":"","overlay-type":"","overlay-color":"","overlay-opacity":"","overlay-gradient":""},"tablet":{"background-color":"var(--ast-global-color-5)","background-image":"","background-repeat":"repeat","background-position":"center center","background-size":"auto","background-attachment":"scroll","background-type":"","background-media":"","overlay-type":"","overlay-color":"","overlay-opacity":"","overlay-gradient":""},"mobile":{"background-color":"var(--ast-global-color-5)","background-image":"","background-repeat":"repeat","background-position":"center center","background-size":"auto","background-attachment":"scroll","background-type":"","background-media":"","overlay-type":"","overlay-color":"","overlay-opacity":"","overlay-gradient":""}},"footnotes":""},"categories":[1264,287,76],"tags":[295,291],"class_list":["post-8493","post","type-post","status-publish","format-standard","has-post-thumbnail","hentry","category-bullying","category-recomanem","category-recursos","tag-assetjament","tag-internivells"],"post_mailing_queue_ids":[],"_links":{"self":[{"href":"https:\/\/serveiseducatius.xtec.cat\/altcamp\/wp-json\/wp\/v2\/posts\/8493","targetHints":{"allow":["GET"]}}],"collection":[{"href":"https:\/\/serveiseducatius.xtec.cat\/altcamp\/wp-json\/wp\/v2\/posts"}],"about":[{"href":"https:\/\/serveiseducatius.xtec.cat\/altcamp\/wp-json\/wp\/v2\/types\/post"}],"author":[{"embeddable":true,"href":"https:\/\/serveiseducatius.xtec.cat\/altcamp\/wp-json\/wp\/v2\/users\/4"}],"replies":[{"embeddable":true,"href":"https:\/\/serveiseducatius.xtec.cat\/altcamp\/wp-json\/wp\/v2\/comments?post=8493"}],"version-history":[{"count":3,"href":"https:\/\/serveiseducatius.xtec.cat\/altcamp\/wp-json\/wp\/v2\/posts\/8493\/revisions"}],"predecessor-version":[{"id":13668,"href":"https:\/\/serveiseducatius.xtec.cat\/altcamp\/wp-json\/wp\/v2\/posts\/8493\/revisions\/13668"}],"wp:featuredmedia":[{"embeddable":true,"href":"https:\/\/serveiseducatius.xtec.cat\/altcamp\/wp-json\/wp\/v2\/media\/8494"}],"wp:attachment":[{"href":"https:\/\/serveiseducatius.xtec.cat\/altcamp\/wp-json\/wp\/v2\/media?parent=8493"}],"wp:term":[{"taxonomy":"category","embeddable":true,"href":"https:\/\/serveiseducatius.xtec.cat\/altcamp\/wp-json\/wp\/v2\/categories?post=8493"},{"taxonomy":"post_tag","embeddable":true,"href":"https:\/\/serveiseducatius.xtec.cat\/altcamp\/wp-json\/wp\/v2\/tags?post=8493"}],"curies":[{"name":"wp","href":"https:\/\/api.w.org\/{rel}","templated":true}]}}