{"id":19156,"date":"2026-04-23T14:07:57","date_gmt":"2026-04-23T12:07:57","guid":{"rendered":"https:\/\/serveiseducatius.xtec.cat\/altcamp\/?p=19156"},"modified":"2026-04-23T14:08:34","modified_gmt":"2026-04-23T12:08:34","slug":"visita-als-centres-del-programa-de-centres-referents-deducacio-inclusiva","status":"publish","type":"post","link":"https:\/\/serveiseducatius.xtec.cat\/altcamp\/actualitat\/visita-als-centres-del-programa-de-centres-referents-deducacio-inclusiva\/","title":{"rendered":"Visita als centres del Programa de centres referents d\u2019educaci\u00f3 inclusiva"},"content":{"rendered":"<p data-start=\"79\" data-end=\"322\">El CRP va ser convidat a participar en la visita als centres del Programa de centres referents d\u2019educaci\u00f3 inclusiva, una iniciativa que permet compartir experi\u00e8ncies i con\u00e8ixer de primera m\u00e0 bones pr\u00e0ctiques en l\u2019\u00e0mbit de l\u2019educaci\u00f3 inclusiva.<\/p>\n<p data-start=\"448\" data-end=\"996\">Durant la visita a l\u2019Escola Eladi Homs, es va presentar el projecte de r\u00e0dio escolar, una iniciativa que destaca per la seva dimensi\u00f3 educativa, inclusiva i organitzativa.\u00a0 Aix\u00ed mateix, es va explicar com s\u2019organitza la participaci\u00f3 dels alumnes de 6\u00e8 en el desenvolupament del projecte, afavorint el treball competencial i la implicaci\u00f3 activa de tot l\u2019alumnat.<\/p>\n<p data-start=\"998\" data-end=\"1280\">Per la seva banda, l\u2019Escola Sant Rafael va compartir els trets identitaris del seu Projecte Educatiu de Centre (PEC), tot posant en valor els elements que defineixen la seva l\u00ednia pedag\u00f2gica i organitzativa, aix\u00ed com el comprom\u00eds del centre amb una educaci\u00f3 inclusiva i cohesionada.<\/p>\n<p data-start=\"1282\" data-end=\"1533\" data-is-last-node=\"\" data-is-only-node=\"\">Aquesta visita ha perm\u00e8s con\u00e8ixer experi\u00e8ncies significatives dels centres referents i refor\u00e7ar el vincle entre el CRP i els centres educatius del territori, en coher\u00e8ncia amb la voluntat d\u2019acompanyar i donar suport als processos de millora educativa.<\/p>\n<p data-start=\"1282\" data-end=\"1533\" data-is-last-node=\"\" data-is-only-node=\"\"><a href=\"https:\/\/serveiseducatius.xtec.cat\/altcamp\/wp-content\/uploads\/usu1130\/2026\/04\/WhatsApp-Image-2026-04-23-at-14.01.40-1.jpeg\"><img loading=\"lazy\" decoding=\"async\" class=\"alignnone wp-image-19157\" src=\"https:\/\/serveiseducatius.xtec.cat\/altcamp\/wp-content\/uploads\/usu1130\/2026\/04\/WhatsApp-Image-2026-04-23-at-14.01.40-1-768x1024.jpeg\" alt=\"\" width=\"398\" height=\"531\" srcset=\"https:\/\/serveiseducatius.xtec.cat\/altcamp\/wp-content\/uploads\/usu1130\/2026\/04\/WhatsApp-Image-2026-04-23-at-14.01.40-1-768x1024.jpeg 768w, https:\/\/serveiseducatius.xtec.cat\/altcamp\/wp-content\/uploads\/usu1130\/2026\/04\/WhatsApp-Image-2026-04-23-at-14.01.40-1-225x300.jpeg 225w, https:\/\/serveiseducatius.xtec.cat\/altcamp\/wp-content\/uploads\/usu1130\/2026\/04\/WhatsApp-Image-2026-04-23-at-14.01.40-1-1152x1536.jpeg 1152w, https:\/\/serveiseducatius.xtec.cat\/altcamp\/wp-content\/uploads\/usu1130\/2026\/04\/WhatsApp-Image-2026-04-23-at-14.01.40-1.jpeg 1530w\" sizes=\"auto, (max-width: 398px) 100vw, 398px\" \/><\/a> <a href=\"https:\/\/serveiseducatius.xtec.cat\/altcamp\/wp-content\/uploads\/usu1130\/2026\/04\/WhatsApp-Image-2026-04-23-at-14.01.39-5.jpeg\"><img loading=\"lazy\" decoding=\"async\" class=\"alignnone wp-image-19159\" src=\"https:\/\/serveiseducatius.xtec.cat\/altcamp\/wp-content\/uploads\/usu1130\/2026\/04\/WhatsApp-Image-2026-04-23-at-14.01.39-5-1024x768.jpeg\" alt=\"\" width=\"753\" height=\"565\" srcset=\"https:\/\/serveiseducatius.xtec.cat\/altcamp\/wp-content\/uploads\/usu1130\/2026\/04\/WhatsApp-Image-2026-04-23-at-14.01.39-5-1024x768.jpeg 1024w, https:\/\/serveiseducatius.xtec.cat\/altcamp\/wp-content\/uploads\/usu1130\/2026\/04\/WhatsApp-Image-2026-04-23-at-14.01.39-5-300x225.jpeg 300w, https:\/\/serveiseducatius.xtec.cat\/altcamp\/wp-content\/uploads\/usu1130\/2026\/04\/WhatsApp-Image-2026-04-23-at-14.01.39-5-768x576.jpeg 768w, https:\/\/serveiseducatius.xtec.cat\/altcamp\/wp-content\/uploads\/usu1130\/2026\/04\/WhatsApp-Image-2026-04-23-at-14.01.39-5-1536x1152.jpeg 1536w, https:\/\/serveiseducatius.xtec.cat\/altcamp\/wp-content\/uploads\/usu1130\/2026\/04\/WhatsApp-Image-2026-04-23-at-14.01.39-5.jpeg 2040w\" sizes=\"auto, (max-width: 753px) 100vw, 753px\" \/><\/a><\/p>\n<p data-start=\"1282\" data-end=\"1533\" data-is-last-node=\"\" data-is-only-node=\"\"><a href=\"https:\/\/serveiseducatius.xtec.cat\/altcamp\/wp-content\/uploads\/usu1130\/2026\/04\/WhatsApp-Image-2026-04-23-at-14.01.39-3.jpeg\"><img loading=\"lazy\" decoding=\"async\" class=\"alignnone wp-image-19161\" src=\"https:\/\/serveiseducatius.xtec.cat\/altcamp\/wp-content\/uploads\/usu1130\/2026\/04\/WhatsApp-Image-2026-04-23-at-14.01.39-3-1024x768.jpeg\" alt=\"\" width=\"487\" height=\"365\" srcset=\"https:\/\/serveiseducatius.xtec.cat\/altcamp\/wp-content\/uploads\/usu1130\/2026\/04\/WhatsApp-Image-2026-04-23-at-14.01.39-3-1024x768.jpeg 1024w, https:\/\/serveiseducatius.xtec.cat\/altcamp\/wp-content\/uploads\/usu1130\/2026\/04\/WhatsApp-Image-2026-04-23-at-14.01.39-3-300x225.jpeg 300w, https:\/\/serveiseducatius.xtec.cat\/altcamp\/wp-content\/uploads\/usu1130\/2026\/04\/WhatsApp-Image-2026-04-23-at-14.01.39-3-768x576.jpeg 768w, https:\/\/serveiseducatius.xtec.cat\/altcamp\/wp-content\/uploads\/usu1130\/2026\/04\/WhatsApp-Image-2026-04-23-at-14.01.39-3-1536x1152.jpeg 1536w, https:\/\/serveiseducatius.xtec.cat\/altcamp\/wp-content\/uploads\/usu1130\/2026\/04\/WhatsApp-Image-2026-04-23-at-14.01.39-3.jpeg 2040w\" sizes=\"auto, (max-width: 487px) 100vw, 487px\" \/><\/a><\/p>\n<p data-start=\"1282\" data-end=\"1533\" data-is-last-node=\"\" data-is-only-node=\"\"><a href=\"https:\/\/serveiseducatius.xtec.cat\/altcamp\/wp-content\/uploads\/usu1130\/2026\/04\/WhatsApp-Image-2026-04-23-at-14.01.39.jpeg\">\u00a0\u00a0<\/a><\/p>\n<p data-start=\"1282\" data-end=\"1533\" data-is-last-node=\"\" data-is-only-node=\"\"><a href=\"https:\/\/serveiseducatius.xtec.cat\/altcamp\/wp-content\/uploads\/usu1130\/2026\/04\/WhatsApp-Image-2026-04-23-at-14.01.39-2.jpeg\"><img loading=\"lazy\" decoding=\"async\" class=\"wp-image-19162 alignleft\" src=\"https:\/\/serveiseducatius.xtec.cat\/altcamp\/wp-content\/uploads\/usu1130\/2026\/04\/WhatsApp-Image-2026-04-23-at-14.01.39-2-1024x768.jpeg\" alt=\"\" width=\"604\" height=\"453\" srcset=\"https:\/\/serveiseducatius.xtec.cat\/altcamp\/wp-content\/uploads\/usu1130\/2026\/04\/WhatsApp-Image-2026-04-23-at-14.01.39-2-1024x768.jpeg 1024w, https:\/\/serveiseducatius.xtec.cat\/altcamp\/wp-content\/uploads\/usu1130\/2026\/04\/WhatsApp-Image-2026-04-23-at-14.01.39-2-300x225.jpeg 300w, https:\/\/serveiseducatius.xtec.cat\/altcamp\/wp-content\/uploads\/usu1130\/2026\/04\/WhatsApp-Image-2026-04-23-at-14.01.39-2-768x576.jpeg 768w, https:\/\/serveiseducatius.xtec.cat\/altcamp\/wp-content\/uploads\/usu1130\/2026\/04\/WhatsApp-Image-2026-04-23-at-14.01.39-2-1536x1152.jpeg 1536w, https:\/\/serveiseducatius.xtec.cat\/altcamp\/wp-content\/uploads\/usu1130\/2026\/04\/WhatsApp-Image-2026-04-23-at-14.01.39-2.jpeg 2040w\" sizes=\"auto, (max-width: 604px) 100vw, 604px\" \/><\/a> <a href=\"https:\/\/serveiseducatius.xtec.cat\/altcamp\/wp-content\/uploads\/usu1130\/2026\/04\/WhatsApp-Image-2026-04-23-at-14.01.38.jpeg\"><img loading=\"lazy\" decoding=\"async\" class=\"alignnone wp-image-19165\" src=\"https:\/\/serveiseducatius.xtec.cat\/altcamp\/wp-content\/uploads\/usu1130\/2026\/04\/WhatsApp-Image-2026-04-23-at-14.01.38-768x1024.jpeg\" alt=\"\" width=\"426\" height=\"568\" srcset=\"https:\/\/serveiseducatius.xtec.cat\/altcamp\/wp-content\/uploads\/usu1130\/2026\/04\/WhatsApp-Image-2026-04-23-at-14.01.38-768x1024.jpeg 768w, https:\/\/serveiseducatius.xtec.cat\/altcamp\/wp-content\/uploads\/usu1130\/2026\/04\/WhatsApp-Image-2026-04-23-at-14.01.38-225x300.jpeg 225w, https:\/\/serveiseducatius.xtec.cat\/altcamp\/wp-content\/uploads\/usu1130\/2026\/04\/WhatsApp-Image-2026-04-23-at-14.01.38-1152x1536.jpeg 1152w, https:\/\/serveiseducatius.xtec.cat\/altcamp\/wp-content\/uploads\/usu1130\/2026\/04\/WhatsApp-Image-2026-04-23-at-14.01.38.jpeg 1530w\" sizes=\"auto, (max-width: 426px) 100vw, 426px\" \/><\/a><\/p>\n","protected":false},"excerpt":{"rendered":"<p>El CRP va ser convidat a participar en la visita als centres del Programa de centres referents d\u2019educaci\u00f3 inclusiva, una iniciativa que permet compartir experi\u00e8ncies i con\u00e8ixer de primera m\u00e0 bones pr\u00e0ctiques en l\u2019\u00e0mbit de l\u2019educaci\u00f3 inclusiva. Durant la visita a l\u2019Escola Eladi Homs, es va presentar el projecte de r\u00e0dio escolar, una iniciativa que [&hellip;]<\/p>\n","protected":false},"author":1,"featured_media":19163,"comment_status":"closed","ping_status":"open","sticky":false,"template":"","format":"standard","meta":{"_bbp_topic_count":0,"_bbp_reply_count":0,"_bbp_total_topic_count":0,"_bbp_total_reply_count":0,"_bbp_voice_count":0,"_bbp_anonymous_reply_count":0,"_bbp_topic_count_hidden":0,"_bbp_reply_count_hidden":0,"_bbp_forum_subforum_count":0,"site-sidebar-layout":"default","site-content-layout":"","ast-site-content-layout":"default","site-content-style":"default","site-sidebar-style":"default","ast-global-header-display":"","ast-banner-title-visibility":"","ast-main-header-display":"","ast-hfb-above-header-display":"","ast-hfb-below-header-display":"","ast-hfb-mobile-header-display":"","site-post-title":"","ast-breadcrumbs-content":"","ast-featured-img":"","footer-sml-layout":"","theme-transparent-header-meta":"default","adv-header-id-meta":"","stick-header-meta":"","header-above-stick-meta":"","header-main-stick-meta":"","header-below-stick-meta":"","astra-migrate-meta-layouts":"set","ast-page-background-enabled":"default","ast-page-background-meta":{"desktop":{"background-color":"var(--ast-global-color-4)","background-image":"","background-repeat":"repeat","background-position":"center center","background-size":"auto","background-attachment":"scroll","background-type":"","background-media":"","overlay-type":"","overlay-color":"","overlay-opacity":"","overlay-gradient":""},"tablet":{"background-color":"","background-image":"","background-repeat":"repeat","background-position":"center center","background-size":"auto","background-attachment":"scroll","background-type":"","background-media":"","overlay-type":"","overlay-color":"","overlay-opacity":"","overlay-gradient":""},"mobile":{"background-color":"","background-image":"","background-repeat":"repeat","background-position":"center center","background-size":"auto","background-attachment":"scroll","background-type":"","background-media":"","overlay-type":"","overlay-color":"","overlay-opacity":"","overlay-gradient":""}},"ast-content-background-meta":{"desktop":{"background-color":"var(--ast-global-color-5)","background-image":"","background-repeat":"repeat","background-position":"center center","background-size":"auto","background-attachment":"scroll","background-type":"","background-media":"","overlay-type":"","overlay-color":"","overlay-opacity":"","overlay-gradient":""},"tablet":{"background-color":"var(--ast-global-color-5)","background-image":"","background-repeat":"repeat","background-position":"center center","background-size":"auto","background-attachment":"scroll","background-type":"","background-media":"","overlay-type":"","overlay-color":"","overlay-opacity":"","overlay-gradient":""},"mobile":{"background-color":"var(--ast-global-color-5)","background-image":"","background-repeat":"repeat","background-position":"center center","background-size":"auto","background-attachment":"scroll","background-type":"","background-media":"","overlay-type":"","overlay-color":"","overlay-opacity":"","overlay-gradient":""}},"footnotes":""},"categories":[282,1266,1842,287],"tags":[],"class_list":["post-19156","post","type-post","status-publish","format-standard","has-post-thumbnail","hentry","category-actualitat","category-actualitat-crp","category-practiques-de-referencia","category-recomanem"],"post_mailing_queue_ids":[],"_links":{"self":[{"href":"https:\/\/serveiseducatius.xtec.cat\/altcamp\/wp-json\/wp\/v2\/posts\/19156","targetHints":{"allow":["GET"]}}],"collection":[{"href":"https:\/\/serveiseducatius.xtec.cat\/altcamp\/wp-json\/wp\/v2\/posts"}],"about":[{"href":"https:\/\/serveiseducatius.xtec.cat\/altcamp\/wp-json\/wp\/v2\/types\/post"}],"author":[{"embeddable":true,"href":"https:\/\/serveiseducatius.xtec.cat\/altcamp\/wp-json\/wp\/v2\/users\/1"}],"replies":[{"embeddable":true,"href":"https:\/\/serveiseducatius.xtec.cat\/altcamp\/wp-json\/wp\/v2\/comments?post=19156"}],"version-history":[{"count":3,"href":"https:\/\/serveiseducatius.xtec.cat\/altcamp\/wp-json\/wp\/v2\/posts\/19156\/revisions"}],"predecessor-version":[{"id":19168,"href":"https:\/\/serveiseducatius.xtec.cat\/altcamp\/wp-json\/wp\/v2\/posts\/19156\/revisions\/19168"}],"wp:featuredmedia":[{"embeddable":true,"href":"https:\/\/serveiseducatius.xtec.cat\/altcamp\/wp-json\/wp\/v2\/media\/19163"}],"wp:attachment":[{"href":"https:\/\/serveiseducatius.xtec.cat\/altcamp\/wp-json\/wp\/v2\/media?parent=19156"}],"wp:term":[{"taxonomy":"category","embeddable":true,"href":"https:\/\/serveiseducatius.xtec.cat\/altcamp\/wp-json\/wp\/v2\/categories?post=19156"},{"taxonomy":"post_tag","embeddable":true,"href":"https:\/\/serveiseducatius.xtec.cat\/altcamp\/wp-json\/wp\/v2\/tags?post=19156"}],"curies":[{"name":"wp","href":"https:\/\/api.w.org\/{rel}","templated":true}]}}