{"id":19143,"date":"2026-04-21T18:21:50","date_gmt":"2026-04-21T16:21:50","guid":{"rendered":"https:\/\/serveiseducatius.xtec.cat\/altcamp\/?p=19143"},"modified":"2026-04-21T18:22:12","modified_gmt":"2026-04-21T16:22:12","slug":"ii-jornada-de-memoria-democratica-al-camp-de-tarragona","status":"publish","type":"post","link":"https:\/\/serveiseducatius.xtec.cat\/altcamp\/general\/ii-jornada-de-memoria-democratica-al-camp-de-tarragona\/","title":{"rendered":"II JORNADA DE MEM\u00d2RIA DEMOCR\u00c0TICA AL CAMP DE TARRAGONA"},"content":{"rendered":"<p data-start=\"67\" data-end=\"406\">El pr\u00f2xim dissabte 25 d\u2019abril de 2026 tindran lloc les <strong data-start=\"122\" data-end=\"170\">II Jornades de Mem\u00f2ria del Camp de Tarragona<\/strong>, dedicades al tema central <em data-start=\"198\" data-end=\"215\">\u201cMem\u00f2ria i Pau\u201d<\/em>. La trobada se celebrar\u00e0 al <strong data-start=\"244\" data-end=\"295\">Col\u00b7legi Cardenal Vidal i Barraquer de Cambrils<\/strong>, un espai singular amb un gran valor patrimonial i memorialista que es podr\u00e0 descobrir al llarg de la jornada.<\/p>\n<p data-start=\"408\" data-end=\"735\">Aquesta iniciativa, organitzada pel <strong data-start=\"444\" data-end=\"508\">Centre de Recursos Pedag\u00f2gics del Baix Camp i del Tarragon\u00e8s<\/strong>, s\u2019adre\u00e7a al professorat de tots els nivells educatius (Prim\u00e0ria, Secund\u00e0ria i Universitat) i t\u00e9 com a objectiu oferir un espai de reflexi\u00f3 i intercanvi al voltant de la <strong data-start=\"679\" data-end=\"734\">Mem\u00f2ria Democr\u00e0tica i la<a href=\"https:\/\/serveiseducatius.xtec.cat\/altcamp\/wp-content\/uploads\/usu1130\/2026\/04\/memoria26-Folleto-diptic-Jornada-Memoria-1-1.pdf\">_[mem\u00f2ria&#8217;26] Follet\u00f3 d\u00edptic Jornada Mem\u00f2ria (1) (1)<\/a> <a href=\"https:\/\/serveiseducatius.xtec.cat\/altcamp\/wp-content\/uploads\/usu1130\/2026\/04\/memoria26-Folleto-diptic-Jornada-Memoria-1.pdf\">_[mem\u00f2ria&#8217;26] Follet\u00f3 d\u00edptic Jornada Mem\u00f2ria (1)<\/a> seva pres\u00e8ncia a les aules<\/strong>.<\/p>\n<p data-start=\"737\" data-end=\"991\">Al llarg del mat\u00ed, el programa inclour\u00e0 una <strong data-start=\"781\" data-end=\"806\">confer\u00e8ncia inaugural<\/strong>, una <strong data-start=\"812\" data-end=\"873\">taula de di\u00e0leg amb historiadors, memorialistes i docents<\/strong>, aix\u00ed com la presentaci\u00f3 de diversos materials educatius relacionats amb la cultura de la pau i la mem\u00f2ria hist\u00f2rica.<\/p>\n<p data-start=\"993\" data-end=\"1204\">A la tarda, els participants podran gaudir de <strong data-start=\"1039\" data-end=\"1063\">dues visites guiades<\/strong>: una al mateix espai que acull les jornades i una altra per la ciutat de Cambrils, amb una mirada centrada en la seva dimensi\u00f3 memorialista.<\/p>\n<p data-start=\"1206\" data-end=\"1525\">Amb aquestes jornades es vol contribuir a <strong data-start=\"1248\" data-end=\"1311\">posar en valor la Mem\u00f2ria Democr\u00e0tica del Camp de Tarragona<\/strong> (Alt Camp, Baix Camp, Conca de Barber\u00e0, Priorat i Tarragon\u00e8s), tot refor\u00e7ant el paper de l\u2019educaci\u00f3 com a eina per construir una societat m\u00e9s cr\u00edtica, conscient i compromesa amb la pau en el context del segle XXI.<\/p>\n<p data-start=\"1527\" data-end=\"1694\" data-is-last-node=\"\" data-is-only-node=\"\">\ud83d\udcdd Inscripcions:<br data-start=\"1543\" data-end=\"1546\" \/><a class=\"decorated-link\" href=\"https:\/\/aplicacions.gestioeducativa.gencat.cat\/ords\/pls\/soloas\/pk_for_mod_ins.p_for_detall_activitat?p_codi=7091111709&amp;p_curs=2025-2026&amp;p_es_inscr=S\" target=\"_new\" rel=\"noopener\" data-start=\"1546\" data-end=\"1694\" data-is-last-node=\"\">https:\/\/aplicacions.gestioeducativa.gencat.cat\/ords\/pls\/soloas\/pk_for_mod_ins.p_for_detall_activitat?p_codi=7091111709&amp;p_curs=2025-2026&amp;p_es_inscr=S<\/a><\/p>\n<p data-start=\"1527\" data-end=\"1694\" data-is-last-node=\"\" data-is-only-node=\"\"><a href=\"https:\/\/serveiseducatius.xtec.cat\/altcamp\/wp-content\/uploads\/usu1130\/2026\/04\/memoria26-Folleto-diptic-Jornada-Memoria-1-1.pdf\">_[mem\u00f2ria&#8217;26] Follet\u00f3 d\u00edptic Jornada Mem\u00f2ria (1) (1)<\/a><\/p>\n<p style=\"text-align: center;\" data-start=\"1527\" data-end=\"1694\" data-is-last-node=\"\" data-is-only-node=\"\"><a href=\"https:\/\/serveiseducatius.xtec.cat\/altcamp\/wp-content\/uploads\/usu1130\/2026\/04\/WhatsApp-Image-2026-04-21-at-18.21.11.jpeg\"><img loading=\"lazy\" decoding=\"async\" class=\"alignnone size-full wp-image-19146\" src=\"https:\/\/serveiseducatius.xtec.cat\/altcamp\/wp-content\/uploads\/usu1130\/2026\/04\/WhatsApp-Image-2026-04-21-at-18.21.11.jpeg\" alt=\"\" width=\"307\" height=\"697\" srcset=\"https:\/\/serveiseducatius.xtec.cat\/altcamp\/wp-content\/uploads\/usu1130\/2026\/04\/WhatsApp-Image-2026-04-21-at-18.21.11.jpeg 307w, https:\/\/serveiseducatius.xtec.cat\/altcamp\/wp-content\/uploads\/usu1130\/2026\/04\/WhatsApp-Image-2026-04-21-at-18.21.11-132x300.jpeg 132w\" sizes=\"auto, (max-width: 307px) 100vw, 307px\" \/><\/a><\/p>\n","protected":false},"excerpt":{"rendered":"<p>El pr\u00f2xim dissabte 25 d\u2019abril de 2026 tindran lloc les II Jornades de Mem\u00f2ria del Camp de Tarragona, dedicades al tema central \u201cMem\u00f2ria i Pau\u201d. La trobada se celebrar\u00e0 al Col\u00b7legi Cardenal Vidal i Barraquer de Cambrils, un espai singular amb un gran valor patrimonial i memorialista que es podr\u00e0 descobrir al llarg de la [&hellip;]<\/p>\n","protected":false},"author":1,"featured_media":19146,"comment_status":"closed","ping_status":"open","sticky":false,"template":"","format":"standard","meta":{"_bbp_topic_count":0,"_bbp_reply_count":0,"_bbp_total_topic_count":0,"_bbp_total_reply_count":0,"_bbp_voice_count":0,"_bbp_anonymous_reply_count":0,"_bbp_topic_count_hidden":0,"_bbp_reply_count_hidden":0,"_bbp_forum_subforum_count":0,"site-sidebar-layout":"default","site-content-layout":"","ast-site-content-layout":"default","site-content-style":"default","site-sidebar-style":"default","ast-global-header-display":"","ast-banner-title-visibility":"","ast-main-header-display":"","ast-hfb-above-header-display":"","ast-hfb-below-header-display":"","ast-hfb-mobile-header-display":"","site-post-title":"","ast-breadcrumbs-content":"","ast-featured-img":"","footer-sml-layout":"","theme-transparent-header-meta":"default","adv-header-id-meta":"","stick-header-meta":"","header-above-stick-meta":"","header-main-stick-meta":"","header-below-stick-meta":"","astra-migrate-meta-layouts":"set","ast-page-background-enabled":"default","ast-page-background-meta":{"desktop":{"background-color":"var(--ast-global-color-4)","background-image":"","background-repeat":"repeat","background-position":"center center","background-size":"auto","background-attachment":"scroll","background-type":"","background-media":"","overlay-type":"","overlay-color":"","overlay-opacity":"","overlay-gradient":""},"tablet":{"background-color":"","background-image":"","background-repeat":"repeat","background-position":"center center","background-size":"auto","background-attachment":"scroll","background-type":"","background-media":"","overlay-type":"","overlay-color":"","overlay-opacity":"","overlay-gradient":""},"mobile":{"background-color":"","background-image":"","background-repeat":"repeat","background-position":"center center","background-size":"auto","background-attachment":"scroll","background-type":"","background-media":"","overlay-type":"","overlay-color":"","overlay-opacity":"","overlay-gradient":""}},"ast-content-background-meta":{"desktop":{"background-color":"var(--ast-global-color-5)","background-image":"","background-repeat":"repeat","background-position":"center center","background-size":"auto","background-attachment":"scroll","background-type":"","background-media":"","overlay-type":"","overlay-color":"","overlay-opacity":"","overlay-gradient":""},"tablet":{"background-color":"var(--ast-global-color-5)","background-image":"","background-repeat":"repeat","background-position":"center center","background-size":"auto","background-attachment":"scroll","background-type":"","background-media":"","overlay-type":"","overlay-color":"","overlay-opacity":"","overlay-gradient":""},"mobile":{"background-color":"var(--ast-global-color-5)","background-image":"","background-repeat":"repeat","background-position":"center center","background-size":"auto","background-attachment":"scroll","background-type":"","background-media":"","overlay-type":"","overlay-color":"","overlay-opacity":"","overlay-gradient":""}},"footnotes":""},"categories":[282,1],"tags":[],"class_list":["post-19143","post","type-post","status-publish","format-standard","has-post-thumbnail","hentry","category-actualitat","category-general"],"post_mailing_queue_ids":[],"_links":{"self":[{"href":"https:\/\/serveiseducatius.xtec.cat\/altcamp\/wp-json\/wp\/v2\/posts\/19143","targetHints":{"allow":["GET"]}}],"collection":[{"href":"https:\/\/serveiseducatius.xtec.cat\/altcamp\/wp-json\/wp\/v2\/posts"}],"about":[{"href":"https:\/\/serveiseducatius.xtec.cat\/altcamp\/wp-json\/wp\/v2\/types\/post"}],"author":[{"embeddable":true,"href":"https:\/\/serveiseducatius.xtec.cat\/altcamp\/wp-json\/wp\/v2\/users\/1"}],"replies":[{"embeddable":true,"href":"https:\/\/serveiseducatius.xtec.cat\/altcamp\/wp-json\/wp\/v2\/comments?post=19143"}],"version-history":[{"count":1,"href":"https:\/\/serveiseducatius.xtec.cat\/altcamp\/wp-json\/wp\/v2\/posts\/19143\/revisions"}],"predecessor-version":[{"id":19147,"href":"https:\/\/serveiseducatius.xtec.cat\/altcamp\/wp-json\/wp\/v2\/posts\/19143\/revisions\/19147"}],"wp:featuredmedia":[{"embeddable":true,"href":"https:\/\/serveiseducatius.xtec.cat\/altcamp\/wp-json\/wp\/v2\/media\/19146"}],"wp:attachment":[{"href":"https:\/\/serveiseducatius.xtec.cat\/altcamp\/wp-json\/wp\/v2\/media?parent=19143"}],"wp:term":[{"taxonomy":"category","embeddable":true,"href":"https:\/\/serveiseducatius.xtec.cat\/altcamp\/wp-json\/wp\/v2\/categories?post=19143"},{"taxonomy":"post_tag","embeddable":true,"href":"https:\/\/serveiseducatius.xtec.cat\/altcamp\/wp-json\/wp\/v2\/tags?post=19143"}],"curies":[{"name":"wp","href":"https:\/\/api.w.org\/{rel}","templated":true}]}}